{"id":9969,"date":"2019-10-21T06:10:14","date_gmt":"2019-10-21T08:10:14","guid":{"rendered":"https:\/\/www.nsa.smsm.lt\/old\/?p=9969"},"modified":"2019-10-22T04:53:59","modified_gmt":"2019-10-22T06:53:59","slug":"paroda-mokykla-2019-kviecia-mokytis-su-visais-ir-is-visu","status":"publish","type":"post","link":"https:\/\/www.nsa.smsm.lt\/old\/2019\/10\/21\/paroda-mokykla-2019-kviecia-mokytis-su-visais-ir-is-visu\/","title":{"rendered":"Paroda \u201eMokykla 2019\u201c kvie\u010dia mokytis su visais ir i\u0161 vis\u0173"},"content":{"rendered":"<p><img loading=\"lazy\" decoding=\"async\" class=\"alignleft size-full wp-image-9971\" src=\"https:\/\/www.nsa.smsm.lt\/old\/old\/wp-content\/uploads\/2019\/10\/NSA-Mokykla-be-sienu2019.png\" alt=\"\" width=\"240\" height=\"81\" \/>Kvie\u010diame dalyvauti devintojoje \u0161vietimo inovacij\u0173 parodoje \u201eMokykla 2019\u201c, kuri vyks lapkri\u010dio 22\u201323 d. Lietuvos parod\u0173 ir kongres\u0173 centre \u201eLitexpo\u201c.<\/p>\n<p><strong>\u0160i\u0173 met\u0173 parodos tema \u2013 \u201eMokom\u0117s drauge\u201c.<\/strong> Mokom\u0117s SU VISAIS ir I\u0160 VIS\u0172: neseniai i\u0161 emigracijos gr\u012f\u017eusia kaimyne, jud\u0117jimo negali\u0105 turin\u010diu klas\u0117s draugu, autizmo spektro sutrikim\u0105 turin\u010diu broliu. Tik mokyklos bendruomen\u0117je, grind\u017eiamoje pagarba mokini\u0173 \u012fvairovei, pagalba kiekvienam mokiniui, sudaromos galimyb\u0117s kiekvienam \u012fsitraukti \u012f ugdymo proces\u0105, b\u016bti drauge su bendraam\u017eiais.<\/p>\n<p>Parodoje daug kalb\u0117sime apie ankstyv\u0105j\u012f ugdym\u0105, nes ankstyvame am\u017eiuje dedami tolesnio vaiko asmenyb\u0117s augimo pamatai. Pabandysime i\u0161sigryninti, kokie svarbiausi ankstyvojo vaik\u0173 ugdymo kokyb\u0117s veiksniai, kaip \u012ftraukusis ugdymo turinys kuriamas klas\u0117je, mokyklos bendruomen\u0117je. Tik taip gal\u0117sime pasakyti, kad vaikas turi <strong>laiming\u0105 vaikyst\u0119,<\/strong> o mes, suaugusieji, \u2013 <strong>ugdome atei\u010diai.<\/strong><\/p>\n<p>Pagarba mokini\u0173 \u012fvairovei, pagalba kiekvienam mokiniui ir bendradarbiavimas, tai gal\u0117t\u0173 b\u016bti pagrindin\u0117mis kryptimis kalbant apie mokini\u0173 ugdym\u0105 atei\u010diai.<\/p>\n<p>Parodoje vyks renginiai mokytojams, mokykl\u0173 vadovams, mokiniams ir j\u0173 t\u0117vams. Bus gyvai ir interaktyviai pristatomos ugdymo(si) metodikos, paslaugos \u0161vietimui, demonstruojamos naujausios mokymo(si) priemon\u0117s ir technologijos, aptariami mokyklose realiai veikiantys pavyzd\u017eiai bei s\u0117km\u0117s istorijos.<\/p>\n<p>Daugiau informacijos apie parod\u0105, naujienas ir renginius \u2013 jau netrukus parodos \u201eMokykla\u201c internetin\u0117je svetain\u0117je https:\/\/www.parodamokykla.lt\/ ir \u201e\u0160vietimo naujien\u0173\u201c facebook paskyroje bei Nacionalin\u0117s \u0161vietimo agent\u016bros puslapyje <a href=\"http:\/\/www.nsa.smm.lt\">www.nsa.smm.lt<\/a>.<\/p>\n<p>Biliet\u0173 \u012f parod\u0105 galima \u012fsigyti \u0161iuo adresu <a href=\"https:\/\/kakava.lt\/pirkti-bilietus\/1205\/2863\">https:\/\/kakava.lt\/pirkti-bilietus\/1205\/2863<\/a><\/p>\n<p>Parod\u0105 organizuoja \u0160vietimo, mokslo ir sporto ministerija, Nacionalin\u0117 \u0161vietimo agent\u016bra ir Lietuvos parod\u0173 ir kongres\u0173 centras \u201eLitexpo\u201c.<\/p>\n<p>Nacionalin\u0117s \u0161vietimo agent\u016bros informacija<\/p>\n","protected":false},"excerpt":{"rendered":"<p>Kvie\u010diame dalyvauti devintojoje \u0161vietimo inovacij\u0173 parodoje \u201eMokykla 2019\u201c, kuri vyks lapkri\u010dio 22\u201323 d. Lietuvos parod\u0173 ir kongres\u0173 centre \u201eLitexpo\u201c. \u0160i\u0173 met\u0173 parodos tema \u2013 \u201eMokom\u0117s drauge\u201c. Mokom\u0117s SU VISAIS ir I\u0160 VIS\u0172: neseniai i\u0161 emigracijos gr\u012f\u017eusia kaimyne, jud\u0117jimo negali\u0105 turin\u010diu&nbsp;<a href=\"https:\/\/www.nsa.smsm.lt\/old\/2019\/10\/21\/paroda-mokykla-2019-kviecia-mokytis-su-visais-ir-is-visu\/\" class=\"placiau\">Pla\u010diau <i class=\"fa fa-caret-right\"><\/i><\/a><\/p>\n","protected":false},"author":1,"featured_media":0,"comment_status":"open","ping_status":"open","sticky":false,"template":"","format":"standard","meta":{"_acf_changed":false,"footnotes":""},"categories":[1],"tags":[],"class_list":["post-9969","post","type-post","status-publish","format-standard","hentry","category-nacionalines-svietimo-agenturos-naujienos"],"acf":[],"_links":{"self":[{"href":"https:\/\/www.nsa.smsm.lt\/old\/wp-json\/wp\/v2\/posts\/9969","targetHints":{"allow":["GET"]}}],"collection":[{"href":"https:\/\/www.nsa.smsm.lt\/old\/wp-json\/wp\/v2\/posts"}],"about":[{"href":"https:\/\/www.nsa.smsm.lt\/old\/wp-json\/wp\/v2\/types\/post"}],"author":[{"embeddable":true,"href":"https:\/\/www.nsa.smsm.lt\/old\/wp-json\/wp\/v2\/users\/1"}],"replies":[{"embeddable":true,"href":"https:\/\/www.nsa.smsm.lt\/old\/wp-json\/wp\/v2\/comments?post=9969"}],"version-history":[{"count":0,"href":"https:\/\/www.nsa.smsm.lt\/old\/wp-json\/wp\/v2\/posts\/9969\/revisions"}],"wp:attachment":[{"href":"https:\/\/www.nsa.smsm.lt\/old\/wp-json\/wp\/v2\/media?parent=9969"}],"wp:term":[{"taxonomy":"category","embeddable":true,"href":"https:\/\/www.nsa.smsm.lt\/old\/wp-json\/wp\/v2\/categories?post=9969"},{"taxonomy":"post_tag","embeddable":true,"href":"https:\/\/www.nsa.smsm.lt\/old\/wp-json\/wp\/v2\/tags?post=9969"}],"curies":[{"name":"wp","href":"https:\/\/api.w.org\/{rel}","templated":true}]}}