{"id":44081,"date":"2025-08-26T13:53:18","date_gmt":"2025-08-26T11:53:18","guid":{"rendered":"https:\/\/www.nsa.smsm.lt\/old\/?p=44081"},"modified":"2025-08-27T09:02:36","modified_gmt":"2025-08-27T07:02:36","slug":"pradedama-registracija-i-mokymus-svietimo-istaigu-vadovams","status":"publish","type":"post","link":"https:\/\/www.nsa.smsm.lt\/old\/2025\/08\/26\/pradedama-registracija-i-mokymus-svietimo-istaigu-vadovams\/","title":{"rendered":"Pradedama registracija \u012f mokymus \u0161vietimo \u012fstaig\u0173 vadovams"},"content":{"rendered":"<p><strong>Nacionalin\u0117 \u0161vietimo agent\u016bra, \u012fgyvendindama projekt\u0105 \u201eT\u0119sk: ateik, tobul\u0117k, prisid\u0117k!\u201c,\u00a0 organizuoja kvalifikacijos tobulinimo mokymus, skirtus ikimokyklinio ugdymo ir bendrojo ugdymo mokykl\u0173 vadovams: direktoriams, pavaduotojams ugdymui ir ugdym\u0105 organizuojan\u010di\u0173 skyri\u0173 ved\u0117jams.<\/strong><\/p>\n<p><strong>Ikimokyklinio ugdymo \u012fstaig\u0173 direktori\u0173 pavaduotojai ir skyri\u0173 ved\u0117jai ugdymui<\/strong> kvie\u010diami dalyvauti programoje \u201eIkimokyklinio ugdymo mokykl\u0173 pavaduotoj\u0173 ugdymui ir ugdym\u0105 organizuojan\u010di\u0173 skyri\u0173 ved\u0117j\u0173\u00a0 kompetencij\u0173, b\u016btin\u0173 lyderyst\u0117s ugdymui ir mokymuisi, pl\u0117tojimas\u201c.<\/p>\n<p>Mokym\u0173 metu bus<strong> pl\u0117tojamos <\/strong><strong>lyderyst\u0117s<\/strong> <strong>mokymui ir mokymuisi kompetencijos<\/strong>, \u012fgalinan\u010dios s\u0117kmingai \u012fgyvendinti ikimokyklinio ugdymo programas.<\/p>\n<p>Mokymai apims:<\/p>\n<ul>\n<li>kontaktinius mokymus Vilniuje (16 akad. val., dalyviams i\u0161 kit\u0173 miest\u0173 apmokamos kelion\u0117s ir apgyvendinimo i\u0161laidos),<\/li>\n<\/ul>\n<ul>\n<li>nuotolines sesijas (16 akad. val. MS Teams platformoje),<\/li>\n<\/ul>\n<ul>\n<li>savaranki\u0161k\u0105 darb\u0105 (8 akad. val.) su mentoriaus gr\u012f\u017etamuoju ry\u0161iu.<\/li>\n<\/ul>\n<p>Viet\u0173 skai\u010dius yra ribotas \u2013 suformavus mokym\u0173 grup\u0119, registracija bus u\u017edaryta anks\u010diau.<\/p>\n<p><strong>Mokymai vyks 2025 10 23 \u2013 12 03.\u00a0 <\/strong><\/p>\n<p><a href=\"https:\/\/www.nsa.smsm.lt\/old\/old\/wp-content\/uploads\/2025\/08\/Mokymu-grafikas-1-programa.pdf\" target=\"_blank\" rel=\"noopener\">Planuojamas mokym\u0173 grafikas<\/a>.<\/p>\n<p>Registracija vykdoma iki 2025 09 05 17.00 val.\u00a0<a href=\"https:\/\/forms.office.com\/e\/hdk2pA9i2Z\" target=\"_blank\" rel=\"noopener\">REGISTRUOTIS<\/a><\/p>\n<p>Programa \u201eMokykl\u0173 veiklos kokyb\u0117s \u012fsivertinimas ir rezultat\u0173 panaudojimas planuojant tolimesnes veiklas\u201c skirta \u012fgalinti mokym\u0173 dalyvius vykdyti \u0161vietimo \u012fstaigos \u012fsivertinim\u0105 ir gautus duomenis s\u0117kmingai panaudoti veiklos tobulinimui.<\/p>\n<p><strong>\u00a0<\/strong>Mokym\u0173 metu bus gilinamas supratimas apie \u0161vietimo \u012fstaig\u0173 veiklos kokyb\u0117s \u012fsivertinimo\u00a0samprat\u0105 ir reik\u0161m\u0119, stiprinami geb\u0117jimai organizuoti ir valdyti kokybi\u0161k\u0105 \u0161vietimo \u012fstaig\u0173 veiklos \u012fsivertinimo proces\u0105, analizuoti, interpretuoti ir naudoti \u012fsivertinimo rezultatus veiklos tobulinimui.<\/p>\n<p>Mokymai apims:<\/p>\n<ul>\n<li>kontaktinius mokymus Vilniuje (16 akad. val., dalyviams i\u0161 kit\u0173 miest\u0173 apmokamos kelion\u0117s ir apgyvendinimo i\u0161laidos),<\/li>\n<\/ul>\n<ul>\n<li>nuotolines sesijas (16 akad. val. MS Teams platformoje),<\/li>\n<\/ul>\n<ul>\n<li>savaranki\u0161k\u0105 darb\u0105 (8 akad. val.) su mentoriaus gr\u012f\u017etamuoju ry\u0161iu.<\/li>\n<\/ul>\n<p>Renkamos dvi mokym\u0173 grup\u0117s (<strong>iki 2025 m. rugs\u0117jo 5\u00a0 d., 17.00 val.<\/strong>), dalyvi\u0173 skai\u010dius jose \u2013 itin ribotas, tad registracija gali b\u016bti sustabdyta anks\u010diau.<\/p>\n<p>I grup\u0117 skirta<strong> ikimokyklinio ugdymo mokykl\u0173 direktoriams, pavaduotojams ugdymui ir ugdym\u0105 organizuojan\u010di\u0173 skyri\u0173 ved\u0117jams.\u00a0 <\/strong><\/p>\n<p><strong>Mokymai vyks 2025 10 08 \u2013 12 08.<\/strong><\/p>\n<p><a href=\"https:\/\/forms.office.com\/e\/b6xRAwSAR5\" target=\"_blank\" rel=\"noopener\">REGISTRUOTIS<\/a><\/p>\n<p><a href=\"https:\/\/www.nsa.smsm.lt\/old\/old\/wp-content\/uploads\/2025\/08\/Mokymu-grafikas-2-programa-1GRUPE.pdf\" target=\"_blank\" rel=\"noopener\">Planuojamas mokym\u0173 grafikas<\/a>.<\/p>\n<p>II grup\u0117 skirta<strong> bendrojo ugdymo mokykl\u0173 direktoriams, pavaduotojams ugdymui, ugdym\u0105 organizuojan\u010di\u0173 skyri\u0173 ved\u0117jams. <\/strong><\/p>\n<p><strong>Mokymai vyks 2025 10 08 \u2013 12 09.<\/strong><\/p>\n<p><a href=\"https:\/\/forms.office.com\/e\/hHaUXRxyuq\" target=\"_blank\" rel=\"noopener\">REGISTRUOTIS<\/a><\/p>\n<p><a href=\"https:\/\/www.nsa.smsm.lt\/old\/old\/wp-content\/uploads\/2025\/08\/Mokymu-grafikas-2-programa-2-grupe.pdf\" target=\"_blank\" rel=\"noopener\">Planuojamas mokym\u0173 grafikas<\/a>.<\/p>\n<p>Kontaktai pasiteiravimui: Agn\u0117 Aleksien\u0117, el. p. <a href=\"mailto:agne.aleksiene@nsa.smsm.lt\">agne.aleksiene@nsa.smsm.lt<\/a>.<\/p>\n<p><em>Mokymai\u00a0 dalyviams yra nemokami ir organizuojami \u012fgyvendinant projekt\u0105\u202f\u201eT\u0119sk: ateik, tobul\u0117k, prisid\u0117k!\u201c. Jis vykdomas pagal 2021\u20132030\u202fm. pl\u0117tros programos valdytojos Lietuvos Respublikos \u0161vietimo, mokslo ir sporto ministerijos \u0161vietimo pl\u0117tros programos pa\u017eangos priemon\u0119\u202f \u201ePirmiausia\u202f\u2013 mokytojas\u201c ir yra finansuojamas Europos socialinio fondo + bei\u202f bendrojo finansavimo l\u0117\u0161omis. Daugiau informacijos apie projekt\u0105 rasite\u202f<\/em><a href=\"https:\/\/www.nsa.smsm.lt\/old\/old\/projektai\/ugdymo-projektai\/projektas-tesk-ateik-tobulek-prisidek\/\"><em>\u010dia<\/em><\/a><em>.<\/em><\/p>\n<p>&nbsp;<\/p>\n<p>&nbsp;<\/p>\n<p>&nbsp;<\/p>\n","protected":false},"excerpt":{"rendered":"<p>Nacionalin\u0117 \u0161vietimo agent\u016bra, \u012fgyvendindama projekt\u0105 \u201eT\u0119sk: ateik, tobul\u0117k, prisid\u0117k!\u201c,\u00a0 organizuoja kvalifikacijos tobulinimo mokymus, skirtus ikimokyklinio ugdymo ir bendrojo ugdymo mokykl\u0173 vadovams: direktoriams, pavaduotojams ugdymui ir ugdym\u0105 organizuojan\u010di\u0173 skyri\u0173 ved\u0117jams. Ikimokyklinio ugdymo \u012fstaig\u0173 direktori\u0173 pavaduotojai ir skyri\u0173 ved\u0117jai ugdymui kvie\u010diami dalyvauti&nbsp;<a href=\"https:\/\/www.nsa.smsm.lt\/old\/2025\/08\/26\/pradedama-registracija-i-mokymus-svietimo-istaigu-vadovams\/\" class=\"placiau\">Pla\u010diau <i class=\"fa fa-caret-right\"><\/i><\/a><\/p>\n","protected":false},"author":5,"featured_media":0,"comment_status":"closed","ping_status":"closed","sticky":false,"template":"","format":"standard","meta":{"_acf_changed":false,"footnotes":""},"categories":[1,19,21],"tags":[],"class_list":["post-44081","post","type-post","status-publish","format-standard","hentry","category-nacionalines-svietimo-agenturos-naujienos","category-projektu-naujienos","category-naujienu-archyvas"],"acf":[],"_links":{"self":[{"href":"https:\/\/www.nsa.smsm.lt\/old\/wp-json\/wp\/v2\/posts\/44081","targetHints":{"allow":["GET"]}}],"collection":[{"href":"https:\/\/www.nsa.smsm.lt\/old\/wp-json\/wp\/v2\/posts"}],"about":[{"href":"https:\/\/www.nsa.smsm.lt\/old\/wp-json\/wp\/v2\/types\/post"}],"author":[{"embeddable":true,"href":"https:\/\/www.nsa.smsm.lt\/old\/wp-json\/wp\/v2\/users\/5"}],"replies":[{"embeddable":true,"href":"https:\/\/www.nsa.smsm.lt\/old\/wp-json\/wp\/v2\/comments?post=44081"}],"version-history":[{"count":3,"href":"https:\/\/www.nsa.smsm.lt\/old\/wp-json\/wp\/v2\/posts\/44081\/revisions"}],"predecessor-version":[{"id":44093,"href":"https:\/\/www.nsa.smsm.lt\/old\/wp-json\/wp\/v2\/posts\/44081\/revisions\/44093"}],"wp:attachment":[{"href":"https:\/\/www.nsa.smsm.lt\/old\/wp-json\/wp\/v2\/media?parent=44081"}],"wp:term":[{"taxonomy":"category","embeddable":true,"href":"https:\/\/www.nsa.smsm.lt\/old\/wp-json\/wp\/v2\/categories?post=44081"},{"taxonomy":"post_tag","embeddable":true,"href":"https:\/\/www.nsa.smsm.lt\/old\/wp-json\/wp\/v2\/tags?post=44081"}],"curies":[{"name":"wp","href":"https:\/\/api.w.org\/{rel}","templated":true}]}}