{"id":44043,"date":"2025-08-25T07:01:24","date_gmt":"2025-08-25T05:01:24","guid":{"rendered":"https:\/\/www.nsa.smsm.lt\/old\/?p=44043"},"modified":"2025-08-25T13:00:17","modified_gmt":"2025-08-25T11:00:17","slug":"atviros-registracijos-i-15-kvalifikacijos-tobulinimo-programu-pedagogams","status":"publish","type":"post","link":"https:\/\/www.nsa.smsm.lt\/old\/2025\/08\/25\/atviros-registracijos-i-15-kvalifikacijos-tobulinimo-programu-pedagogams\/","title":{"rendered":"Atviros registracijos \u012f 15 kvalifikacijos tobulinimo program\u0173 pedagogams"},"content":{"rendered":"<p><strong>Nacionalin\u0117 \u0161vietimo agent\u016bra bendradarbiaudama su Vilniaus universitetu, VU \u0160iauli\u0173 akademija ir Vytauto Did\u017eiojo universitetu, \u012fgyvendindama projekt\u0105 \u201ePedagog\u0173 kompetencij\u0173 stiprinimas nacionalin\u0117se kvalifikacijos tobulinimo programose ir magistrant\u016bros studijose\u201c, kvie\u010dia pedagoginius darbuotojus (i\u0161skyrus auk\u0161t\u0173j\u0173 mokykl\u0173) registruotis \u012f 15, naujas registracijas atv\u0117rusi\u0173, nacionalini\u0173 kvalifikacijos tobulinimo program\u0173, kurios vyks 2025\u20132026 mokslo metais.<\/strong><\/p>\n<p>Projektu \u201ePedagog\u0173 kompetencij\u0173 stiprinimas nacionalin\u0117se kvalifikacijos tobulinimo programose ir magistrant\u016bros studijose\u201c siekiama sudaryti galimybes mokytojams, \u0161vietimo pagalbos specialistams bei mokykl\u0173 vadovams gilinti profesines \u017einias, stiprinti dalykines ir didaktines kompetencijas, \u012fgyti nauj\u0173 ugdymo metod\u0173 bei kurti \u012ftrauki\u0105, \u0161iuolaikiniams i\u0161\u0161\u016bkiams atvir\u0105 ugdymo aplink\u0105.<\/p>\n<p><strong>VU Ugdymo instituto si\u016blomos programos:<\/strong><\/p>\n<p><strong>Matematikos mokymas ir mokymasis<\/strong><\/p>\n<p>Programa skirta pradini\u0173, pagrindini\u0173 ir gimnazij\u0173 klasi\u0173 matematikos mokytojams. Dalyviai gilins \u017einias apie matematikos mokymo psichologij\u0105, metodus, tyrimais gr\u012fst\u0105 mokym\u0105, gaus praktini\u0173 rekomendacij\u0173 koordinuojant matematikos mokym\u0105 1\u201312 klas\u0117se. Programos apimtis: 270 akad. val., 2025-10-02 \u2013 2026-03-31.<\/p>\n<p>Registruotis galite iki 2025-08-25 <a href=\"https:\/\/shorturl.at\/Ib3QH\" target=\"_blank\" rel=\"noopener\">\u010dia<\/a>.<br \/>\nKontaktai informacijai: Lina Vinikien\u0117, el. p. <a href=\"mailto:lina.vinikiene@cr.vu.lt\">lina.vinikiene@cr.vu.lt.<\/a><\/p>\n<p><strong>Gyvenimo \u012fg\u016bd\u017ei\u0173 ugdymas<\/strong><\/p>\n<p>Skirta mokytojams, vadovams ir \u0161vietimo pagalbos specialistams, atsakingiems u\u017e gyvenimo \u012fg\u016bd\u017ei\u0173 ugdym\u0105 5\u201310 klas\u0117se. Akcentuojama saugios aplinkos k\u016brimas, socialini\u0173 \u012fg\u016bd\u017ei\u0173 stiprinimas, refleksija bei formuojamasis vertinimas. 270 akad. val. bus i\u0161klausyta 2025-10-06 \u2013 2026-03-31.<\/p>\n<p>Registracija (iki 2025-08-25) bei daugiau informacijos rasite <a href=\"https:\/\/shorturl.at\/y26C3\" target=\"_blank\" rel=\"noopener\">\u010dia<\/a>.<br \/>\nKontaktai: Lina Vinikien\u0117, el.p. <a href=\"mailto:lina.vinikiene@cr.vu.lt\">lina.vinikiene@cr.vu.lt.<\/a><\/p>\n<p><strong>Kalb\u0173 mokymo(si) optimizavimas pasitelkus generatyvin\u012f dirbtin\u012f intelekt\u0105 (GDI)<\/strong><\/p>\n<p>Mokymai skirti u\u017esienio kalb\u0173 mokytojams. Dalyviai mokysis taikyti GDI kalb\u0173 mokyme, aptars etikos klausimus, naujausias tendencijas, kurs praktinius u\u017eduo\u010di\u0173 pavyzd\u017eius. Mokymai vyks 2025-10-20 \u2013 2026-03-13 bei apims 270 akad. val.<\/p>\n<p>Registruotis kvie\u010diame iki 2025-08-25 <a href=\"https:\/\/shorturl.at\/7wo5y\" target=\"_blank\" rel=\"noopener\">\u010dia<\/a>.<br \/>\nKontaktin\u0117 informacija: Lina Vinikien\u0117, el.p. <a href=\"mailto:lina.vinikiene@cr.vu.lt\">lina.vinikiene@cr.vu.lt.<\/a><\/p>\n<p><strong>Biologijos mokymas(is) gyvyb\u0117s moksl\u0173 kontekste<\/strong><\/p>\n<p>Programos dalyviai nagrin\u0117s biochemij\u0105, evoliucij\u0105, biologin\u0119 \u012fvairov\u0119, atliks laboratorinius darbus VU Gyvyb\u0117s moksl\u0173 centro laboratorijoje. Mokymai apims 270 akad. val. ir vyks 2025-10-02 \u2013 2026-03-31.<\/p>\n<p>Registracija (iki 2025-09-15) vyksta <a href=\"https:\/\/shorturl.at\/egs9S\" target=\"_blank\" rel=\"noopener\">\u010dia<\/a>.<br \/>\nKontaktai papildomai informacijai: Simona Vi\u017einien\u0117, el. p. <a href=\"mailto:simona.viziniene@fsf.vu.lt\">simona.viziniene@fsf.vu.lt<\/a> (projekto administravimo klausimais), <a href=\"mailto:BioEduLab@gmc.vu.lt\">BioEduLab@gmc.vu.lt<\/a> (programos, turinio ir pan. klausimais).<\/p>\n<p><strong>Filosofijos ir etikos mokytoj\u0173 dalykini\u0173 ir didaktini\u0173 kompetencij\u0173 tobulinimas<\/strong><\/p>\n<p>Dalyviai susipa\u017eins su filosofijos ir etikos d\u0117stymo metodais, gilinsis \u012f sokrati\u0161k\u0105j\u012f dialog\u0105, interpretacij\u0105, fenomenologij\u0105. Mokym\u0173 apimtis 270 akad. val., 2025-10-08 \u2013 2026-03-13.<\/p>\n<p>Registracij\u0173 lauksime iki 2025-08-25 <a href=\"https:\/\/shorturl.at\/V9mSL\" target=\"_blank\" rel=\"noopener\">\u010dia<\/a>.\u00a0<strong><br \/>\n<\/strong>Kontaktai: Lina Vinikien\u0117, el.p. <a href=\"mailto:lina.vinikiene@cr.vu.lt\">lina.vinikiene@cr.vu.lt.<\/a><\/p>\n<p><strong>Geografijos mokymas(is)<\/strong><\/p>\n<p>Mokym\u0173 tikslas atnaujinti 6\u201312 klasi\u0173 geografijos mokytoj\u0173 dalykines \u017einias, \u012ftraukiant GIS taikym\u0105, ekspedicij\u0105. Preliminari programos trukm\u0117: 2025-10-07 \u2013 2026-03-27, 270 akad. val.<\/p>\n<p>Registruotis galite iki 2025-09-14 <a href=\"https:\/\/www.fsf.vu.lt\/studentams\/pedagogines-studijos-visos\/nacionalines-kvalifikaciju-tobulinimo-programos\/geografijos-mokymas-is\" target=\"_blank\" rel=\"noopener\">\u010dia<\/a>.<br \/>\nI\u0161kilus klausimams kreipkit\u0117s: Simona Vi\u017einien\u0117, el. p. <a href=\"mailto:simona.viziniene@fsf.vu.lt\">simona.viziniene@fsf.vu.lt<\/a> (projekto administravimo klausimais), Dovil\u0117 Krupickait\u0117, el. p. <a href=\"mailto:dovile.krupickaite@gf.vu.lt\">dovile.krupickaite@gf.vu.lt<\/a> (programos, turinio ir pan. klausimais).<\/p>\n<p><strong>Chemijos mokytoj\u0173 dalykini\u0173 ir didaktini\u0173 kompetencij\u0173 tobulinimas<\/strong><\/p>\n<p>Programos metu bus akcentuojami tyrimais gr\u012fsti metodai, laboratoriniai darbai, \u012ftraukiama praktin\u0117s konferencijos dalis. Mokymasis apims 135 akad. val., nuo 2025-10-01 iki 2026-03-27.<\/p>\n<p>Registracija (iki 2025-08-25) rasite <a href=\"https:\/\/www.fsf.vu.lt\/studentams\/pedagogines-studijos-visos\/nacionalines-kvalifikaciju-tobulinimo-programos\/chemijos-mokytoju-dalykiniu-ir-didaktiniu-kompetenciju-tobulinimas\" target=\"_blank\" rel=\"noopener\">\u010dia<\/a>.<br \/>\nVykdan\u010diosios \u012fstaigos kontaktai: Lina Vinikien\u0117, el.p. <a href=\"mailto:lina.vinikiene@cr.vu.lt\">lina.vinikiene@cr.vu.lt<\/a> (projekto administravimo klausimais), Julija Grigorjevait\u0117, el. p. <a href=\"mailto:julija.grigorjevaite@chgf.vu.lt\">julija.grigorjevaite@chgf.vu.lt<\/a> (programos, turinio ir pan. klausimais).<\/p>\n<p><strong>Fizinis ugdymas: jud\u0117jimas ir \u012fk\u016bnytas pa\u017einimas<\/strong><\/p>\n<p>Mokymai jungia judesio moksl\u0105, neuroedukacij\u0105, \u012fk\u016bnyt\u0105 pa\u017einim\u0105, nagrin\u0117ja fizinio ra\u0161tingumo, sveikatos ir kognityvin\u0117s raidos temas. Programos apimtis 270 akad. val., nuo 2025-10-16 iki 2026-03-14.<\/p>\n<p>Registracijos (iki 2025-09-01) form\u0105 bei daugiau informacijos rasite <a href=\"https:\/\/www.fsf.vu.lt\/studentams\/pedagogines-studijos-visos\/nacionalines-kvalifikaciju-tobulinimo-programos\/162-pedagogu-kompetenciju-tobulinimo\/6782-fizinis-ugdymas-judejimas-ir-ikunytas-pazinimas\" target=\"_blank\" rel=\"noopener\">\u010dia<\/a>:<br \/>\nKontaktai: Stanislav Sabaliauskas, el. p. <a href=\"mailto:stanislav.sabaliauskas@mf.vu.lt\">stanislav.sabaliauskas@mf.vu.lt<\/a> (programos, turinio ir pan. klausimais), <a href=\"mailto:simona.viziniene@fsf.vu.lt\">simona.viziniene@fsf.vu.lt<\/a> (projekto administravimo klausimais).<\/p>\n<p><strong>VU \u0160iauli\u0173 akademijos programos: <\/strong><\/p>\n<p><strong>\u012etraukusis meninis ugdymas<\/strong><\/p>\n<p>Per 135 akad. val. bus gilinami \u012ftraukiojo meninio ugdymo principus, mokoma kurti \u012ftrauki\u0105 aplink\u0105, individualizuoti turin\u012f.<\/p>\n<p>Registracija (iki 2025-09-01) ir informacija <a href=\"https:\/\/shorturl.at\/RRIyM\" target=\"_blank\" rel=\"noopener\">\u010dia<\/a>.<\/p>\n<p><strong>Gamtamokslinis ra\u0161tingumas pradiniame ugdyme<\/strong><\/p>\n<p>Visos 135 akad. val. programos metu bus akcentuojamas tyrimais gr\u012fstas mokymas, skaitmenin\u0117s priemon\u0117s, darnaus vystymosi integracija.<\/p>\n<p>Registruotis galite iki 2025-09-01 <a href=\"https:\/\/shorturl.at\/CwjBg\" target=\"_blank\" rel=\"noopener\">\u010dia<\/a>.<\/p>\n<p><strong>Antikorupcin\u0117 aplinka \u0161vietimo \u012fstaigose<\/strong><\/p>\n<p>Programa skirta supa\u017eindinti su antikorupcijos principais, rizik\u0173 valdymu, etikos klausimais. Dalyviai parengs praktinius dokumentus savo \u012fstaigai. Mokymai apims 270 akad. val..<\/p>\n<p>Registruotis gal\u0117site tik iki 2025-09-01 <a href=\"https:\/\/shorturl.at\/WHfjJ\" target=\"_blank\" rel=\"noopener\">\u010dia<\/a>.<\/p>\n<p>I\u0161kilus papildomiems klausimams d\u0117l VU \u0160A atvir\u0173 program\u0173 kreipkit\u0117s \u012f Skaist\u0119 Kovien\u0119: tel. +370 41 393 016; el. p.: <a href=\"mailto:skaiste.kovien@sa.vu.lt\">skaiste.kovien@sa.vu.lt<\/a><\/p>\n<p><strong>VDU \u0160vietimo akademijos pasi\u016blymai: <\/strong><\/p>\n<p><strong>Lietuvi\u0173 kalbos ir literat\u016bros didaktika<\/strong><\/p>\n<p>Lietuvi\u0173 kalbos mokytojams skirta ir 159 akad. val. trunkanti programa sudaryta i\u0161 18 moduli\u0173, apiman\u010di\u0173 kalbos ir literat\u016bros didaktik\u0105. Planuojamas mokym\u0173 laikotarpis yra nuo 2025-09-15 iki 2025-12-19.<\/p>\n<p>Registracijos form\u0105 u\u017epildyti galite iki 2025-09-08 <a href=\"https:\/\/www.epazymejimas.lt\/lt\/participants\/signup\/QP5ufNIVXfe8x7v4BLdTYcfDMVX1rK13502bw3nqcOVNt6eZoN8cSBwru1Vu8YEGN\" target=\"_blank\" rel=\"noopener\">\u010dia<\/a>.<br \/>\nKontaktai: Vilma Leonavi\u010dien\u0117, el. p. <a href=\"mailto:vilma.leonaviciene@vdu.lt\">vilma.leonaviciene@vdu.lt.<\/a><\/p>\n<p><strong>Lietuvi\u0173 kalba ir kult\u016bra dvikalbio ugdymo kontekste\u00a0\u00a0\u00a0\u00a0\u00a0\u00a0\u00a0\u00a0\u00a0\u00a0\u00a0\u00a0\u00a0\u00a0\u00a0\u00a0\u00a0\u00a0\u00a0\u00a0\u00a0\u00a0\u00a0\u00a0 <\/strong><\/p>\n<p>Pedagogai \u0161ioje programoje bus supa\u017eindinami su kalbos ugdymo tarpkult\u016briniame kontekste principais, psicholingvistikos aspektais. Mokymai planuojami nuo spalio m\u0117nesio, apimtis 135 akad. val.<\/p>\n<p>Registruotis galite iki 2025-09-15 <a href=\"https:\/\/www.epazymejimas.lt\/lt\/participants\/signup\/pnJQjrEtc9vfLjRluU4v0he0rzNu3Q15035saJkvSa6S00FyAg5tUl6kYxvYWmYc9\" target=\"_blank\" rel=\"noopener\">\u010dia<\/a>.<br \/>\nKontaktin\u0117 informacija: Povilas Jurgionis, el. p. <a href=\"mailto:povilas.jurgionis@vdu.lt\">povilas.jurgionis@vdu.lt.<\/a><\/p>\n<p><strong>\u012etraukusis ugdymas universalaus dizaino mokymuisi prieigoje<\/strong><\/p>\n<p>Skirta mokytojams, vadovams ir \u0161vietimo pagalbos specialistams. Nuo spalio m\u0117nesio, 270 akad. val. dalyviai nagrin\u0117s \u012ftraukaus ugdymo principus, universalaus dizaino taikym\u0105.<\/p>\n<p>Registracija (iki 2025-09-15) ir daugiau informacijos <a href=\"https:\/\/www.epazymejimas.lt\/lt\/participants\/signup\/sV67N6hLYy1JmsMlIAW2pDUAyeNTKo144218Al7VwQluTKmxnKcsF9g4on9WL6opG\" target=\"_blank\" rel=\"noopener\">\u010dia<\/a>.<br \/>\nKontaktai: Ksenija Banu\u0161evi\u010dien\u0117 (tvarkara\u0161\u010dio klausimais), el. p. <a href=\"mailto:ksenija.banuseviciene@vdu.lt\">ksenija.banuseviciene@vdu.lt<\/a>, Alvyra Galkien\u0117 (programos turinio klausimais), el. p. <a href=\"mailto:alvyra.galkiene@vdu.lt\">alvyra.galkiene@vdu.lt.<\/a><\/p>\n<p><strong>Vadovavimas mokyklai: \u0161vietimo \u012fstaig\u0173 vadov\u0173 profesinio tobul\u0117jimo programa<\/strong><\/p>\n<p>\u0160i programa orientuota \u012f \u0161vietimo \u012fstaig\u0173 vadov\u0173 lyderyst\u0117s, poky\u010di\u0173 valdymo, inovacij\u0173 diegimo kompetencij\u0173 stiprinim\u0105. Planuojama apimtis ir laikotarpis: 270 akad. val., nuo 2025-10-01 iki 2026-03-31.<\/p>\n<p>Registruotis kvie\u010diame iki 2025-09-15 <a href=\"https:\/\/forms.office.com\/pages\/responsepage.aspx?id=iRNwEFtPeEC66iCeOcYhDgNqqEQsBmxFmojidyk60Q5URVRWUVRFSlJMOVlUWDU0UEZVVU1BMDdXWS4u&amp;route=shorturl\" target=\"_blank\" rel=\"noopener\">\u010dia<\/a>.\u00a0<strong><br \/>\n<\/strong>Vykdan\u010diosios \u012fstaigos kontaktai: Danguol\u0119 Bylait\u0117-\u0160alav\u0117jien\u0117, el. p. <a href=\"mailto:danguole.bylaite-salavejiene@vdu.lt\">danguole.bylaite-salavejiene@vdu.lt.<\/a><\/p>\n<p>&nbsp;<\/p>\n<p><em>*Mokymai skirti tik pedagogams (i\u0161skyrus auk\u0161t\u0173j\u0173 mokykl\u0173 darbuotojus), registruotiems Pedagog\u0173 registre ir dirbantiems pedagogin\u012f darb\u0105.<\/em><\/p>\n<p><em>**Mokymuose gali dalyvauti tik tie pedagoginiai darbuotojai, kurie iki \u0161iol n\u0117ra dalyvav\u0119 n\u0117 vienoje projekto \u201ePedagog\u0173 kompetencij\u0173 stiprinimas nacionalin\u0117se kvalifikacijos tobulinimo programose ir magistrant\u016bros studijose\u201c finansuojamoje veikloje (nei bet kurioje nacionalin\u0117je kvalifikacijos tobulinimo programoje, nei magistrant\u016bros studijose).<\/em><\/p>\n<p><em>Nacionalin\u0117s kvalifikacijos tobulinimo programos \u012fgyvendinimas pagal \u0160vietimo pl\u0117tros programos pa\u017eangos priemon\u0119 Nr. 12-003-03-06-01 \u201ePirmiausia \u2013 mokytojas\u201c bus finansuojamas Europos S\u0105jungos ekonomikos gaivinimo ir atsparumo didinimo priemon\u0117s \u201eNextGenerationEU\u201c l\u0117\u0161omis.<\/em><\/p>\n","protected":false},"excerpt":{"rendered":"<p>Nacionalin\u0117 \u0161vietimo agent\u016bra bendradarbiaudama su Vilniaus universitetu, VU \u0160iauli\u0173 akademija ir Vytauto Did\u017eiojo universitetu, \u012fgyvendindama projekt\u0105 \u201ePedagog\u0173 kompetencij\u0173 stiprinimas nacionalin\u0117se kvalifikacijos tobulinimo programose ir magistrant\u016bros studijose\u201c, kvie\u010dia pedagoginius darbuotojus (i\u0161skyrus auk\u0161t\u0173j\u0173 mokykl\u0173) registruotis \u012f 15, naujas registracijas atv\u0117rusi\u0173, nacionalini\u0173 kvalifikacijos&nbsp;<a href=\"https:\/\/www.nsa.smsm.lt\/old\/2025\/08\/25\/atviros-registracijos-i-15-kvalifikacijos-tobulinimo-programu-pedagogams\/\" class=\"placiau\">Pla\u010diau <i class=\"fa fa-caret-right\"><\/i><\/a><\/p>\n","protected":false},"author":1,"featured_media":0,"comment_status":"closed","ping_status":"closed","sticky":false,"template":"","format":"standard","meta":{"_acf_changed":false,"footnotes":""},"categories":[1,19,21],"tags":[],"class_list":["post-44043","post","type-post","status-publish","format-standard","hentry","category-nacionalines-svietimo-agenturos-naujienos","category-projektu-naujienos","category-naujienu-archyvas"],"acf":[],"_links":{"self":[{"href":"https:\/\/www.nsa.smsm.lt\/old\/wp-json\/wp\/v2\/posts\/44043","targetHints":{"allow":["GET"]}}],"collection":[{"href":"https:\/\/www.nsa.smsm.lt\/old\/wp-json\/wp\/v2\/posts"}],"about":[{"href":"https:\/\/www.nsa.smsm.lt\/old\/wp-json\/wp\/v2\/types\/post"}],"author":[{"embeddable":true,"href":"https:\/\/www.nsa.smsm.lt\/old\/wp-json\/wp\/v2\/users\/1"}],"replies":[{"embeddable":true,"href":"https:\/\/www.nsa.smsm.lt\/old\/wp-json\/wp\/v2\/comments?post=44043"}],"version-history":[{"count":8,"href":"https:\/\/www.nsa.smsm.lt\/old\/wp-json\/wp\/v2\/posts\/44043\/revisions"}],"predecessor-version":[{"id":44062,"href":"https:\/\/www.nsa.smsm.lt\/old\/wp-json\/wp\/v2\/posts\/44043\/revisions\/44062"}],"wp:attachment":[{"href":"https:\/\/www.nsa.smsm.lt\/old\/wp-json\/wp\/v2\/media?parent=44043"}],"wp:term":[{"taxonomy":"category","embeddable":true,"href":"https:\/\/www.nsa.smsm.lt\/old\/wp-json\/wp\/v2\/categories?post=44043"},{"taxonomy":"post_tag","embeddable":true,"href":"https:\/\/www.nsa.smsm.lt\/old\/wp-json\/wp\/v2\/tags?post=44043"}],"curies":[{"name":"wp","href":"https:\/\/api.w.org\/{rel}","templated":true}]}}