{"id":44023,"date":"2025-08-19T00:07:57","date_gmt":"2025-08-18T22:07:57","guid":{"rendered":"https:\/\/www.nsa.smsm.lt\/old\/?p=44023"},"modified":"2025-08-19T00:07:57","modified_gmt":"2025-08-18T22:07:57","slug":"nemokami-kvalifikacijos-tobulinimo-mokymai-ikimokyklinio-ugdymo-mokyklu-direktoriams-ir-bendrojo-ugdymo-mokyklu-direktoriu-pavaduotojams-ugdymui","status":"publish","type":"post","link":"https:\/\/www.nsa.smsm.lt\/old\/2025\/08\/19\/nemokami-kvalifikacijos-tobulinimo-mokymai-ikimokyklinio-ugdymo-mokyklu-direktoriams-ir-bendrojo-ugdymo-mokyklu-direktoriu-pavaduotojams-ugdymui\/","title":{"rendered":"Nemokami kvalifikacijos tobulinimo mokymai ikimokyklinio ugdymo mokykl\u0173 direktoriams ir bendrojo ugdymo mokykl\u0173 direktori\u0173 pavaduotojams ugdymui"},"content":{"rendered":"<p>Nacionalin\u0117 \u0161vietimo agent\u016bra, \u012fgyvendindama projekt\u0105 \u201eT\u0119sk: ateik, tobul\u0117k, prisid\u0117k!\u201c,\u00a0 organizuoja kvalifikacijos tobulinimo mokymus, skirtus ikimokyklinio ugdymo mokykl\u0173 direktoriams ir bendrojo ugdymo mokykl\u0173 direktori\u0173 pavaduotojams ugdymui.<\/p>\n<p><strong>Ikimokyklinio ugdymo \u012fstaig\u0173 direktoriai<\/strong> kvie\u010diami registruotis \u012f 60 akademini\u0173 valand\u0173 profesinio meistri\u0161kumo program\u0105 <strong>\u201eIkimokyklinio ugdymo mokykl\u0173 vadov\u0173 kompetencij\u0173 stiprinimas\u201c.<\/strong><\/p>\n<p>Mokymai apims:<\/p>\n<ul>\n<li>kontaktinius mokymus Vilniuje (24 akad. val., dalyviams i\u0161 kit\u0173 miest\u0173 apmokamos kelion\u0117s ir apgyvendinimo i\u0161laidos),<\/li>\n<li>nuotolines sesijas (24 akad. val. MS Teams platformoje),<\/li>\n<li>savaranki\u0161k\u0105 darb\u0105 (12 akad. val.) su mentoriaus gr\u012f\u017etamuoju ry\u0161iu.<\/li>\n<\/ul>\n<p>Renkamos dvi grup\u0117s, viet\u0173 skai\u010dius jose yra ribotas \u2013 suformavus mokym\u0173 grup\u0119, registracija bus u\u017edaryta anks\u010diau.<\/p>\n<p><strong>I grup\u0117. 2025 09 15 \u2013 2025 11 17, <\/strong>registracija iki 2025 08 31 17.00 val.\u00a0\u00a0<a href=\"https:\/\/forms.office.com\/e\/htMWJ0YtJU\">REGISTRUOTIS<\/a><\/p>\n<p><strong>II grup\u0117. 2025 10 09 \u2013 2025 12 02, <\/strong>registracija iki 2025 08 31 17.00 val.\u00a0\u00a0<a href=\"https:\/\/forms.office.com\/pages\/responsepage.aspx?id=umfGY12K0EKXrRF1yOGwErfKcaa7_41Mn0UMaR3BnpdUMkpBMVJaMDA0NDlWSDlIT1lDS1ZLNDU4VS4u&amp;route=shorturl\">REGISTRUOTIS<\/a><\/p>\n<p><a href=\"https:\/\/www.nsa.smsm.lt\/old\/old\/wp-content\/uploads\/2025\/08\/Mokymu-grafikai-1-programa.pdf\" target=\"_blank\" rel=\"noopener\">Planuojamas mokym\u0173 grafikas<\/a><\/p>\n<p><strong>Bendrojo ugdymo mokykl\u0173 pavaduotojai <\/strong>kvie\u010diami registruotis \u012f 40 akademini\u0173 valand\u0173 mokym\u0173 program\u0105 <strong>\u201eBendrojo ugdymo mokykl\u0173 direktori\u0173 pavaduotoj\u0173 ugdymui profesinio meistri\u0161kumo stiprinimas\u201c.<\/strong><\/p>\n<p>Mokymai apims:<\/p>\n<ul>\n<li>kontaktinius mokymus Vilniuje (16 akad. val., dalyviams i\u0161 kit\u0173 miest\u0173 apmokamos kelion\u0117s ir apgyvendinimo i\u0161laidos),<\/li>\n<li>nuotolines sesijas (16 akad. val. MS Teams platformoje),<\/li>\n<li>savaranki\u0161k\u0105 darb\u0105 (8 akad. val.) su mentoriaus gr\u012f\u017etamuoju ry\u0161iu.<\/li>\n<\/ul>\n<p>Renkamos dvi mokym\u0173 grup\u0117s (<strong>iki 2025 m. rugpj\u016b\u010dio 31 d., 17.00 val.<\/strong>), dalyvi\u0173 skai\u010dius jose \u2013 itin ribotas, tad registracija gali b\u016bti sustabdyta anks\u010diau.<\/p>\n<p><strong>I grup\u0117. 2025 09 29 \u2013 2025 12 12\u00a0<\/strong><a href=\"https:\/\/forms.office.com\/e\/t7SPk9dj1D\">REGISTRUOTIS<\/a><\/p>\n<p><strong>II grup\u0117. 2025 09 30 \u2013 2025 12 10<\/strong>\u00a0\u00a0<a href=\"https:\/\/forms.office.com\/e\/EynBJ9yCaR\">REGISTRUOTIS\u00a0<\/a><\/p>\n<p><a href=\"https:\/\/www.nsa.smsm.lt\/old\/old\/wp-content\/uploads\/2025\/08\/Mokymu-grafikai-2-programa.pdf\" target=\"_blank\" rel=\"noopener\">Planuojamas mokym\u0173 grafikas<\/a><\/p>\n<p><strong>Kontaktai pasiteiravimui:<\/strong> Agn\u0117 Aleksien\u0117, el. p.\u00a0 <a href=\"mailto:agne.aleksiene@nsa.smsm.lt\">agne.aleksiene@nsa.smsm.lt<\/a><\/p>\n<p><strong>Dalyvavimo mokym\u0173 programose nauda<\/strong><\/p>\n<p>Ikimokyklinio ugdymo mokykl\u0173 direktoriai stiprins vadovavimo \u0161vietimo \u012fstaigai kompetencijas, \u012fgalinan\u010dias kurti \u0161vietimo \u012fstaigos ateit\u012f, formuoti komand\u0105, valdyti \u0161vietimo \u012fstaigos gyvenim\u0105. Pavaduotojai ugdymui pl\u0117tos savo, kaip bendrojo ugdymo \u012fstaigos direktoriaus\u00a0 pavaduotojo ugdymui,\u00a0 vaidmens suvokim\u0105 ir s\u0117kming\u0105 vadovavim\u0105 vykdant mokykl\u0173 ugdymo turinio planavim\u0105, vidin\u0119 ir i\u0161orin\u0119 komunikacij\u0105.<\/p>\n<p>Abi mokym\u0173 tikslin\u0117s grup\u0117s pl\u0117tos asmenin\u012f meistri\u0161kum\u0105, leid\u017eiant\u012f strategi\u0161kai m\u0105styti, savaranki\u0161kai\u00a0 ir k\u016brybingai veikti, spr\u0119sti kylan\u010dias problemas.<\/p>\n<p><em>Mokymai\u00a0 dalyviams yra nemokami ir organizuojami \u012fgyvendinant projekt\u0105\u202f\u201eT\u0119sk: ateik, tobul\u0117k, prisid\u0117k!\u201c. Jis vykdomas pagal 2021\u20132030\u202fm. pl\u0117tros programos valdytojos Lietuvos Respublikos \u0161vietimo, mokslo ir sporto ministerijos \u0161vietimo pl\u0117tros programos pa\u017eangos priemon\u0119\u202f \u201ePirmiausia\u202f\u2013 mokytojas\u201c ir yra finansuojamas Europos socialinio fondo + bei\u202fEuropos S\u0105jungos bendrojo finansavimo l\u0117\u0161omis. Daugiau informacijos apie projekt\u0105 rasite\u202f<\/em><a href=\"https:\/\/www.nsa.smsm.lt\/old\/old\/projektai\/ugdymo-projektai\/projektas-tesk-ateik-tobulek-prisidek\/\"><em>\u010dia<\/em><\/a><em>.<\/em><\/p>\n","protected":false},"excerpt":{"rendered":"<p>Nacionalin\u0117 \u0161vietimo agent\u016bra, \u012fgyvendindama projekt\u0105 \u201eT\u0119sk: ateik, tobul\u0117k, prisid\u0117k!\u201c,\u00a0 organizuoja kvalifikacijos tobulinimo mokymus, skirtus ikimokyklinio ugdymo mokykl\u0173 direktoriams ir bendrojo ugdymo mokykl\u0173 direktori\u0173 pavaduotojams ugdymui. Ikimokyklinio ugdymo \u012fstaig\u0173 direktoriai kvie\u010diami registruotis \u012f 60 akademini\u0173 valand\u0173 profesinio meistri\u0161kumo program\u0105 \u201eIkimokyklinio ugdymo&nbsp;<a href=\"https:\/\/www.nsa.smsm.lt\/old\/2025\/08\/19\/nemokami-kvalifikacijos-tobulinimo-mokymai-ikimokyklinio-ugdymo-mokyklu-direktoriams-ir-bendrojo-ugdymo-mokyklu-direktoriu-pavaduotojams-ugdymui\/\" class=\"placiau\">Pla\u010diau <i class=\"fa fa-caret-right\"><\/i><\/a><\/p>\n","protected":false},"author":1,"featured_media":0,"comment_status":"closed","ping_status":"closed","sticky":false,"template":"","format":"standard","meta":{"_acf_changed":false,"footnotes":""},"categories":[1,19,21],"tags":[],"class_list":["post-44023","post","type-post","status-publish","format-standard","hentry","category-nacionalines-svietimo-agenturos-naujienos","category-projektu-naujienos","category-naujienu-archyvas"],"acf":[],"_links":{"self":[{"href":"https:\/\/www.nsa.smsm.lt\/old\/wp-json\/wp\/v2\/posts\/44023","targetHints":{"allow":["GET"]}}],"collection":[{"href":"https:\/\/www.nsa.smsm.lt\/old\/wp-json\/wp\/v2\/posts"}],"about":[{"href":"https:\/\/www.nsa.smsm.lt\/old\/wp-json\/wp\/v2\/types\/post"}],"author":[{"embeddable":true,"href":"https:\/\/www.nsa.smsm.lt\/old\/wp-json\/wp\/v2\/users\/1"}],"replies":[{"embeddable":true,"href":"https:\/\/www.nsa.smsm.lt\/old\/wp-json\/wp\/v2\/comments?post=44023"}],"version-history":[{"count":1,"href":"https:\/\/www.nsa.smsm.lt\/old\/wp-json\/wp\/v2\/posts\/44023\/revisions"}],"predecessor-version":[{"id":44026,"href":"https:\/\/www.nsa.smsm.lt\/old\/wp-json\/wp\/v2\/posts\/44023\/revisions\/44026"}],"wp:attachment":[{"href":"https:\/\/www.nsa.smsm.lt\/old\/wp-json\/wp\/v2\/media?parent=44023"}],"wp:term":[{"taxonomy":"category","embeddable":true,"href":"https:\/\/www.nsa.smsm.lt\/old\/wp-json\/wp\/v2\/categories?post=44023"},{"taxonomy":"post_tag","embeddable":true,"href":"https:\/\/www.nsa.smsm.lt\/old\/wp-json\/wp\/v2\/tags?post=44023"}],"curies":[{"name":"wp","href":"https:\/\/api.w.org\/{rel}","templated":true}]}}