{"id":44020,"date":"2025-08-18T23:50:13","date_gmt":"2025-08-18T21:50:13","guid":{"rendered":"https:\/\/www.nsa.smsm.lt\/old\/?p=44020"},"modified":"2025-08-26T10:48:44","modified_gmt":"2025-08-26T08:48:44","slug":"svietimo-istaigu-vadovams-nemokamos-konsultacijos-universalaus-dizaino-mokymuisi-prieigos-taikymo-klausimais","status":"publish","type":"post","link":"https:\/\/www.nsa.smsm.lt\/old\/2025\/08\/18\/svietimo-istaigu-vadovams-nemokamos-konsultacijos-universalaus-dizaino-mokymuisi-prieigos-taikymo-klausimais\/","title":{"rendered":"\u0160vietimo \u012fstaig\u0173 vadovams \u2013 nemokamos konsultacijos universalaus dizaino mokymuisi prieigos taikymo klausimais"},"content":{"rendered":"<p>Nacionalin\u0117 \u0161vietimo agent\u016bra kvie\u010dia \u0161vietimo \u012fstaig\u0173 (i\u0161skyrus auk\u0161t\u0105sias mokyklas) vadovus registruotis \u012f nuotolines konsultacijas.<\/p>\n<p>Konsultacijomis siekiama stiprinti\u00a0j\u0173 UDM prieigos taikymo ugdymo procese kompetencijas.<\/p>\n<p>Konsultacij\u0173 metu bus aptariami\u00a0<strong>konsultacijose dalyvaujan\u010di\u0173 vadov\u0173 pateikti klausimai, analizuojamos konkre\u010dios situacijos<\/strong>\u00a0bei ie\u0161komi \u0161i\u0173 situacij\u0173 sprendimai.<\/p>\n<p><strong>Rugs\u0117jo 16 d., 29 d. ir spalio 2 d.<\/strong> vyks nuotolin\u0117s konsultacijos tema\u00a0<strong>\u201eUniversalaus dizaino mokymuisi prieigos taikymas ugdymo procese (ugdymo tiksl\u0173, metod\u0173, priemoni\u0173, mokini\u0173 pasiekim\u0173 vertinimo b\u016bd\u0173 taikymas)\u201c, <\/strong>skirtos<strong> \u0161vietimo \u012fstaig\u0173 (i\u0161skyrus auk\u0161t\u0105sias mokyklas) vadovams<\/strong><strong>.<\/strong><\/p>\n<p><strong>Spalio 7 d. <\/strong>vyks nuotolin\u0117 konsultacija tema\u00a0<strong>\u201eUniversalaus dizaino mokymuisi prieigos taikymas ugdymo procese (ugdymo tiksl\u0173, metod\u0173, priemoni\u0173, mokini\u0173 pasiekim\u0173 vertinimo b\u016bd\u0173 taikymas) ikimokykliniame ir prie\u0161mokykliniame ugdyme\u201c, <\/strong>skirta<strong> ikimokyklinio ir prie\u0161mokyklinio ugdymo \u012fstaig\u0173 vadovams<\/strong><strong>.<\/strong><\/p>\n<p><strong>\u00a0<\/strong>Konsultuos lektor\u0117\u00a0<strong>Renata Dudzinskien\u0117<\/strong>,\u00a0\u0161vietimo ir \u012ftraukiojo ugdymo eksperte\u0307, turinti 30 m. pedagoginio praktinio darbo patirti\u0328: specialiojo pedagogo bendrojo ugdymo mokykloje, ikimokyklinio ugdymo \u012fstaigoje, vaiku\u0328 reabilitacijos centre; VDU nacionalin\u0117s \u012ftraukiojo ugdymo programos lektor\u0117; tarptautinio projekto (ES \u0161alys) mokym\u0173 vedimo ir metodinio turinio vadov\u0117; mokykl\u0173 veiklos kokyb\u0117s i\u0161or\u0117s vertintoja.<\/p>\n<p><strong>2025 08 22 pasiekus maksimal\u0173 dalyvi\u0173 skai\u010di\u0173, registracija \u012f konsultacijas sustabdyta.<\/strong><\/p>\n<p><strong>Registracija \u012f 2025 m. rugs\u0117jo 16 d. (antradienis)\u00a0<\/strong>konsultacij\u0105 vyksta\u00a0<a href=\"https:\/\/forms.office.com\/e\/cSVmfF2n61\"><em>\u010dia<\/em>\u00a0<\/a> iki rugs\u0117jo 11 d. 17\u202fval. (arba iki kol bus suformuota grup\u0117).<\/p>\n<p><strong>Registracija \u012f 2025 m. rugs\u0117jo 29 d. (pirmadienis)\u00a0<\/strong>konsultacij\u0105 vyksta\u00a0<a href=\"https:\/\/forms.office.com\/e\/enByJp8XXp\"><em>\u010dia<\/em>\u00a0<\/a> iki rugs\u0117jo 24 d. 17\u202fval. (arba iki kol bus suformuota grup\u0117).<\/p>\n<p><strong>Registracija \u012f 2025 m. spalio 2 d. (ketvirtadienis)\u00a0<\/strong>konsultacij\u0105 vyksta\u00a0<a href=\"https:\/\/forms.office.com\/e\/3f07nhnB9N\"><em>\u010dia<\/em>\u00a0<\/a> iki rugs\u0117jo 26 d. 17\u202fval. (arba iki kol bus suformuota grup\u0117).<\/p>\n<p><strong>Registracija \u012f 2025 m. spalio 7 d. (antradienis) <\/strong>konsultacij\u0105 <u>ikimokyklinio ugdymo \u012fstaig\u0173 vadovams<\/u><strong>\u00a0<\/strong>vyksta\u00a0<a href=\"https:\/\/forms.office.com\/e\/6pWdJn1Bda\"><em>\u010dia<\/em>\u00a0<\/a> iki spalio 2 d. 17\u202fval. (arba iki kol bus suformuota grup\u0117).<\/p>\n<p>Pirmenyb\u0117 teikiama pirm\u0105 kart\u0105 \u012f konsultacijas u\u017esiregistravusiems vadovams.<\/p>\n<p><strong>Konsultacij\u0173 tikslin\u0117 grup\u0117 \u2013 pedagoginiai darbuotojai<\/strong>.<\/p>\n<p><strong>Konsultacij\u0173 dalyvi\u0173 skai\u010dius \u2013 5 asmenys.<\/strong>\u00a0U\u017esiregistravusiems dalyviams bus atsi\u0173sta renginio prisijungimo nuoroda j\u0173 nurodytu elektroniniu pa\u0161tu, likus kelioms dienoms iki konsultacijos.<\/p>\n<p>Konsultacijos vyks nuo 12.00 iki 15.20 val. (trukm\u0117 \u2013 4 akademin\u0117s valandos).<\/p>\n<p>Daugiau informacijos apie konsultacijas teikia\u00a0Rasmut\u0117 Elena Nork\u016bnien\u0117, tel. +370\u202f658\u202f18\u202f342, el.\u202fp.\u00a0<a href=\"mailto:Rasmute-Elena.Norkuniene@nsa.smm.lt\">Rasmute-Elena.Norkuniene@nsa.smm.lt<\/a>.<\/p>\n<p>&nbsp;<\/p>\n<p><em>Konsultacijos dalyviams yra nemokamos ir organizuojamos \u012fgyvendinant projekt\u0105\u00a0\u201eT\u0119sk: ateik, tobul\u0117k, prisid\u0117k!\u201c Jis vykdomas pagal 2021\u20132030\u202fm. pl\u0117tros programos valdytojos Lietuvos Respublikos \u0161vietimo, mokslo ir sporto ministerijos \u0161vietimo pl\u0117tros programos pa\u017eangos priemon\u0119\u00a0 \u201ePirmiausia\u202f\u2013 mokytojas\u201c ir yra finansuojamas Europos socialinio fondo + bei\u00a0Europos S\u0105jungos bendrojo finansavimo l\u0117\u0161omis.\u00a0<\/em><\/p>\n<p><em>Daugiau informacijos apie projekt\u0105 rasite\u00a0<\/em><a href=\"https:\/\/www.nsa.smm.lt\/projektai\/ugdymo-projektai\/projektas-tesk-ateik-tobulek-prisidek\/\"><em>\u010dia<\/em><\/a><em>.\u00a0<\/em><\/p>\n","protected":false},"excerpt":{"rendered":"<p>Nacionalin\u0117 \u0161vietimo agent\u016bra kvie\u010dia \u0161vietimo \u012fstaig\u0173 (i\u0161skyrus auk\u0161t\u0105sias mokyklas) vadovus registruotis \u012f nuotolines konsultacijas. Konsultacijomis siekiama stiprinti\u00a0j\u0173 UDM prieigos taikymo ugdymo procese kompetencijas. Konsultacij\u0173 metu bus aptariami\u00a0konsultacijose dalyvaujan\u010di\u0173 vadov\u0173 pateikti klausimai, analizuojamos konkre\u010dios situacijos\u00a0bei ie\u0161komi \u0161i\u0173 situacij\u0173 sprendimai. Rugs\u0117jo 16&nbsp;<a href=\"https:\/\/www.nsa.smsm.lt\/old\/2025\/08\/18\/svietimo-istaigu-vadovams-nemokamos-konsultacijos-universalaus-dizaino-mokymuisi-prieigos-taikymo-klausimais\/\" class=\"placiau\">Pla\u010diau <i class=\"fa fa-caret-right\"><\/i><\/a><\/p>\n","protected":false},"author":1,"featured_media":0,"comment_status":"closed","ping_status":"closed","sticky":false,"template":"","format":"standard","meta":{"_acf_changed":false,"footnotes":""},"categories":[1,19,21],"tags":[],"class_list":["post-44020","post","type-post","status-publish","format-standard","hentry","category-nacionalines-svietimo-agenturos-naujienos","category-projektu-naujienos","category-naujienu-archyvas"],"acf":[],"_links":{"self":[{"href":"https:\/\/www.nsa.smsm.lt\/old\/wp-json\/wp\/v2\/posts\/44020","targetHints":{"allow":["GET"]}}],"collection":[{"href":"https:\/\/www.nsa.smsm.lt\/old\/wp-json\/wp\/v2\/posts"}],"about":[{"href":"https:\/\/www.nsa.smsm.lt\/old\/wp-json\/wp\/v2\/types\/post"}],"author":[{"embeddable":true,"href":"https:\/\/www.nsa.smsm.lt\/old\/wp-json\/wp\/v2\/users\/1"}],"replies":[{"embeddable":true,"href":"https:\/\/www.nsa.smsm.lt\/old\/wp-json\/wp\/v2\/comments?post=44020"}],"version-history":[{"count":4,"href":"https:\/\/www.nsa.smsm.lt\/old\/wp-json\/wp\/v2\/posts\/44020\/revisions"}],"predecessor-version":[{"id":44080,"href":"https:\/\/www.nsa.smsm.lt\/old\/wp-json\/wp\/v2\/posts\/44020\/revisions\/44080"}],"wp:attachment":[{"href":"https:\/\/www.nsa.smsm.lt\/old\/wp-json\/wp\/v2\/media?parent=44020"}],"wp:term":[{"taxonomy":"category","embeddable":true,"href":"https:\/\/www.nsa.smsm.lt\/old\/wp-json\/wp\/v2\/categories?post=44020"},{"taxonomy":"post_tag","embeddable":true,"href":"https:\/\/www.nsa.smsm.lt\/old\/wp-json\/wp\/v2\/tags?post=44020"}],"curies":[{"name":"wp","href":"https:\/\/api.w.org\/{rel}","templated":true}]}}