{"id":43949,"date":"2025-07-25T14:41:55","date_gmt":"2025-07-25T12:41:55","guid":{"rendered":"https:\/\/www.nsa.smsm.lt\/old\/?p=43949"},"modified":"2025-08-05T13:00:06","modified_gmt":"2025-08-05T11:00:06","slug":"prasideda-registracija-i-nacionalines-kvalifikacijos-tobulinimo-programas","status":"publish","type":"post","link":"https:\/\/www.nsa.smsm.lt\/old\/2025\/07\/25\/prasideda-registracija-i-nacionalines-kvalifikacijos-tobulinimo-programas\/","title":{"rendered":"Prasideda registracija \u012f nacionalines kvalifikacijos tobulinimo programas"},"content":{"rendered":"<p><strong>Iki rugpj\u016b\u010dio pabaigos pedagogams atverta registracija \u012f 2025\u20132026 mokslo met\u0173 nacionalines kvalifikacijos tobulinimo programas, kurias si\u016blo Vilniaus universitetas kartu su Nacionaline \u0161vietimo agent\u016bra \u012fgyvendinant projekt\u0105 \u201ePedagog\u0173 kompetencij\u0173 stiprinimas nacionalin\u0117se kvalifikacijos tobulinimo programose ir magistrant\u016bros studijose\u201c.<\/strong><\/p>\n<p><strong>Fizinis ugdymas: jud\u0117jimas ir \u012fk\u016bnytas pa\u017einimas<\/strong><\/p>\n<p>\u0160i tarpdisciplinin\u0117 programa orientuota \u012f \u0161iuolaikin\u012f po\u017ei\u016br\u012f \u012f fizin\u012f ugdym\u0105: remiasi fizinio ra\u0161tingumo, judesio mokslo, neuroedukacijos, \u012fk\u016bnyto pa\u017einimo ir nelinijin\u0117s pedagogikos principais. Dalyviai mokysis taikyti ugdymo metodus, stiprinan\u010dius mokini\u0173 fizin\u0119, emocin\u0119 bei kognityvin\u0119 raid\u0105 per jud\u0117jim\u0105. Programa vykdoma bendradarbiaujant su Lietuvos ir u\u017esienio partneriais: V\u0161\u012e MOVI LT, Heidelbergo pedagogine mokykla, Lietuvos osteopatijos institutu. Apimtis: 270 akad. val. Vyks 2025 m. spalio 16 d. \u2013 2026 m. kovo 14 d. <strong>Registracija iki <\/strong><strong>2025 met<\/strong><strong>\u0173 rugs\u0117jo 1 d.<\/strong>: <a href=\"https:\/\/forms.office.com\/e\/J8ygQsTh70\" target=\"_blank\" rel=\"noopener\">https:\/\/forms.office.com\/e\/J8ygQsTh70<\/a><\/p>\n<p><strong>Chemijos mokytoj\u0173 dalykini\u0173 ir didaktini\u0173 kompetencij\u0173 tobulinimas<\/strong><\/p>\n<p>Programa orientuota \u012f atnaujint\u0105 chemijos bendr\u0105j\u0105 program\u0105 ir tyrimais gr\u012fst\u0105 mokym\u0105(si), laboratorini\u0173 darb\u0173 integravim\u0105, diferencijavim\u0105 bei darb\u0105 su auk\u0161tesni\u0173j\u0173 geb\u0117jim\u0173 mokiniais. U\u017esi\u0117mimai apima ne tik teorij\u0105, bet ir praktines veiklas, kuri\u0173 metu bus tobulinami \u012fg\u016bd\u017eiai kurti universaliu dizainu grind\u017eiam\u0105 pamokos turin\u012f, organizuoti eksperimentus, bendradarbiauti su socialiniais partneriais. Apimtis: 270 akad. val. Vyks 2025 m. spalio 1 d. \u2013 2026 m. kovo 27 d. <strong>Registracija iki 2025 m. rugpj\u016b\u010dio 25 d.<\/strong>: <a href=\"https:\/\/forms.office.com\/e\/i4PpUY7cdM\" target=\"_blank\" rel=\"noopener\">https:\/\/forms.office.com\/e\/i4PpUY7cdM<\/a><\/p>\n<p><strong>Matematikos mokymas ir mokymasis<\/strong><\/p>\n<p>Skirta pradini\u0173, pagrindini\u0173 ir vidurini\u0173 mokykl\u0173 matematikos mokytojams. Programa stiprina geb\u0117jim\u0105 mokyti matematikos remiantis matematiniu samprotavimu ir moksliniais tyrimais. D\u0117stomi moduliai apima \u0161iuolaikin\u0119 didaktik\u0105, mokymosi psichologij\u0105, diferencijavim\u0105, praktini\u0173 u\u017eduo\u010di\u0173 k\u016brim\u0105, refleksij\u0105 ir vertinim\u0105. Praktika \u2013 svarbi programos dalis \u2013 bus vykdoma mokytoj\u0173 darboviet\u0117se bendradarbiaujant su socialiniais partneriais. Apimtis: 270 akad. val. (170 kontaktini\u0173, 100 savaranki\u0161ko darbo). Vyks 2025 m. spalio 2 d. \u2013 2026 m. kovo 31 d. <strong>Registracija iki 2025 m. rugpj\u016b\u010dio 25 d.<\/strong>:<a href=\"https:\/\/forms.office.com\/e\/xKeuNtWEbA\" target=\"_blank\" rel=\"noopener\"> https:\/\/forms.office.com\/e\/xKeuNtWEbA<\/a><\/p>\n<p><strong>Kalb\u0173 mokymo(si) optimizavimas pasitelkus generatyvin\u012f dirbtin\u012f intelekt\u0105 (GDI)<\/strong><\/p>\n<p>Skirta lietuvi\u0173, pranc\u016bz\u0173, vokie\u010di\u0173, lenk\u0173 ir kit\u0173 kalb\u0173 mokytojams. Programa supa\u017eindina su generatyvinio dirbtinio intelekto galimyb\u0117mis, j\u0173 taikymo etika ir metodais ugdymo procese. U\u017esi\u0117mimai apima bendras teorines paskaitas, kalbos grup\u0117ms pritaikytas praktikas, refleksijas, gerosios patirties sklaid\u0105 ir savaranki\u0161k\u0105 praktik\u0105. Dalyviams, studijuojantiems VU, gali b\u016bti \u012fskaityti dalykai pagal universiteto studij\u0173 tvark\u0105. Apimtis: 270 akad. val. Vyks 2025 m. spalio 20 d. \u2013 2026 m. kovo 13 d. <strong>Registracija iki <\/strong><strong>2025 m. <\/strong><strong>rugpj\u016b\u010dio 25 d.<\/strong>: <a href=\"https:\/\/forms.office.com\/e\/b1XTcHnFzq\" target=\"_blank\" rel=\"noopener\">https:\/\/forms.office.com\/e\/b1XTcHnFzq<\/a><\/p>\n<p><strong>Filosofijos ir etikos mokytoj\u0173 dalykini\u0173 ir didaktini\u0173 kompetencij\u0173 tobulinimas<\/strong><\/p>\n<p>Skirta mokytojams, dirbantiems ar siekiantiems dirbti pagal filosofijos ir etikos bendr\u0105sias programas. Programa si\u016blo metodin\u012f pagrind\u0105, apimant\u012f vertybi\u0173 ugdym\u0105, filosofinio argumentavimo, diskusij\u0173 ir teksto interpretavimo geb\u0117jim\u0173 pl\u0117tojim\u0105. Ji remiasi UNESCO filosofijos ugdymo paradigmomis: problem\u0173 sprendimo, demokratinio dialogo ir etinio pasirinkimo. Dalyviai kurs ir i\u0161bandys metodus, pritaikytus \u0161iuolaikin\u0117s mokyklos kontekstui. Apimtis: 270 akad. val. Vyks 2025 m. spalio 8 d. \u2013 2026 m. kovo 13 d. <strong>Registracija iki 2025 m. rugpj\u016b\u010dio 25 d.<\/strong>: <a href=\"https:\/\/forms.office.com\/e\/KfwTbYkdEN\" target=\"_blank\" rel=\"noopener\">https:\/\/forms.office.com\/e\/KfwTbYkdEN<\/a><\/p>\n<p>Visos programos vykdomos nemokamai, mi\u0161riu arba nuotoliniu b\u016bdu. Jose derinamos teorin\u0117s paskaitos, praktiniai u\u017esi\u0117mimai, savaranki\u0161kas darbas ir refleksija. Dalis program\u0173 \u012ftraukia individualiai atliekam\u0105 praktik\u0105 mokytojo darboviet\u0117je, o baigus mokymus i\u0161duodama akademin\u0117 pa\u017eyma bei pa\u017eym\u0117jimas apie \u012fgytas kompetencijas.<\/p>\n<p>Programos skirtos tik pedagogams (i\u0161skyrus auk\u0161t\u0173j\u0173 mokykl\u0173 darbuotojus), registruotiems Pedagog\u0173 registre ir dirbantiems pedagogin\u012f darb\u0105. \u012e kiekvien\u0105 program\u0105 priimami tik tie dalyviai, kurie iki \u0161iol n\u0117ra dalyvav\u0119 \u0161io projekto finansuojamose veiklose (nei nacionalin\u0117se kvalifikacijos tobulinimo programose, nei magistrant\u016bros studijose).<\/p>\n<p><strong>Daugiau informacijos<\/strong><\/p>\n<div class=\"x_elementToProof\" data-olk-copy-source=\"MessageBody\">\u00b7 Dr. Stanislav Sabaliauskas \u2013 fizinio ugdymo programos turinys &#8211; <a href=\"mailto:stanislav.sabaliauskas@mf.vu.lt\">stanislav.sabaliauskas@mf.vu.lt<\/a><\/div>\n<div class=\"x_elementToProof\"><\/div>\n<div class=\"x_elementToProof\">\u00b7 Simona Vi\u017einien\u0117 \u2013 fizinio ugdymo programos administravimas &#8211; <a href=\"mailto:simona.viziniene@fsf.vu.lt\">simona.viziniene@fsf.vu.lt<\/a><\/div>\n<div class=\"x_elementToProof\"><\/div>\n<div>\u00b7 Lina Vinikien\u0117 \u2013 chemijos, kalb\u0173, matematikos, filosofijos ir etikos programos &#8211; <a href=\"mailto:lina.vinikiene@cr.vu.lt\">lina.vinikiene@cr.vu.lt<\/a><\/div>\n<div><\/div>\n<div>\u00b7 Julija Grigorjevait\u0117 \u2013 chemijos programos turinys &#8211; <a href=\"mailto:julija.grigorjevaite@chgf.vu.lt\">julija.grigorjevaite@chgf.vu.lt<\/a><\/div>\n<p>&nbsp;<\/p>\n<p><em>Nacionalin\u0117s kvalifikacijos tobulinimo programos \u012fgyvendinimas pagal \u0160vietimo pl\u0117tros programos pa\u017eangos priemon\u0119 Nr. 12-003-03-06-01 \u201ePirmiausia \u2013 mokytojas\u201c bus finansuojamas Europos S\u0105jungos ekonomikos gaivinimo ir atsparumo didinimo priemon\u0117s \u201eNextGenerationEU\u201c l\u0117\u0161omis.<\/em><\/p>\n","protected":false},"excerpt":{"rendered":"<p>Iki rugpj\u016b\u010dio pabaigos pedagogams atverta registracija \u012f 2025\u20132026 mokslo met\u0173 nacionalines kvalifikacijos tobulinimo programas, kurias si\u016blo Vilniaus universitetas kartu su Nacionaline \u0161vietimo agent\u016bra \u012fgyvendinant projekt\u0105 \u201ePedagog\u0173 kompetencij\u0173 stiprinimas nacionalin\u0117se kvalifikacijos tobulinimo programose ir magistrant\u016bros studijose\u201c. Fizinis ugdymas: jud\u0117jimas ir \u012fk\u016bnytas&nbsp;<a href=\"https:\/\/www.nsa.smsm.lt\/old\/2025\/07\/25\/prasideda-registracija-i-nacionalines-kvalifikacijos-tobulinimo-programas\/\" class=\"placiau\">Pla\u010diau <i class=\"fa fa-caret-right\"><\/i><\/a><\/p>\n","protected":false},"author":5,"featured_media":0,"comment_status":"closed","ping_status":"closed","sticky":false,"template":"","format":"standard","meta":{"_acf_changed":false,"footnotes":""},"categories":[1,19,18,21],"tags":[],"class_list":["post-43949","post","type-post","status-publish","format-standard","hentry","category-nacionalines-svietimo-agenturos-naujienos","category-projektu-naujienos","category-mokymai","category-naujienu-archyvas"],"acf":[],"_links":{"self":[{"href":"https:\/\/www.nsa.smsm.lt\/old\/wp-json\/wp\/v2\/posts\/43949","targetHints":{"allow":["GET"]}}],"collection":[{"href":"https:\/\/www.nsa.smsm.lt\/old\/wp-json\/wp\/v2\/posts"}],"about":[{"href":"https:\/\/www.nsa.smsm.lt\/old\/wp-json\/wp\/v2\/types\/post"}],"author":[{"embeddable":true,"href":"https:\/\/www.nsa.smsm.lt\/old\/wp-json\/wp\/v2\/users\/5"}],"replies":[{"embeddable":true,"href":"https:\/\/www.nsa.smsm.lt\/old\/wp-json\/wp\/v2\/comments?post=43949"}],"version-history":[{"count":5,"href":"https:\/\/www.nsa.smsm.lt\/old\/wp-json\/wp\/v2\/posts\/43949\/revisions"}],"predecessor-version":[{"id":43995,"href":"https:\/\/www.nsa.smsm.lt\/old\/wp-json\/wp\/v2\/posts\/43949\/revisions\/43995"}],"wp:attachment":[{"href":"https:\/\/www.nsa.smsm.lt\/old\/wp-json\/wp\/v2\/media?parent=43949"}],"wp:term":[{"taxonomy":"category","embeddable":true,"href":"https:\/\/www.nsa.smsm.lt\/old\/wp-json\/wp\/v2\/categories?post=43949"},{"taxonomy":"post_tag","embeddable":true,"href":"https:\/\/www.nsa.smsm.lt\/old\/wp-json\/wp\/v2\/tags?post=43949"}],"curies":[{"name":"wp","href":"https:\/\/api.w.org\/{rel}","templated":true}]}}