{"id":43712,"date":"2025-07-03T20:49:18","date_gmt":"2025-07-03T18:49:18","guid":{"rendered":"https:\/\/www.nsa.smsm.lt\/old\/?p=43712"},"modified":"2025-07-03T20:49:18","modified_gmt":"2025-07-03T18:49:18","slug":"atverk-profesinio-augimo-duris-vdu-kviecia-pedagogus-i-nacionalines-kvalifikacijos-tobulinimo-programas","status":"publish","type":"post","link":"https:\/\/www.nsa.smsm.lt\/old\/2025\/07\/03\/atverk-profesinio-augimo-duris-vdu-kviecia-pedagogus-i-nacionalines-kvalifikacijos-tobulinimo-programas\/","title":{"rendered":"Atverk profesinio augimo duris: VDU kvie\u010dia pedagogus \u012f nacionalines kvalifikacijos tobulinimo programas"},"content":{"rendered":"<p>Pedagogai kvie\u010diami registruotis \u012f naujus projekto \u201ePedagog\u0173 kompetencij\u0173 stiprinimas nacionalin\u0117se kvalifikacijos tobulinimo programose ir magistrant\u016bros studijose\u201c nacionalini\u0173 kvalifikacijos tobulinimo program\u0173 srautus, kuriuos \u012fgyvendina Vytauto Did\u017eiojo universitetas glaud\u017eiai bendradarbiaudamas su Nacionaline \u0161vietimo agent\u016bra. Naujieji mokym\u0173 ciklai prasid\u0117s 2025 m. rugs\u0117jo ir spalio m\u0117nesiais.<\/p>\n<p>Programos skirtos bendrojo ugdymo mokykl\u0173 mokytojams, ugdymo \u012fstaig\u0173 vadovams bei \u0161vietimo pagalbos specialistams, turintiems pedagogo kvalifikacij\u0105*. Program\u0173 tikslas \u2013 stiprinti profesines kompetencijas, reikalingas s\u0117kmingam atnaujinto ugdymo turinio \u012fgyvendinimui ir kokybi\u0161kai pedagoginei praktikai.<\/p>\n<p>Visos programos \u012fgyvendinamos mi\u0161riuoju b\u016bdu, derinant teorines paskaitas, praktinius u\u017esi\u0117mimus ir savaranki\u0161k\u0105 veikl\u0105, o tvarkara\u0161\u010diai pritaikyti prie mokytoj\u0173 darbo ritm\u0173. Dalyviai, s\u0117kmingai baig\u0119 mokymus, gaus akademin\u0119 pa\u017eym\u0105 ir pa\u017eym\u0117jim\u0105, patvirtinant\u012f \u012fgytas kompetencijas.<\/p>\n<p><strong>Gyvenimo \u012fg\u016bd\u017ei\u0173 mokomojo dalyko \u012fgyvendinimas pagrindiniame ugdyme<\/strong><\/p>\n<p>Programa skirta mokytojams, d\u0117stantiems ar planuojantiems d\u0117styti mokom\u0105j\u012f dalyk\u0105 \u201eGyvenimo \u012fg\u016bd\u017eiai\u201c 5\u201310 klas\u0117se. Dalyviai \u012fgis geb\u0117jim\u0173 nuosekliai planuoti ugdymo turin\u012f, taikyti dialogo, refleksijos ir kitus aktyvaus mokymo(si) metodus, kurti saugi\u0105, \u012ftrauki\u0105 ir mokini\u0173 emocin\u0119 gerov\u0119 puosel\u0117jan\u010di\u0105 aplink\u0105. Programos <strong>apimtis siekia<\/strong> 270 akademini\u0173 valand\u0173, o mokym\u0173 prad\u017eia planuojama 2025 m. spalio m\u0117n. 1 d.<br \/>\n<strong>Registracij\u0105 bei daugiau informacijos rasite \u0161iuo adresu<\/strong>: <a href=\"https:\/\/shorturl.at\/qwNxV\">https:\/\/shorturl.at\/qwNxV<\/a><br \/>\nRegistruotis galite iki rugs\u0117jo 15 d.<\/p>\n<p><strong>Matematinio m\u0105stymo ugdymas: teorin\u0117s \u012f\u017evalgos ir j\u0173 praktinis \u012fgyvendinimas mokykloje<\/strong><\/p>\n<p>Programa orientuota \u012f matematinio m\u0105stymo \u2013 loginio, kritinio ir k\u016brybinio \u2013 ugdym\u0105. Dalyviai bus kvie\u010diami kurti kontekstines, atviras u\u017eduotis, aptarti \u0161iuolaikinius didaktikos metodus ir stiprinti savo geb\u0117jim\u0105 reflektuoti bei vertinti mokini\u0173 pa\u017eang\u0105. \u0160i programa apima 270 akademini\u0173 valand\u0173 (5-7 m\u0117nesiai) ir mokymus prad\u0117ti ruo\u0161iasi 2025 m. rugs\u0117jo 9 d.<br \/>\n<strong>Registracij\u0105 bei daugiau informacijos rasite \u0161iuo adresu<\/strong>: <a href=\"https:\/\/shorturl.at\/DvtIF?fbclid=IwZXh0bgNhZW0CMTAAYnJpZBEwa296MmFzOTg0VXd2OUNGMAEead_95jLhXi22pVlY7_exYjE1IMQVSQ4fujOE1ppm6uFJzX0WDGvgUrCbUR8_aem_X2rjpdiqm_OI6HPaFCS4iA\">https:\/\/shorturl.at\/DvtIF<\/a><br \/>\nRegistruotis galite iki rugs\u0117jo 5 d.<\/p>\n<p><strong>Vadovavimas mokyklai: \u0161vietimo \u012fstaig\u0173 vadov\u0173 profesinio tobul\u0117jimo programa<\/strong><\/p>\n<p>Programa skirta bendrojo ugdymo mokykl\u0173 vadovams, j\u0173 pavaduotojams bei \u0161vietimo lyderiams. Joje siekiama gilinti strateginio valdymo, \u0161vietimo lyderyst\u0117s, ugdymo plano k\u016brimo ir poky\u010di\u0173 valdymo geb\u0117jimus. D\u0117mesys skiriamas vadovo vaidmeniui kuriant mokyklos kult\u016br\u0105, gr\u012fst\u0105 \u012ftraukumu ir bendruomen\u0117s \u012fgalinimu. Planuojama mokym\u0173 apimtis: 270 akademini\u0173 valand\u0173, mokym\u0173 prad\u017eia spalio 1 d.<br \/>\n<strong>Registracija:<\/strong> <a href=\"https:\/\/shorturl.at\/xaFez\">https:\/\/shorturl.at\/xaFez<\/a><br \/>\nRegistracija vykdoma iki 2025 m. rugs\u0117jo 15 d.<br \/>\n<strong>Daugiau informacijos:<\/strong> <a href=\"https:\/\/shorturl.at\/t8btW\">https:\/\/shorturl.at\/t8btW<\/a><\/p>\n<p><strong>Lietuvi\u0173 kalbos ir literat\u016bros didaktika<\/strong><\/p>\n<p>Programa skirta lietuvi\u0173 kalbos ir literat\u016bros mokytojams, siekiantiems atnaujinti ir pagilinti dalykines ir metodines \u017einias. D\u0117mesys skiriamas \u0161iuolaikiniams skaitymo, ra\u0161ymo, kalb\u0117jimo ir vertinimo metodams, orientuotiems \u012f mokini\u0173 kritin\u012f ir k\u016brybin\u012f m\u0105stym\u0105. Programa parengta bendradarbiaujant su Lietuvi\u0173 kalbos institutu, o jos planuojama trukm\u0117: 159 akademini\u0173 valand\u0173, nuo 2025 m. rugs\u0117jo 15 d. iki 2025 m. gruod\u017eio 18 d.<br \/>\n<strong>Registracija ir daugiau informacijos<\/strong>: <a href=\"https:\/\/shorturl.at\/F0RlH\">https:\/\/shorturl.at\/F0RlH<\/a><br \/>\nRegistracija vykdoma iki 2025 m. rugs\u0117jo 8 d.<\/p>\n<p>Kontaktai pasiteirauti:<\/p>\n<ul>\n<li>Vilma Leonavi\u010dien\u0117 <a href=\"mailto:vilma.leonaviciene@vdu.lt\">leonaviciene@vdu.lt<\/a> \u2013 \u201eLietuvi\u0173 kalbos ir literat\u016bros didaktikos\u201c<\/li>\n<li>dr. Sigit\u0105 Urbonien\u0117 <a href=\"mailto:sigita.urboniene@vdu.lt\">sigita.urboniene@vdu.lt<\/a> \u2013 \u201eMatematinio m\u0105stymo ugdymas: teorin\u0117s \u012f\u017evalgos ir j\u0173 praktinis \u012fgyvendinimas mokykloje\u201c<\/li>\n<li>Antanas Stan\u010dius <a href=\"mailto:antanas.stancius@vdu.lt\">stancius@vdu.lt<\/a> \u2013 \u201eGyvenimo \u012fg\u016bd\u017ei\u0173 mokomojo dalyko \u012fgyvendinimas pagrindiniame ugdyme\u201c<\/li>\n<li>Danguol\u0117 Bylait\u0117-\u0160alav\u0117jien\u0117 <a href=\"mailto:danguole.bylaite-salavejiene@vdu.lt\">bylaite-salavejiene@vdu.lt<\/a> \u2013 \u201eVadovavimas mokyklai \u2013 \u0161vietimo \u012fstaig\u0173 vadov\u0173 ir vadovi\u0173 profesinio tobul\u0117jimo programa\u201c<\/li>\n<\/ul>\n<p>Informacija apie kitas esamas ir b\u016bsimas nacionalines programas: <a href=\"https:\/\/shorturl.at\/9uWi0\">https:\/\/shorturl.at\/9uWi0<\/a>, Nacionalin\u0117s \u0161vietimo agent\u016bros naujienose ir \u201eFacebook\u201c paskyroje.<\/p>\n<p>*Mokymai skirti tik pedagogams (i\u0161skyrus auk\u0161t\u0173j\u0173 mokykl\u0173 darbuotojus), registruotiems Pedagog\u0173 registre ir dirbantiems pedagogin\u012f darb\u0105.<\/p>\n<p>**Mokymuose gali dalyvauti tik tie pedagoginiai darbuotojai, kurie iki \u0161iol n\u0117ra dalyvav\u0119 n\u0117 vienoje projekto \u201ePedagog\u0173 kompetencij\u0173 stiprinimas nacionalin\u0117se kvalifikacijos tobulinimo programose ir magistrant\u016bros studijose\u201c finansuojamoje veikloje (nei bet kurioje nacionalin\u0117je kvalifikacijos tobulinimo programoje, nei magistrant\u016bros studijose).<\/p>\n<p>&nbsp;<\/p>\n<p><em>Nacionalin\u0117s kvalifikacijos tobulinimo programos \u012fgyvendinimas pagal \u0160vietimo pl\u0117tros programos pa\u017eangos priemon\u0119 Nr.\u00a012-003-03-06-01 \u201ePirmiausia \u2013 mokytojas\u201c bus finansuojamas Europos S\u0105jungos ekonomikos gaivinimo ir atsparumo didinimo priemon\u0117s \u201eNextGenerationEU\u201c l\u0117\u0161omis.<\/em><\/p>\n","protected":false},"excerpt":{"rendered":"<p>Pedagogai kvie\u010diami registruotis \u012f naujus projekto \u201ePedagog\u0173 kompetencij\u0173 stiprinimas nacionalin\u0117se kvalifikacijos tobulinimo programose ir magistrant\u016bros studijose\u201c nacionalini\u0173 kvalifikacijos tobulinimo program\u0173 srautus, kuriuos \u012fgyvendina Vytauto Did\u017eiojo universitetas glaud\u017eiai bendradarbiaudamas su Nacionaline \u0161vietimo agent\u016bra. Naujieji mokym\u0173 ciklai prasid\u0117s 2025 m. rugs\u0117jo ir&nbsp;<a href=\"https:\/\/www.nsa.smsm.lt\/old\/2025\/07\/03\/atverk-profesinio-augimo-duris-vdu-kviecia-pedagogus-i-nacionalines-kvalifikacijos-tobulinimo-programas\/\" class=\"placiau\">Pla\u010diau <i class=\"fa fa-caret-right\"><\/i><\/a><\/p>\n","protected":false},"author":1,"featured_media":0,"comment_status":"closed","ping_status":"closed","sticky":false,"template":"","format":"standard","meta":{"_acf_changed":false,"footnotes":""},"categories":[1,21],"tags":[],"class_list":["post-43712","post","type-post","status-publish","format-standard","hentry","category-nacionalines-svietimo-agenturos-naujienos","category-naujienu-archyvas"],"acf":[],"_links":{"self":[{"href":"https:\/\/www.nsa.smsm.lt\/old\/wp-json\/wp\/v2\/posts\/43712","targetHints":{"allow":["GET"]}}],"collection":[{"href":"https:\/\/www.nsa.smsm.lt\/old\/wp-json\/wp\/v2\/posts"}],"about":[{"href":"https:\/\/www.nsa.smsm.lt\/old\/wp-json\/wp\/v2\/types\/post"}],"author":[{"embeddable":true,"href":"https:\/\/www.nsa.smsm.lt\/old\/wp-json\/wp\/v2\/users\/1"}],"replies":[{"embeddable":true,"href":"https:\/\/www.nsa.smsm.lt\/old\/wp-json\/wp\/v2\/comments?post=43712"}],"version-history":[{"count":1,"href":"https:\/\/www.nsa.smsm.lt\/old\/wp-json\/wp\/v2\/posts\/43712\/revisions"}],"predecessor-version":[{"id":43713,"href":"https:\/\/www.nsa.smsm.lt\/old\/wp-json\/wp\/v2\/posts\/43712\/revisions\/43713"}],"wp:attachment":[{"href":"https:\/\/www.nsa.smsm.lt\/old\/wp-json\/wp\/v2\/media?parent=43712"}],"wp:term":[{"taxonomy":"category","embeddable":true,"href":"https:\/\/www.nsa.smsm.lt\/old\/wp-json\/wp\/v2\/categories?post=43712"},{"taxonomy":"post_tag","embeddable":true,"href":"https:\/\/www.nsa.smsm.lt\/old\/wp-json\/wp\/v2\/tags?post=43712"}],"curies":[{"name":"wp","href":"https:\/\/api.w.org\/{rel}","templated":true}]}}