{"id":43210,"date":"2025-06-03T14:23:23","date_gmt":"2025-06-03T12:23:23","guid":{"rendered":"https:\/\/www.nsa.smsm.lt\/old\/?p=43210"},"modified":"2025-06-03T14:23:23","modified_gmt":"2025-06-03T12:23:23","slug":"itraukiojo-ugdymo-kompetenciju-pletojimas-nacionalineje-pedagogu-kvalifikacijos-tobulinimo-programoje","status":"publish","type":"post","link":"https:\/\/www.nsa.smsm.lt\/old\/2025\/06\/03\/itraukiojo-ugdymo-kompetenciju-pletojimas-nacionalineje-pedagogu-kvalifikacijos-tobulinimo-programoje\/","title":{"rendered":"\u012etraukiojo ugdymo kompetencij\u0173 pl\u0117tojimas nacionalin\u0117je pedagog\u0173 kvalifikacijos tobulinimo programoje"},"content":{"rendered":"<p><strong>Pedagogai kvie\u010diami registruotis \u012f nauj\u0105 projekto \u201ePedagog\u0173 kompetencij\u0173 stiprinimas nacionalin\u0117se kvalifikacijos tobulinimo programose ir magistrant\u016bros studijose\u201c nacionalin\u0117s kvalifikacijos tobulinimo programos sraut\u0105 \u201e\u012etraukusis ugdymas universalaus dizaino mokymuisi prieigoje\u201c, vykdom\u0105 Vytauto Did\u017eiojo universiteto. Naujas mokym\u0173 ciklas prasid\u0117s jau 2025\u00a0m. spalio m\u0117nes\u012f.<\/strong><\/p>\n<p>Programa skirta bendrojo ugdymo mokykl\u0173 vadovams, pavaduotojams, mokytojams, \u0161vietimo pagalbos specialistams, turintiems pedagogo kvalifikacij\u0105*.<\/p>\n<p>Kvalifikacijos tobulinimo programos tikslas \u2013 pl\u0117toti \u012ftraukiojo ugdymo kompetencijas. Programos turinys yra suderintas su magistro studij\u0173 programos \u201e\u012etraukusis ugdymas: socioedukacin\u0117s industrijos\u201c turiniu. \u0160i\u0105 nacionalin\u0119 kvalifikacijos tobulinimo program\u0105 sudaro 4 moduliai ir 10 juos \u012fgyvendinan\u010di\u0173 tem\u0173.<\/p>\n<p>Bendra programos apimtis \u2013 270 akademini\u0173 valand\u0173, \u012fgyvendinama mi\u0161riuoju b\u016bdu. Teorin\u0117s paskaitos ir diskusijos su dalyviais vykdomos nuotoliniu b\u016bdu, o pratybos organizuojamos kontaktiniu b\u016bdu. Savaranki\u0161ko darbo u\u017eduotis dalyviai vykdo individualiai studijuodami mokymosi med\u017eiag\u0105 ir atlikdami paskirtas u\u017eduotis savo mokyklose.<\/p>\n<p>Programos trukm\u0117 \u2013 5\u20136 m\u0117nesiai, ta\u010diau, atkreipiant d\u0117mes\u012f \u012f mokytoj\u0173 darbo specifik\u0105 ir patogum\u0105, tvarkara\u0161\u010diai pritaikyti prie ugdymo proceso organizavimo bendrojo ugdymo mokyklose. Programos dalyviai, s\u0117kmingai baig\u0119 mokymus, gaus akademin\u0119 pa\u017eym\u0105 apie studijuotus dalykus ir pa\u017eym\u0117jim\u0105, patvirtinant\u012f patobulintas kompetencijas.<\/p>\n<p>Registracija vykdoma internetu nuo 2025 m. gegu\u017e\u0117s 28 d. iki rugs\u0117jo 15 d. Dalyviai, atrinkti \u012f program\u0105, bus informuoti elektroniniu pa\u0161tu. Registracijos nuoroda: <a href=\"https:\/\/bit.ly\/4k48MtT\" target=\"_blank\" rel=\"noopener\">https:\/\/bit.ly\/4k48MtT<\/a>.<\/p>\n<p>Kontaktai pasiteirauti:<\/p>\n<ul>\n<li>Ksenija Banu\u0161evi\u010dien\u0117 \u2013 tvarkara\u0161\u010dio klausimais: <a href=\"mailto:ksenija.banuseviciene@vdu.lt\">banuseviciene@vdu.lt<\/a><\/li>\n<li>Alvyra Galkien\u0117 \u2013 programos turinio klausimais: <a href=\"mailto:alvyra.galkiene@vdu.lt\">galkiene@vdu.lt<\/a><\/li>\n<\/ul>\n<p>Informacija apie kitas esamas ir b\u016bsimas nacionalines programas: <a href=\"https:\/\/shorturl.at\/9uWi0\" target=\"_blank\" rel=\"noopener\">https:\/\/shorturl.at\/9uWi0<\/a>, Nacionalin\u0117s \u0161vietimo agent\u016bros naujienose ir \u201eFacebook\u201c paskyroje.<\/p>\n<p>*Mokymai skirti tik pedagogams, dirbantiems bendrojo ugdymo \u012fstaigose, registruotiems Pedagog\u0173 registre ir dirbantiems pedagogin\u012f darb\u0105.<\/p>\n<p>**Mokymuose gali dalyvauti tik tie pedagoginiai darbuotojai, kurie iki \u0161iol n\u0117ra dalyvav\u0119 n\u0117 vienoje projekto \u201ePedagog\u0173 kompetencij\u0173 stiprinimas nacionalin\u0117se kvalifikacijos tobulinimo programose ir magistrant\u016bros studijose\u201c finansuojamoje veikloje (nei bet kurioje nacionalin\u0117je kvalifikacijos tobulinimo programoje, nei magistrant\u016bros studijose).<\/p>\n<p><em>Nacionalin\u0117s kvalifikacijos tobulinimo programos \u012fgyvendinimas pagal \u0160vietimo pl\u0117tros programos pa\u017eangos priemon\u0119 Nr.\u00a012-003-03-06-01 \u201ePirmiausia \u2013 mokytojas\u201c bus finansuojamas Europos S\u0105jungos ekonomikos gaivinimo ir atsparumo didinimo priemon\u0117s \u201eNextGenerationEU\u201c l\u0117\u0161omis.<\/em><\/p>\n","protected":false},"excerpt":{"rendered":"<p>Pedagogai kvie\u010diami registruotis \u012f nauj\u0105 projekto \u201ePedagog\u0173 kompetencij\u0173 stiprinimas nacionalin\u0117se kvalifikacijos tobulinimo programose ir magistrant\u016bros studijose\u201c nacionalin\u0117s kvalifikacijos tobulinimo programos sraut\u0105 \u201e\u012etraukusis ugdymas universalaus dizaino mokymuisi prieigoje\u201c, vykdom\u0105 Vytauto Did\u017eiojo universiteto. Naujas mokym\u0173 ciklas prasid\u0117s jau 2025\u00a0m. spalio m\u0117nes\u012f. Programa&nbsp;<a href=\"https:\/\/www.nsa.smsm.lt\/old\/2025\/06\/03\/itraukiojo-ugdymo-kompetenciju-pletojimas-nacionalineje-pedagogu-kvalifikacijos-tobulinimo-programoje\/\" class=\"placiau\">Pla\u010diau <i class=\"fa fa-caret-right\"><\/i><\/a><\/p>\n","protected":false},"author":5,"featured_media":0,"comment_status":"closed","ping_status":"closed","sticky":false,"template":"","format":"standard","meta":{"_acf_changed":false,"footnotes":""},"categories":[1,19,21],"tags":[],"class_list":["post-43210","post","type-post","status-publish","format-standard","hentry","category-nacionalines-svietimo-agenturos-naujienos","category-projektu-naujienos","category-naujienu-archyvas"],"acf":[],"_links":{"self":[{"href":"https:\/\/www.nsa.smsm.lt\/old\/wp-json\/wp\/v2\/posts\/43210","targetHints":{"allow":["GET"]}}],"collection":[{"href":"https:\/\/www.nsa.smsm.lt\/old\/wp-json\/wp\/v2\/posts"}],"about":[{"href":"https:\/\/www.nsa.smsm.lt\/old\/wp-json\/wp\/v2\/types\/post"}],"author":[{"embeddable":true,"href":"https:\/\/www.nsa.smsm.lt\/old\/wp-json\/wp\/v2\/users\/5"}],"replies":[{"embeddable":true,"href":"https:\/\/www.nsa.smsm.lt\/old\/wp-json\/wp\/v2\/comments?post=43210"}],"version-history":[{"count":1,"href":"https:\/\/www.nsa.smsm.lt\/old\/wp-json\/wp\/v2\/posts\/43210\/revisions"}],"predecessor-version":[{"id":43211,"href":"https:\/\/www.nsa.smsm.lt\/old\/wp-json\/wp\/v2\/posts\/43210\/revisions\/43211"}],"wp:attachment":[{"href":"https:\/\/www.nsa.smsm.lt\/old\/wp-json\/wp\/v2\/media?parent=43210"}],"wp:term":[{"taxonomy":"category","embeddable":true,"href":"https:\/\/www.nsa.smsm.lt\/old\/wp-json\/wp\/v2\/categories?post=43210"},{"taxonomy":"post_tag","embeddable":true,"href":"https:\/\/www.nsa.smsm.lt\/old\/wp-json\/wp\/v2\/tags?post=43210"}],"curies":[{"name":"wp","href":"https:\/\/api.w.org\/{rel}","templated":true}]}}