{"id":42792,"date":"2025-04-28T09:58:20","date_gmt":"2025-04-28T07:58:20","guid":{"rendered":"https:\/\/www.nsa.smsm.lt\/old\/?p=42792"},"modified":"2025-04-28T09:58:20","modified_gmt":"2025-04-28T07:58:20","slug":"pedagoginiams-darbuotojams-galimybes-2025-2026-m-igyti-papildomu-specializaciju-ir-dalykiniu-kompetenciju","status":"publish","type":"post","link":"https:\/\/www.nsa.smsm.lt\/old\/2025\/04\/28\/pedagoginiams-darbuotojams-galimybes-2025-2026-m-igyti-papildomu-specializaciju-ir-dalykiniu-kompetenciju\/","title":{"rendered":"Pedagoginiams darbuotojams \u2013 galimyb\u0117s 2025\u20132026 m. \u012fgyti papildom\u0173 specializacij\u0173 ir dalykini\u0173 kompetencij\u0173"},"content":{"rendered":"<p><strong>Nacionalin\u0117 \u0161vietimo agent\u016bra, \u012fgyvendindama projekt\u0105 \u201eT\u0119sk: ateik, tobul\u0117k, prisid\u0117k!\u201c, kartu su projekto partneriais \u2013 Vilniaus kolegija, Vilniaus universitetu ir Vytauto Did\u017eiojo universitetu \u2013 kvie\u010dia dirban\u010dius pedagoginius darbuotojus, turin\u010dius pedagogo kvalifikacij\u0105, studijuoti pedagogin\u0117s specializacijos ir mokomojo dalyko modulius ir \u012fgyti papildom\u0173 kompetencij\u0173.<\/strong><\/p>\n<p>Pedagoginiai darbuotojai kvie\u010diami dalyvauti atrankoje ir \u012fgyti papildom\u0105 ikimokyklinio ir prie\u0161mokyklinio ugdymo bei pradinio ugdymo specializacij\u0105 Vilniaus kolegijoje (nuoroda <a href=\"https:\/\/pdf.viko.lt\/kvalifikacijos-kelimo-kursai-mokymai\/vaikystes-pedagogikos-ir-pradinio-ugdymo-pedagogikos-modulis-2\/\" target=\"_blank\" rel=\"noopener\">\u010dia<\/a>).<\/p>\n<p>Vilniaus universitete pedagoginiai darbuotojai, norintys \u012fgyti papildom\u0105 chemijos, fizikos, biologijos, ispan\u0173 kalbos, matematikos, pranc\u016bz\u0173 kalbos, vokie\u010di\u0173 kalbos, lotyn\u0173 kalbos ir antikin\u0117s kult\u016bros, psichologijos, etikos ir filosofijos, verslumo ugdymo ir entrepreneryst\u0117s ar pilieti\u0161kumo ugdymo kompetencij\u0105 bei papildom\u0105 ikimokyklinio ugdymo bei pradinio ugdymo specializacij\u0105 (nuoroda <a href=\"https:\/\/www.fsf.vu.lt\/studentams\/pedagogines-studijos-visos\/modulio-studijos-pedagogams\" target=\"_blank\" rel=\"noopener\">\u010dia<\/a>), taip pat kvie\u010diami dalyvauti atrankoje.<\/p>\n<p>Norintys \u012fgyti papildom\u0105 angl\u0173 kalbos, informatikos, istorijos, lietuvi\u0173 kalbos ir literat\u016bros ar matematikos kompetencij\u0105 bei papildom\u0105 ikimokyklinio ir prie\u0161mokyklinio ugdymo, pradinio ugdymo, specialiojo pedagogo ar logopedo specializacij\u0105 pedagoginiai darbuotojai kvie\u010diami dalyvauti atrankoje Vilniaus universiteto \u0160iauli\u0173 akademijoje (nuoroda <a href=\"https:\/\/www.sa.vu.lt\/apie\/testiniu-ir-nuotoliniu-studiju-institutas\/studijos\" target=\"_blank\" rel=\"noopener\">\u010dia<\/a>).<\/p>\n<p>Vytauto Did\u017eiojo universitete norintys \u012fgyti papildom\u0105 angl\u0173 kalbos, chemijos, filosofijos ir etikos, fizikos, informatikos, ispan\u0173 kalbos, istorijos, lietuvi\u0173 kalbos ir literat\u016bros, matematikos, pranc\u016bz\u0173 kalbos, technologij\u0173, vokie\u010di\u0173 kalbos, biologijos, pilietinio ugdymo, lenk\u0173 kalbos ir literat\u016bros ar dail\u0117s kompetencij\u0105 bei papildom\u0105 ikimokyklinio ir prie\u0161mokyklinio ugdymo, pradinio ugdymo, specialiojo pedagogo ar logopedo specializacij\u0105 (nuoroda <a href=\"https:\/\/svietimas.vdu.lt\/perkvalifikavimo-moduliu-studijos-pedagogams-3\/\" target=\"_blank\" rel=\"noopener\">\u010dia<\/a>) pedagoginiai darbuotojai taip pat kvie\u010diami dalyvauti atrankoje.<\/p>\n<p>Atkreipiame d\u0117mes\u012f, kad pirmumas\u00a0\u012f u\u017esienio kalb\u0173 mokom\u0173j\u0173 dalyk\u0173 moduli\u0173 studijas bus\u00a0teikiamas rus\u0173 kalbos mokytojams.<\/p>\n<p>Tiksli informacija, kiek laiko vyks parai\u0161k\u0173 pri\u0117mimas, kada ir kokia forma vyks studijos, kokios studijavimo s\u0105lygos ir kita, pateikta kiekvienos auk\u0161tosios mokyklos nurodytoje interneto svetain\u0117je.<\/p>\n<p>Daugiau informacijos teikiama el. pa\u0161tu\u00a0<a href=\"mailto:rita.baskiene@nsa.smm.lt\">rita.baskiene@nsa.smm.lt<\/a>.<\/p>\n<p><em>Projektas Nr. 10-045-P-0001 vykdomas pagal 2021\u20132030 m. pl\u0117tros programos valdytojos Lietuvos Respublikos \u0161vietimo, mokslo ir sporto ministerijos \u0161vietimo pl\u0117tros programos pa\u017eangos priemon\u0119 Nr.\u00a012-003-03-06-01 \u201ePirmiausia \u2013 mokytojas\u201c, finansuojamas Europos socialinio fondo + ir Europos S\u0105jungos bendrojo finansavimo l\u0117\u0161omis.<\/em><\/p>\n<p>Daugiau apie projekt\u0105:\u00a0<a href=\"https:\/\/www.nsa.smsm.lt\/old\/old\/projektai\/ugdymo-projektai\/projektas-tesk-ateik-tobulek-prisidek\/\" target=\"_blank\" rel=\"noopener\">https:\/\/www.nsa.smsm.lt\/old\/old\/projektai\/ugdymo-projektai\/projektas-tesk-ateik-tobulek-prisidek\/<\/a><\/p>\n","protected":false},"excerpt":{"rendered":"<p>Nacionalin\u0117 \u0161vietimo agent\u016bra, \u012fgyvendindama projekt\u0105 \u201eT\u0119sk: ateik, tobul\u0117k, prisid\u0117k!\u201c, kartu su projekto partneriais \u2013 Vilniaus kolegija, Vilniaus universitetu ir Vytauto Did\u017eiojo universitetu \u2013 kvie\u010dia dirban\u010dius pedagoginius darbuotojus, turin\u010dius pedagogo kvalifikacij\u0105, studijuoti pedagogin\u0117s specializacijos ir mokomojo dalyko modulius ir \u012fgyti papildom\u0173&nbsp;<a href=\"https:\/\/www.nsa.smsm.lt\/old\/2025\/04\/28\/pedagoginiams-darbuotojams-galimybes-2025-2026-m-igyti-papildomu-specializaciju-ir-dalykiniu-kompetenciju\/\" class=\"placiau\">Pla\u010diau <i class=\"fa fa-caret-right\"><\/i><\/a><\/p>\n","protected":false},"author":5,"featured_media":0,"comment_status":"closed","ping_status":"closed","sticky":false,"template":"","format":"standard","meta":{"_acf_changed":false,"footnotes":""},"categories":[1,19,21],"tags":[],"class_list":["post-42792","post","type-post","status-publish","format-standard","hentry","category-nacionalines-svietimo-agenturos-naujienos","category-projektu-naujienos","category-naujienu-archyvas"],"acf":[],"_links":{"self":[{"href":"https:\/\/www.nsa.smsm.lt\/old\/wp-json\/wp\/v2\/posts\/42792","targetHints":{"allow":["GET"]}}],"collection":[{"href":"https:\/\/www.nsa.smsm.lt\/old\/wp-json\/wp\/v2\/posts"}],"about":[{"href":"https:\/\/www.nsa.smsm.lt\/old\/wp-json\/wp\/v2\/types\/post"}],"author":[{"embeddable":true,"href":"https:\/\/www.nsa.smsm.lt\/old\/wp-json\/wp\/v2\/users\/5"}],"replies":[{"embeddable":true,"href":"https:\/\/www.nsa.smsm.lt\/old\/wp-json\/wp\/v2\/comments?post=42792"}],"version-history":[{"count":1,"href":"https:\/\/www.nsa.smsm.lt\/old\/wp-json\/wp\/v2\/posts\/42792\/revisions"}],"predecessor-version":[{"id":42793,"href":"https:\/\/www.nsa.smsm.lt\/old\/wp-json\/wp\/v2\/posts\/42792\/revisions\/42793"}],"wp:attachment":[{"href":"https:\/\/www.nsa.smsm.lt\/old\/wp-json\/wp\/v2\/media?parent=42792"}],"wp:term":[{"taxonomy":"category","embeddable":true,"href":"https:\/\/www.nsa.smsm.lt\/old\/wp-json\/wp\/v2\/categories?post=42792"},{"taxonomy":"post_tag","embeddable":true,"href":"https:\/\/www.nsa.smsm.lt\/old\/wp-json\/wp\/v2\/tags?post=42792"}],"curies":[{"name":"wp","href":"https:\/\/api.w.org\/{rel}","templated":true}]}}