{"id":42710,"date":"2025-04-10T08:07:59","date_gmt":"2025-04-10T06:07:59","guid":{"rendered":"https:\/\/www.nsa.smsm.lt\/old\/?p=42710"},"modified":"2025-04-10T08:09:52","modified_gmt":"2025-04-10T06:09:52","slug":"kodel-ikimokyklinis-ugdymas-geras-pasirinkimas-jusu-vaikui","status":"publish","type":"post","link":"https:\/\/www.nsa.smsm.lt\/old\/2025\/04\/10\/kodel-ikimokyklinis-ugdymas-geras-pasirinkimas-jusu-vaikui\/","title":{"rendered":"Kod\u0117l ikimokyklinis ugdymas \u2013 geras pasirinkimas j\u016bs\u0173 vaikui?"},"content":{"rendered":"<p><strong>\u0160is klausimas tapo pagrindine t\u0117vams, auginantiems ikimokyklinio am\u017eiaus vaikus, skirt\u0173 rengini\u0173 apie ankstyvojo ugdymo svarb\u0105 tema.<\/strong><\/p>\n<p>Ma\u017eeikiuose, Bir\u017euose ir Vilkavi\u0161kyje vykusiuose renginiuose diskusijas \u0161ia tema pl\u0117tojo ikimokyklinio ugdymo specialistai. T\u0117vai, svarstantys, ar leisti savo vaik\u0105 \u012f dar\u017eel\u012f, tur\u0117jo puiki\u0105 prog\u0105 u\u017eduoti jiems r\u016bp\u0117jusius klausimus, i\u0161 ar\u010diau pamatyti, kaip vaik\u0173 dar\u017eelis veikia, kas jame vyksta, tiesiogiai pabendrauti su dar\u017eelio pedagogais.<\/p>\n<p>Rengini\u0173 metu pristatyta atmintin\u0117 <a href=\"https:\/\/www.nsa.smsm.lt\/old\/old\/projektai\/wp-content\/uploads\/2025\/02\/Atmintine-1.pdf\" target=\"_blank\" rel=\"noopener\">\u201eKod\u0117l vaik\u0173 dar\u017eelis \u2013 geras pasirinkimas j\u016bs\u0173 ma\u017eyliui?\u201c<\/a>, kurioje ikimokyklinio ugdymo svarba aptariama pla\u010diau. Knygel\u0117 skirta iki 6 metu\u0328 am\u017eiaus vaikus auginantiems t\u0117vams (glob\u0117jams) ir kitiems juos pri\u017ei\u016brintiems suaugusiesiems. Atmintin\u0117je t\u0117vai ar kiti ma\u017eyliais besir\u016bpinantieji ras ai\u0161kius ir prakti\u0161kus atsakymus \u012f klausimus, kuo svarbus ir reik\u0161mingas vaikui yra vaik\u0173 dar\u017eelio lankymas, koks yra vaik\u0173 dar\u017eelis \u0161iandien, k\u0105 jame patiria ir kaip jau\u010diasi vaikas, kokia bendruomen\u0117, kokie specialistai dar\u017eelyje supa vaik\u0105. \u0160is leidinys taip pat pad\u0117s ir ikimokyklinio ugdymo specialistams, bendraujantiems su t\u0117vais ar glob\u0117jais.<\/p>\n<p>\u0160ie renginiai \u2013 Nacionalin\u0117s \u0161vietimo agent\u016bros projekto <a href=\"https:\/\/www.nsa.smsm.lt\/old\/old\/projektai\/ugdymo-projektai\/projektas-ikimokyklinio-ugdymo-turinio-kaita-nr-10-014-p-0001\/\" target=\"_blank\" rel=\"noopener\">\u201eIkimokyklinio ugdymo turinio kaita\u201c<\/a> visuomen\u0117s informavimo kampanijos <a href=\"https:\/\/www.nsa.smsm.lt\/old\/old\/projektai\/informacine-kampanija-nepalik-vaiko-be-pradzios\/apie-kampanija\/\" target=\"_blank\" rel=\"noopener\">\u201eNepalik vaiko be prad\u017eios\u201c<\/a> dalis. Projektas finansuojamas i\u0161 Europos S\u0105jungos fond\u0173.<\/p>\n","protected":false},"excerpt":{"rendered":"<p>\u0160is klausimas tapo pagrindine t\u0117vams, auginantiems ikimokyklinio am\u017eiaus vaikus, skirt\u0173 rengini\u0173 apie ankstyvojo ugdymo svarb\u0105 tema. Ma\u017eeikiuose, Bir\u017euose ir Vilkavi\u0161kyje vykusiuose renginiuose diskusijas \u0161ia tema pl\u0117tojo ikimokyklinio ugdymo specialistai. T\u0117vai, svarstantys, ar leisti savo vaik\u0105 \u012f dar\u017eel\u012f, tur\u0117jo puiki\u0105 prog\u0105&nbsp;<a href=\"https:\/\/www.nsa.smsm.lt\/old\/2025\/04\/10\/kodel-ikimokyklinis-ugdymas-geras-pasirinkimas-jusu-vaikui\/\" class=\"placiau\">Pla\u010diau <i class=\"fa fa-caret-right\"><\/i><\/a><\/p>\n","protected":false},"author":5,"featured_media":0,"comment_status":"closed","ping_status":"closed","sticky":false,"template":"","format":"standard","meta":{"_acf_changed":false,"footnotes":""},"categories":[1,19,21],"tags":[],"class_list":["post-42710","post","type-post","status-publish","format-standard","hentry","category-nacionalines-svietimo-agenturos-naujienos","category-projektu-naujienos","category-naujienu-archyvas"],"acf":[],"_links":{"self":[{"href":"https:\/\/www.nsa.smsm.lt\/old\/wp-json\/wp\/v2\/posts\/42710","targetHints":{"allow":["GET"]}}],"collection":[{"href":"https:\/\/www.nsa.smsm.lt\/old\/wp-json\/wp\/v2\/posts"}],"about":[{"href":"https:\/\/www.nsa.smsm.lt\/old\/wp-json\/wp\/v2\/types\/post"}],"author":[{"embeddable":true,"href":"https:\/\/www.nsa.smsm.lt\/old\/wp-json\/wp\/v2\/users\/5"}],"replies":[{"embeddable":true,"href":"https:\/\/www.nsa.smsm.lt\/old\/wp-json\/wp\/v2\/comments?post=42710"}],"version-history":[{"count":3,"href":"https:\/\/www.nsa.smsm.lt\/old\/wp-json\/wp\/v2\/posts\/42710\/revisions"}],"predecessor-version":[{"id":42713,"href":"https:\/\/www.nsa.smsm.lt\/old\/wp-json\/wp\/v2\/posts\/42710\/revisions\/42713"}],"wp:attachment":[{"href":"https:\/\/www.nsa.smsm.lt\/old\/wp-json\/wp\/v2\/media?parent=42710"}],"wp:term":[{"taxonomy":"category","embeddable":true,"href":"https:\/\/www.nsa.smsm.lt\/old\/wp-json\/wp\/v2\/categories?post=42710"},{"taxonomy":"post_tag","embeddable":true,"href":"https:\/\/www.nsa.smsm.lt\/old\/wp-json\/wp\/v2\/tags?post=42710"}],"curies":[{"name":"wp","href":"https:\/\/api.w.org\/{rel}","templated":true}]}}