{"id":42686,"date":"2025-04-08T08:26:04","date_gmt":"2025-04-08T06:26:04","guid":{"rendered":"https:\/\/www.nsa.smsm.lt\/old\/?p=42686"},"modified":"2025-04-08T10:33:07","modified_gmt":"2025-04-08T08:33:07","slug":"organizuojamos-konsultacijos-ugdymo-turinio-ir-procesu-vadybos-bei-teisiniais-klausimais","status":"publish","type":"post","link":"https:\/\/www.nsa.smsm.lt\/old\/2025\/04\/08\/organizuojamos-konsultacijos-ugdymo-turinio-ir-procesu-vadybos-bei-teisiniais-klausimais\/","title":{"rendered":"Organizuojamos konsultacijos ugdymo turinio ir proces\u0173 vadybos bei\u00a0teisiniais klausimais"},"content":{"rendered":"<p><b><span data-contrast=\"auto\">Nacionalin\u0117 \u0161vietimo agent\u016bra kvie\u010dia registruotis \u012f baland\u017eio-gegu\u017e\u0117s m\u0117n. nuotolines konsultacijas Ugdymo turinio ir proces\u0173 vadybos bei teisiniais klausimais, skirtas \u0161vietimo \u012fstaig\u0173 (i\u0161skyrus auk\u0161t\u0105sias mokyklas) vadovams.\u00a0<\/span><\/b><span data-ccp-props=\"{&quot;201341983&quot;:0,&quot;335551550&quot;:6,&quot;335551620&quot;:6,&quot;335557856&quot;:16777215,&quot;335559739&quot;:0,&quot;335559740&quot;:240}\">\u00a0<\/span><\/p>\n<p><span data-contrast=\"auto\">Konsultacijomis siekiama stiprinti\u202fj\u0173 ugdymo proces\u0173 vadybos bei teisines kompetencijas.\u00a0<\/span><\/p>\n<p>Konsultacij\u0173 metu bus aptariami\u202fkonkret\u016bs konsultacijose dalyvaujan\u010di\u0173 vadov\u0173 pateikti klausimai, analizuojamos vadov\u0173 pateiktos situacijos\u202fbei ie\u0161komi \u0161i\u0173 situacij\u0173 sprendimai.<\/p>\n<p>Registracija vyksta \u012f \u0161ias konsultacijas:<\/p>\n<p><strong>Baland\u017eio 24 d.<\/strong> vyks nuotolin\u0117 konsultacija tema\u202f\u201eIkimokyklinio ugdymo \u012fstaig\u0173 program\u0173 rengimas pagal naujas ikimokyklinio ugdymo gaires\u201c.<\/p>\n<p><strong>Gegu\u017e\u0117s 8 d.<\/strong> vyks nuotolin\u0117 konsultacija tema\u202f\u201eUniversalaus dizaino mokymuisi princip\u0173 praktinis \u012fgyvendinimas\u201c.<\/p>\n<p>\u0160ios konsultacijos skirtos ikimokyklinio ugdymo \u012fstaig\u0173 vadovams.<\/p>\n<p>Konsultuos lektor\u0117\u202fSigita Bal\u010di\u016bnien\u0117,\u202fIkimokyklinio ugdymo vaik\u0173 pasiekim\u0173 apra\u0161o viena i\u0161 reng\u0117j\u0173, profesinio tobul\u0117jimo program\u0173 ikimokyklinio ugdymo \u012fstaig\u0173 vadovams lektor\u0117, konsultant\u0117.<\/p>\n<p>Registracija \u012f 2025 m. baland\u017eio 24 d. (ketvirtadienis)\u202fkonsultacij\u0105 vyksta\u202f<a href=\"https:\/\/forms.office.com\/e\/kHz3N5ebsD\" target=\"_blank\" rel=\"noopener\"><i>\u010dia<\/i>\u202f<\/a> iki baland\u017eio d. 17\u202fval. (arba iki kol bus suformuota grup\u0117).<\/p>\n<p>Registracija \u012f 2025 m. gegu\u017e\u0117s 8 d. (ketvirtadienis)\u202fkonsultacij\u0105 vyksta\u202f<a href=\"https:\/\/forms.office.com\/e\/Hv1X5XgAEw\" target=\"_blank\" rel=\"noopener\"><i>\u010dia<\/i>\u202f<\/a>iki gegu\u017e\u0117s 2 d. 17\u202fval. (arba iki kol bus suformuota\u202fgrup\u0117).<\/p>\n<p><strong>Baland\u017eio 25 d.<\/strong> vyks nuotolin\u0117 konsultacija tema\u202f\u201eMokini\u0173 pa\u017eangos ir pasiekim\u0173 vertinimas pagal atnaujintas programas, vertinimo tvark\u0173 mokyklose atnaujinimas\u201c, skirta bendrojo ugdymo mokykl\u0173 vadovams.<\/p>\n<p>Konsultuos lektor\u0117\u202fOlivija Saranien\u0117,\u202fmokym\u0173 program\u0173 apie mokini\u0173 pa\u017eangos ir pasiekim\u0173 vertinim\u0105 bei atnaujintas ugdymo turinio programas reng\u0117ja, \u0161vietimo konsultant\u0117.<\/p>\n<p>Registracija \u012f 2025 m. baland\u017eio 25 d. (penktadienis)\u202fkonsultacij\u0105 vyksta\u202f<a href=\"https:\/\/forms.office.com\/e\/HgDK1vQTEU\" target=\"_blank\" rel=\"noopener\"><i>\u010dia<\/i>\u202f<\/a> iki baland\u017eio 21 d. 17\u202fval. (arba iki kol bus suformuota grup\u0117).<\/p>\n<p><strong>Baland\u017eio 28 d. ir gegu\u017e\u0117s 5 d.<\/strong> vyks nuotolin\u0117s konsultacijos tema\u202f\u201eNaujausi etatinio apmok\u0117jimo aspektai. Mokytoj\u0173 darbo kr\u016bvio sandaros nustatymas. Darbo sutar\u010di\u0173 sudarymas, j\u0173 keitimas, papildymas\u201c.<\/p>\n<p><strong>Gegu\u017e\u0117s 7 d.<\/strong> vyks nuotolin\u0117 konsultacija tema \u201eAktual\u016bs darbo kodekso aspektai, darbo gin\u010d\u0173 sprendimo principai, santykiai su profs\u0105jungomis\u201c.<\/p>\n<p>Konsultuos lektorius \u2013 Egidijus Mile\u0161inas, Lietuvos \u0161vietimo ir mokslo profesin\u0117s s\u0105jungos (L\u0160MPS) vadovas, turintis ilgamet\u0119 \u0161vietimo darbuotoj\u0173 konsultavimo patirt\u012f darbo teis\u0117s, socialinio dialogo, etatinio darbo apmok\u0117jimo srityse, mokytojas.<\/p>\n<p>Registracija \u012f 2025 m. baland\u017eio 28 d. (pirmadienis)\u202fkonsultacij\u0105, skirt\u0105 \u0161vietimo \u012fstaig\u0173 (i\u0161skyrus auk\u0161t\u0105sias mokyklas) vadovams, vyksta\u202f<a href=\"https:\/\/forms.office.com\/e\/xbDdBJgF2L\" target=\"_blank\" rel=\"noopener\"><i>\u010dia<\/i>\u202f<\/a> iki baland\u017eio 24 d. 17\u202fval. (arba iki kol bus suformuota grup\u0117).<\/p>\n<p>Registracija \u012f 2025 m. gegu\u017e\u0117s 5 d. (pirmadienis)\u202fkonsultacij\u0105, skirt\u0105 bendrojo ugdymo mokykl\u0173 vadovams, vyksta\u202f<a href=\"https:\/\/forms.office.com\/e\/rRruyeF569\" target=\"_blank\" rel=\"noopener\"><i>\u010dia<\/i><\/a>\u202fiki gegu\u017e\u0117s 1 d. 17\u202fval. (arba iki kol bus suformuota\u202fgrup\u0117).<\/p>\n<p>Registracija \u012f 2025 m. gegu\u017e\u0117s 7 d. (tre\u010diadienis)\u202fkonsultacij\u0105, skirt\u0105 \u0161vietimo \u012fstaig\u0173 (i\u0161skyrus auk\u0161t\u0105sias mokyklas) vadovams, vyksta\u202f<a href=\"https:\/\/forms.office.com\/e\/R51RpZjzU3\" target=\"_blank\" rel=\"noopener\"><i>\u010dia<\/i><\/a>\u202fiki gegu\u017e\u0117s 2 d. 17\u202fval. (arba iki kol bus suformuota\u202fgrup\u0117).<\/p>\n<p><strong>Gegu\u017e\u0117s 19 d.<\/strong> vyks nuotolin\u0117 konsultacija tema\u202f\u201eUniversalaus dizaino mokymuisi princip\u0173 praktinis \u012fgyvendinimas mokykloje\u201c, skirta \u0161vietimo \u012fstaig\u0173 (i\u0161skyrus auk\u0161t\u0105sias mokyklas) vadovams.<\/p>\n<p>Konsultuos lektor\u0117\u202fVitalija Bujanauskien\u0117<span data-contrast=\"auto\">,\u202funiversalaus dizaino mokymuisi\u00a0 prieigos Utenos r. savivaldyb\u0117je iniciator\u0117 ir vykdytoja, \u0161vietimo konsultant\u0117, lektor\u0117, UDM metodini\u0173 priemoni\u0173 reng\u0117ja<\/span><b><span data-contrast=\"auto\">, <\/span><\/b><span data-contrast=\"auto\">Utenos \u0161vietimo centro direktor\u0117.<\/span><span data-ccp-props=\"{&quot;201341983&quot;:0,&quot;335551550&quot;:6,&quot;335551620&quot;:6,&quot;335557856&quot;:16777215,&quot;335559739&quot;:0,&quot;335559740&quot;:240}\">\u00a0<\/span><\/p>\n<p>Registracija \u012f 2025 m. gegu\u017e\u0117s 19 d. (pirmadienis)\u202f<span data-contrast=\"auto\">konsultacij\u0105 vyksta\u202f<\/span><a href=\"https:\/\/forms.office.com\/e\/5HhGdF3euc\" target=\"_blank\" rel=\"noopener\"><i><span data-contrast=\"none\">\u010dia<\/span><\/i><span data-contrast=\"none\">\u202f<\/span><\/a><span data-contrast=\"auto\"> iki gegu\u017e\u0117s 12 d. 17\u202fval. (arba iki kol bus suformuota grup\u0117).\u202f<\/span><span data-ccp-props=\"{&quot;201341983&quot;:0,&quot;335551550&quot;:6,&quot;335551620&quot;:6,&quot;335557856&quot;:16777215,&quot;335559739&quot;:0,&quot;335559740&quot;:240}\">\u00a0<\/span><\/p>\n<p>Konsultacij\u0173 tikslin\u0117 grup\u0117 \u2013 pedagoginiai darbuotojai.<\/p>\n<p>Konsultacij\u0173 dalyvi\u0173 skai\u010dius \u2013 15 asmen\u0173.\u202fU\u017esiregistravusiems dalyviams bus atsi\u0173sta renginio prisijungimo nuoroda J\u016bs\u0173 nurodytu elektroniniu pa\u0161tu, likus kelioms dienoms iki konsultacijos.<\/p>\n<p>Konsultacijos vyks nuo 12.00 iki 15.20 val. (trukm\u0117 \u2013 4 akademin\u0117s valandos).<\/p>\n<p>Daugiau informacijos apie konsultacijas teikia\u202fRasmut\u0117 Elena Nork\u016bnien\u0117, tel. +370\u202f658\u202f18\u202f342, el.\u202fp.\u202f<a href=\"mailto:Rasmute-Elena.Norkuniene@nsa.smm.lt\">Rasmute-Elena.Norkuniene@nsa.smm.lt<\/a>.<\/p>\n<p><span data-contrast=\"auto\">Konsultacijos dalyviams yra nemokamos ir organizuojamos \u012fgyvendinant projekt\u0105\u202f\u201eT\u0119sk: ateik, tobul\u0117k, prisid\u0117k!\u201c. Jis vykdomas pagal 2021\u20132030\u202fm. pl\u0117tros programos valdytojos Lietuvos Respublikos \u0161vietimo, mokslo ir sporto ministerijos \u0161vietimo pl\u0117tros programos pa\u017eangos priemon\u0119\u202f \u201ePirmiausia\u202f\u2013 mokytojas\u201c ir yra finansuojamas Europos socialinio fondo + bei\u202fEuropos S\u0105jungos bendrojo finansavimo l\u0117\u0161omis.\u202f<\/span><span data-ccp-props=\"{&quot;201341983&quot;:0,&quot;335551550&quot;:6,&quot;335551620&quot;:6,&quot;335557856&quot;:16777215,&quot;335559739&quot;:0,&quot;335559740&quot;:240}\">\u00a0<\/span><\/p>\n<p><span data-contrast=\"auto\">Daugiau informacijos apie projekt\u0105 rasite\u202f<\/span><a href=\"https:\/\/www.nsa.smsm.lt\/old\/old\/projektai\/ugdymo-projektai\/projektas-tesk-ateik-tobulek-prisidek\/\" target=\"_blank\" rel=\"noopener\"><span data-contrast=\"none\">\u010dia<\/span><\/a><span data-contrast=\"auto\">.\u202f<\/span><span data-ccp-props=\"{&quot;201341983&quot;:0,&quot;335551550&quot;:6,&quot;335551620&quot;:6,&quot;335557856&quot;:16777215,&quot;335559739&quot;:0,&quot;335559740&quot;:240}\">\u00a0<\/span><\/p>\n","protected":false},"excerpt":{"rendered":"<p>Nacionalin\u0117 \u0161vietimo agent\u016bra kvie\u010dia registruotis \u012f baland\u017eio-gegu\u017e\u0117s m\u0117n. nuotolines konsultacijas Ugdymo turinio ir proces\u0173 vadybos bei teisiniais klausimais, skirtas \u0161vietimo \u012fstaig\u0173 (i\u0161skyrus auk\u0161t\u0105sias mokyklas) vadovams.\u00a0\u00a0 Konsultacijomis siekiama stiprinti\u202fj\u0173 ugdymo proces\u0173 vadybos bei teisines kompetencijas.\u00a0 Konsultacij\u0173 metu bus aptariami\u202fkonkret\u016bs konsultacijose dalyvaujan\u010di\u0173&nbsp;<a href=\"https:\/\/www.nsa.smsm.lt\/old\/2025\/04\/08\/organizuojamos-konsultacijos-ugdymo-turinio-ir-procesu-vadybos-bei-teisiniais-klausimais\/\" class=\"placiau\">Pla\u010diau <i class=\"fa fa-caret-right\"><\/i><\/a><\/p>\n","protected":false},"author":5,"featured_media":0,"comment_status":"closed","ping_status":"closed","sticky":false,"template":"","format":"standard","meta":{"_acf_changed":false,"footnotes":""},"categories":[1,19,17,21],"tags":[],"class_list":["post-42686","post","type-post","status-publish","format-standard","hentry","category-nacionalines-svietimo-agenturos-naujienos","category-projektu-naujienos","category-renginiai","category-naujienu-archyvas"],"acf":[],"_links":{"self":[{"href":"https:\/\/www.nsa.smsm.lt\/old\/wp-json\/wp\/v2\/posts\/42686","targetHints":{"allow":["GET"]}}],"collection":[{"href":"https:\/\/www.nsa.smsm.lt\/old\/wp-json\/wp\/v2\/posts"}],"about":[{"href":"https:\/\/www.nsa.smsm.lt\/old\/wp-json\/wp\/v2\/types\/post"}],"author":[{"embeddable":true,"href":"https:\/\/www.nsa.smsm.lt\/old\/wp-json\/wp\/v2\/users\/5"}],"replies":[{"embeddable":true,"href":"https:\/\/www.nsa.smsm.lt\/old\/wp-json\/wp\/v2\/comments?post=42686"}],"version-history":[{"count":2,"href":"https:\/\/www.nsa.smsm.lt\/old\/wp-json\/wp\/v2\/posts\/42686\/revisions"}],"predecessor-version":[{"id":42688,"href":"https:\/\/www.nsa.smsm.lt\/old\/wp-json\/wp\/v2\/posts\/42686\/revisions\/42688"}],"wp:attachment":[{"href":"https:\/\/www.nsa.smsm.lt\/old\/wp-json\/wp\/v2\/media?parent=42686"}],"wp:term":[{"taxonomy":"category","embeddable":true,"href":"https:\/\/www.nsa.smsm.lt\/old\/wp-json\/wp\/v2\/categories?post=42686"},{"taxonomy":"post_tag","embeddable":true,"href":"https:\/\/www.nsa.smsm.lt\/old\/wp-json\/wp\/v2\/tags?post=42686"}],"curies":[{"name":"wp","href":"https:\/\/api.w.org\/{rel}","templated":true}]}}