{"id":42597,"date":"2025-03-28T13:36:56","date_gmt":"2025-03-28T11:36:56","guid":{"rendered":"https:\/\/www.nsa.smsm.lt\/old\/?p=42597"},"modified":"2025-03-28T13:36:56","modified_gmt":"2025-03-28T11:36:56","slug":"kompetencijas-uzsienyje-tobulins-160-pedagogu","status":"publish","type":"post","link":"https:\/\/www.nsa.smsm.lt\/old\/2025\/03\/28\/kompetencijas-uzsienyje-tobulins-160-pedagogu\/","title":{"rendered":"Kompetencijas u\u017esienyje tobulins 160 pedagog\u0173"},"content":{"rendered":"<p><strong>160 pedagogini\u0173 darbuotoj\u0173 i\u0161 visos Lietuvos jau pradeda ruo\u0161tis b\u016bsimoms i\u0161vykoms \u012f Europos S\u0105jungos ir Europos ekonomin\u0117s erdv\u0117s \u0161alis, kur j\u0173 laukia intensyv\u016bs kompetencij\u0173\u00a0 tobulinimo kursai, o dalis pasirinkusi\u0173j\u0173 \u0161e\u0161\u0117liavimo praktik\u0105 gilins \u017einias ir perims naujas metodikas steb\u0117dami tiesiogin\u012f u\u017esienio koleg\u0173 darb\u0105 j\u0173 ugdymo \u012fstaigose.\u00a0\u00a0<\/strong><\/p>\n<p><span data-contrast=\"auto\">Nacionalin\u0117 \u0161vietimo agent\u016bra informuoja apie baigt\u0105 pedagogini\u0173 darbuotoj\u0173, norin\u010di\u0173 vykti \u012f sta\u017euotes u\u017esienyje, parai\u0161k\u0173 vertinim\u0105. Gegu\u017e\u0117s m\u0117nes\u012f startuosian\u010diose sta\u017euot\u0117se dalyvaus 120 pedagog\u0173 i\u0161 vidurio ir vakar\u0173 Lietuvos regiono bei 40 i\u0161 ugdymo \u012fstaig\u0173, patenkan\u010di\u0173 \u012f sostin\u0117s region\u0105. Savaranki\u0161kai pedagog\u0173 pasirinkta sta\u017euot\u0117 truks nuo 5 iki 10 dien\u0173, i\u0161 vienos ugdymo \u012fstaigos \u012f j\u0105 vyks ne daugiau kaip 2 darbuotojai. Pedagog\u0173 patiriamos i\u0161laidos bus apmokamos projekto <\/span><span data-contrast=\"none\">\u201eT\u0119sk: ateik, tobul\u0117k, prisid\u0117k!\u201c l\u0117\u0161omis.<\/span><span data-ccp-props=\"{}\">\u00a0<\/span><\/p>\n<p><span data-contrast=\"none\">Tai jau antrasis projekto kvietimas pedagoginiams darbuotojams tobulinti kompetencijas u\u017esienio \u0161alyse. Pirmuoju etapu galimybe \u012fgyti tarptautin\u0117s patirties ir stiprinti ry\u0161ius su u\u017esienio kolegomis pasinaudojo 120 \u0161alies pedagog\u0173.<\/span><span data-ccp-props=\"{}\">\u00a0<\/span><\/p>\n<p><span data-contrast=\"none\">\u201eVertindami parai\u0161kas pasteb\u0117jome kiek pasikeitus\u012f norim\u0173 tobulinti kompetencij\u0173 poreik\u012f &#8211; \u0161\u012fkart dar labiau i\u0161ry\u0161k\u0117jo noras gilintis \u012f dirbtinio intelekto teikiamas galimybes ugdymo procese, informacini\u0173 technologij\u0173 panaudojim\u0105. Nem\u0105\u017eta\u00a0 noras stiprinti \u012ftraukiojo ugdymo kompetencijas, gerinti darbo su autizmo spektr\u0105 turin\u010diais mokiniais \u012fg\u016bd\u017eius. Norisi pasid\u017eiaugti, kad planuojant sta\u017euotes i\u0161ties daug d\u0117mesio skirta j\u0173 programoms \u2013 visos b\u016bsimos sta\u017euot\u0117s pasi\u017eymi stipriu turiniu ir intensyviomis veiklomis\u201c, \u2013 sako Giedr\u0117 \u010ciapien\u0117, Nacionalin\u0117s \u0161vietimo agent\u016bros specialist\u0117, atsakinga u\u017e pedagogini\u0173 darbuotoj\u0173 kompetencij\u0173 tobulinimo sta\u017euo\u010di\u0173 u\u017esienyje veikl\u0105.<\/span><span data-ccp-props=\"{}\">\u00a0<\/span><\/p>\n<p><span data-contrast=\"none\">\u0160iemet po parai\u0161k\u0173 vertinimo sudarytas rezervinis sta\u017euo\u010di\u0173 dalyvi\u0173 s\u0105ra\u0161as. Jame esantys pedagogai \u012f sta\u017euotes vykt\u0173 tais atvejais, kai d\u0117l objektyvi\u0173 prie\u017eas\u010di\u0173 sutartini\u0173 \u012fsipareigojim\u0173 negal\u0117t\u0173 vykdyti kuris nors i\u0161 su Nacionaline \u0161vietimo agent\u016bra sutart\u012f sudaryti pakviest\u0173 pedagog\u0173.<\/span><span data-ccp-props=\"{}\">\u00a0<\/span><\/p>\n<p><span data-contrast=\"none\">Kitas kvietimas teikti parai\u0161kas numatytas 2025 m. rugpj\u016b\u010dio-rugs\u0117jo m\u0117nes\u012f. Visa informacija bus skelbiama Nacionalin\u0117s \u0161vietimo agent\u016bros interneto svetain\u0117je.<\/span><span data-ccp-props=\"{}\">\u00a0<\/span><\/p>\n<p><span data-contrast=\"none\">Projektas \u201eT\u0119sk: ateik, tobul\u0117k, prisid\u0117k!\u201c\u00a0 vykdomas pagal 2021\u20132030 m. pl\u0117tros programos valdytojos Lietuvos Respublikos \u0161vietimo, mokslo ir sporto ministerijos \u0161vietimo pl\u0117tros programos pa\u017eangos priemon\u0119\u00a0 \u201ePirmiausia \u2013 mokytojas\u201c ir finansuojamas Europos socialinio fondo + bei Europos S\u0105jungos bendrojo finansavimo l\u0117\u0161omis.\u00a0\u00a0\u00a0<\/span><span data-ccp-props=\"{}\">\u00a0<\/span><\/p>\n","protected":false},"excerpt":{"rendered":"<p>160 pedagogini\u0173 darbuotoj\u0173 i\u0161 visos Lietuvos jau pradeda ruo\u0161tis b\u016bsimoms i\u0161vykoms \u012f Europos S\u0105jungos ir Europos ekonomin\u0117s erdv\u0117s \u0161alis, kur j\u0173 laukia intensyv\u016bs kompetencij\u0173\u00a0 tobulinimo kursai, o dalis pasirinkusi\u0173j\u0173 \u0161e\u0161\u0117liavimo praktik\u0105 gilins \u017einias ir perims naujas metodikas steb\u0117dami tiesiogin\u012f u\u017esienio&nbsp;<a href=\"https:\/\/www.nsa.smsm.lt\/old\/2025\/03\/28\/kompetencijas-uzsienyje-tobulins-160-pedagogu\/\" class=\"placiau\">Pla\u010diau <i class=\"fa fa-caret-right\"><\/i><\/a><\/p>\n","protected":false},"author":5,"featured_media":0,"comment_status":"closed","ping_status":"closed","sticky":false,"template":"","format":"standard","meta":{"_acf_changed":false,"footnotes":""},"categories":[1,19,21],"tags":[],"class_list":["post-42597","post","type-post","status-publish","format-standard","hentry","category-nacionalines-svietimo-agenturos-naujienos","category-projektu-naujienos","category-naujienu-archyvas"],"acf":[],"_links":{"self":[{"href":"https:\/\/www.nsa.smsm.lt\/old\/wp-json\/wp\/v2\/posts\/42597","targetHints":{"allow":["GET"]}}],"collection":[{"href":"https:\/\/www.nsa.smsm.lt\/old\/wp-json\/wp\/v2\/posts"}],"about":[{"href":"https:\/\/www.nsa.smsm.lt\/old\/wp-json\/wp\/v2\/types\/post"}],"author":[{"embeddable":true,"href":"https:\/\/www.nsa.smsm.lt\/old\/wp-json\/wp\/v2\/users\/5"}],"replies":[{"embeddable":true,"href":"https:\/\/www.nsa.smsm.lt\/old\/wp-json\/wp\/v2\/comments?post=42597"}],"version-history":[{"count":1,"href":"https:\/\/www.nsa.smsm.lt\/old\/wp-json\/wp\/v2\/posts\/42597\/revisions"}],"predecessor-version":[{"id":42598,"href":"https:\/\/www.nsa.smsm.lt\/old\/wp-json\/wp\/v2\/posts\/42597\/revisions\/42598"}],"wp:attachment":[{"href":"https:\/\/www.nsa.smsm.lt\/old\/wp-json\/wp\/v2\/media?parent=42597"}],"wp:term":[{"taxonomy":"category","embeddable":true,"href":"https:\/\/www.nsa.smsm.lt\/old\/wp-json\/wp\/v2\/categories?post=42597"},{"taxonomy":"post_tag","embeddable":true,"href":"https:\/\/www.nsa.smsm.lt\/old\/wp-json\/wp\/v2\/tags?post=42597"}],"curies":[{"name":"wp","href":"https:\/\/api.w.org\/{rel}","templated":true}]}}