{"id":42504,"date":"2025-03-14T11:44:17","date_gmt":"2025-03-14T09:44:17","guid":{"rendered":"https:\/\/www.nsa.smsm.lt\/old\/?p=42504"},"modified":"2025-03-14T11:44:17","modified_gmt":"2025-03-14T09:44:17","slug":"organizuojamas-informacinis-seminaras-pretendentu-i-svietimo-istaigos-vadovus-kompetenciju-vertinimas-6","status":"publish","type":"post","link":"https:\/\/www.nsa.smsm.lt\/old\/2025\/03\/14\/organizuojamas-informacinis-seminaras-pretendentu-i-svietimo-istaigos-vadovus-kompetenciju-vertinimas-6\/","title":{"rendered":"Organizuojamas informacinis seminaras \u201ePretendent\u0173 \u012f \u0161vietimo \u012fstaigos vadovus kompetencij\u0173 vertinimas\u201c"},"content":{"rendered":"<p><strong>Nacionalin\u0117 \u0161vietimo agent\u016bra organizuoja informacin\u012f seminar\u0105 \u201ePretendent\u0173 \u012f \u0161vietimo \u012fstaigos vadovus kompetencij\u0173 vertinimas\u201c, kuris vyks \u0161. m. kovo 28 d. 10.00 val. nuotoliniu b\u016bdu.<\/strong><\/p>\n<p>Seminaras skirtas pretendentams, planuojantiems dalyvauti konkursuose \u012f \u0161vietimo \u012fstaig\u0173 (i\u0161skyrus auk\u0161t\u0105sias mokyklas) vadov\u0173 pareigas, visiems kitiems besidomintiems vadovavimo kompetencij\u0173 vertinimu. Seminaro metu bus supa\u017eindinama su kompetencij\u0173 vertinimo organizavimu (registracija, pasirengimu, vertinimo metodika).<\/p>\n<p>Registruotis \u012f informacin\u012f seminar\u0105 galima adresu <a href=\"https:\/\/forms.office.com\/e\/iasMfyJbkZ\" target=\"_blank\" rel=\"noopener\">https:\/\/forms.office.com\/e\/iasMfyJbkZ<\/a><\/p>\n<p>Registruotis galima iki kovo 27 d. 12.00 val.\u00a0Dalyvi\u0173 skai\u010dius ribotas.\u00a0Prisijungimo nuorod\u0105 atsi\u0173sime el. pa\u0161tu.<\/p>\n<p>Daugiau informacijos: el. p. <a href=\"mailto:Inga.Kudarauskiene@nsa.smm.lt\">Inga.Kudarauskiene@nsa.smm.lt<\/a><\/p>\n","protected":false},"excerpt":{"rendered":"<p>Nacionalin\u0117 \u0161vietimo agent\u016bra organizuoja informacin\u012f seminar\u0105 \u201ePretendent\u0173 \u012f \u0161vietimo \u012fstaigos vadovus kompetencij\u0173 vertinimas\u201c, kuris vyks \u0161. m. kovo 28 d. 10.00 val. nuotoliniu b\u016bdu. Seminaras skirtas pretendentams, planuojantiems dalyvauti konkursuose \u012f \u0161vietimo \u012fstaig\u0173 (i\u0161skyrus auk\u0161t\u0105sias mokyklas) vadov\u0173 pareigas, visiems kitiems&nbsp;<a href=\"https:\/\/www.nsa.smsm.lt\/old\/2025\/03\/14\/organizuojamas-informacinis-seminaras-pretendentu-i-svietimo-istaigos-vadovus-kompetenciju-vertinimas-6\/\" class=\"placiau\">Pla\u010diau <i class=\"fa fa-caret-right\"><\/i><\/a><\/p>\n","protected":false},"author":5,"featured_media":0,"comment_status":"closed","ping_status":"closed","sticky":false,"template":"","format":"standard","meta":{"_acf_changed":false,"footnotes":""},"categories":[1,17,21],"tags":[],"class_list":["post-42504","post","type-post","status-publish","format-standard","hentry","category-nacionalines-svietimo-agenturos-naujienos","category-renginiai","category-naujienu-archyvas"],"acf":[],"_links":{"self":[{"href":"https:\/\/www.nsa.smsm.lt\/old\/wp-json\/wp\/v2\/posts\/42504","targetHints":{"allow":["GET"]}}],"collection":[{"href":"https:\/\/www.nsa.smsm.lt\/old\/wp-json\/wp\/v2\/posts"}],"about":[{"href":"https:\/\/www.nsa.smsm.lt\/old\/wp-json\/wp\/v2\/types\/post"}],"author":[{"embeddable":true,"href":"https:\/\/www.nsa.smsm.lt\/old\/wp-json\/wp\/v2\/users\/5"}],"replies":[{"embeddable":true,"href":"https:\/\/www.nsa.smsm.lt\/old\/wp-json\/wp\/v2\/comments?post=42504"}],"version-history":[{"count":1,"href":"https:\/\/www.nsa.smsm.lt\/old\/wp-json\/wp\/v2\/posts\/42504\/revisions"}],"predecessor-version":[{"id":42505,"href":"https:\/\/www.nsa.smsm.lt\/old\/wp-json\/wp\/v2\/posts\/42504\/revisions\/42505"}],"wp:attachment":[{"href":"https:\/\/www.nsa.smsm.lt\/old\/wp-json\/wp\/v2\/media?parent=42504"}],"wp:term":[{"taxonomy":"category","embeddable":true,"href":"https:\/\/www.nsa.smsm.lt\/old\/wp-json\/wp\/v2\/categories?post=42504"},{"taxonomy":"post_tag","embeddable":true,"href":"https:\/\/www.nsa.smsm.lt\/old\/wp-json\/wp\/v2\/tags?post=42504"}],"curies":[{"name":"wp","href":"https:\/\/api.w.org\/{rel}","templated":true}]}}