{"id":42379,"date":"2025-02-14T05:04:09","date_gmt":"2025-02-14T03:04:09","guid":{"rendered":"https:\/\/www.nsa.smsm.lt\/old\/?p=42379"},"modified":"2025-02-13T15:06:20","modified_gmt":"2025-02-13T13:06:20","slug":"su-lietuvos-valstybes-atkurimo-diena","status":"publish","type":"post","link":"https:\/\/www.nsa.smsm.lt\/old\/2025\/02\/14\/su-lietuvos-valstybes-atkurimo-diena\/","title":{"rendered":"Su Lietuvos valstyb\u0117s atk\u016brimo diena!"},"content":{"rendered":"<div data-olk-copy-source=\"MessageBody\">\n<p>Laisv\u0117, Vienyb\u0117, Pasidid\u017eiavimas, Atsakomyb\u0117, Istorija, Pergal\u0117, Viltis, Ateitis, Orumas, Dr\u0105sa, Trispalv\u0117, Pagarba, T\u0117vyn\u0117 \u2013 visa tai telpa \u012f Vasario 16-\u0105j\u0105, \u012f dien\u0105, kai \u0161ven\u010diame savo valstyb\u0117s atk\u016brim\u0105.<\/p>\n<p>Lietuvos Nepriklausomyb\u0117s Akto signataras Petras Klimas sak\u0117: \u201eNepriklausomyb\u0117 n\u0117ra dovana \u2013 tai sunkus ir atkaklus tautos darbas, reikalaujantis ne tik dr\u0105sos, bet ir valstybinio i\u0161mintingumo.\u201c<\/p>\n<p>Tegul \u0161i diena \u012fkvepia dr\u0105siai kurti, myl\u0117ti, tik\u0117ti savo \u0161alimi ir primena, kad laisv\u0117 \u2013 ne tik teis\u0117, bet ir atsakomyb\u0117. Tegul m\u016bs\u0173 mintys ir darbai b\u016bna verti t\u0173, kurie aukojosi Lietuvai, ir t\u0173, kurie dar tik gims jos myl\u0117ti.<\/p>\n<p>Su \u0161viesia ir prasminga \u0161vente!<\/p>\n<\/div>\n","protected":false},"excerpt":{"rendered":"<p>Laisv\u0117, Vienyb\u0117, Pasidid\u017eiavimas, Atsakomyb\u0117, Istorija, Pergal\u0117, Viltis, Ateitis, Orumas, Dr\u0105sa, Trispalv\u0117, Pagarba, T\u0117vyn\u0117 \u2013 visa tai telpa \u012f Vasario 16-\u0105j\u0105, \u012f dien\u0105, kai \u0161ven\u010diame savo valstyb\u0117s atk\u016brim\u0105. Lietuvos Nepriklausomyb\u0117s Akto signataras Petras Klimas sak\u0117: \u201eNepriklausomyb\u0117 n\u0117ra dovana \u2013 tai sunkus&nbsp;<a href=\"https:\/\/www.nsa.smsm.lt\/old\/2025\/02\/14\/su-lietuvos-valstybes-atkurimo-diena\/\" class=\"placiau\">Pla\u010diau <i class=\"fa fa-caret-right\"><\/i><\/a><\/p>\n","protected":false},"author":5,"featured_media":0,"comment_status":"closed","ping_status":"closed","sticky":false,"template":"","format":"standard","meta":{"_acf_changed":false,"footnotes":""},"categories":[1],"tags":[],"class_list":["post-42379","post","type-post","status-publish","format-standard","hentry","category-nacionalines-svietimo-agenturos-naujienos"],"acf":[],"_links":{"self":[{"href":"https:\/\/www.nsa.smsm.lt\/old\/wp-json\/wp\/v2\/posts\/42379","targetHints":{"allow":["GET"]}}],"collection":[{"href":"https:\/\/www.nsa.smsm.lt\/old\/wp-json\/wp\/v2\/posts"}],"about":[{"href":"https:\/\/www.nsa.smsm.lt\/old\/wp-json\/wp\/v2\/types\/post"}],"author":[{"embeddable":true,"href":"https:\/\/www.nsa.smsm.lt\/old\/wp-json\/wp\/v2\/users\/5"}],"replies":[{"embeddable":true,"href":"https:\/\/www.nsa.smsm.lt\/old\/wp-json\/wp\/v2\/comments?post=42379"}],"version-history":[{"count":4,"href":"https:\/\/www.nsa.smsm.lt\/old\/wp-json\/wp\/v2\/posts\/42379\/revisions"}],"predecessor-version":[{"id":42383,"href":"https:\/\/www.nsa.smsm.lt\/old\/wp-json\/wp\/v2\/posts\/42379\/revisions\/42383"}],"wp:attachment":[{"href":"https:\/\/www.nsa.smsm.lt\/old\/wp-json\/wp\/v2\/media?parent=42379"}],"wp:term":[{"taxonomy":"category","embeddable":true,"href":"https:\/\/www.nsa.smsm.lt\/old\/wp-json\/wp\/v2\/categories?post=42379"},{"taxonomy":"post_tag","embeddable":true,"href":"https:\/\/www.nsa.smsm.lt\/old\/wp-json\/wp\/v2\/tags?post=42379"}],"curies":[{"name":"wp","href":"https:\/\/api.w.org\/{rel}","templated":true}]}}