{"id":42350,"date":"2025-02-10T09:45:08","date_gmt":"2025-02-10T07:45:08","guid":{"rendered":"https:\/\/www.nsa.smsm.lt\/old\/?p=42350"},"modified":"2025-02-10T10:45:18","modified_gmt":"2025-02-10T08:45:18","slug":"prasideda-paraisku-teikimas-stazuotems-uzsienyje","status":"publish","type":"post","link":"https:\/\/www.nsa.smsm.lt\/old\/2025\/02\/10\/prasideda-paraisku-teikimas-stazuotems-uzsienyje\/","title":{"rendered":"Prasideda parai\u0161k\u0173 teikimas sta\u017euot\u0117ms u\u017esienyje"},"content":{"rendered":"<p><strong>Nacionalin\u0117 \u0161vietimo agent\u016bra, vykdydama projekto \u201eT\u0119sk: ateik, tobul\u0117k, prisid\u0117k!\u201c veikl\u0105 \u201ePedagog\u0173 profesin\u0117s kompetencijos sta\u017euo\u010di\u0173 u\u017esienyje programa\u201c, iki kovo 4 dienos, kvie\u010dia pedagoginius darbuotojus teikti parai\u0161kas sta\u017euot\u0117ms u\u017esienyje profesin\u0117ms kompetencijoms tobulinti.<\/strong><\/p>\n<p>\u0160vietimo \u012fstaigose dirbantys pedagoginiai darbuotojai kvie\u010diami\u00a0<strong>savaranki\u0161kai\u00a0susirasti 5\u201310 dien\u0173 sta\u017euot\u0119<\/strong>, skirt\u0105 j\u0173 profesin\u0117ms kompetencijoms tobulinti. Rekomenduojama rinktis kvalifikacijos tobulinim\u0105 organizuojan\u010diose institucijose jau patvirtintas veiklas. Nacionalin\u0117 \u0161vietimo agent\u016bra finansuos sta\u017euo\u010di\u0173 i\u0161laidas kvalifikacijos tobulinim\u0105 organizuojan\u010diose Europos S\u0105jungos ir Europos ekonomin\u0117s erdv\u0117s \u0161ali\u0173 institucijose, ar \u0161e\u0161\u0117liavim\u0105 \u0161i\u0173 \u0161ali\u0173 \u0161vietimo \u012fstaigose, siekiant \u012fgyti ir (ar) pl\u0117toti pedagog\u0173 kompetencijas, reikalingas pedagogo profesin\u0117ms veikloms ir (ar) pareigoms vykdyti.<\/p>\n<p>\u0160iuo kvietimu\u00a0numatoma atrinkti 40 pedagogini\u0173 darbuotoj\u0173 i\u0161 sostin\u0117s regiono ir 120 pedagog\u0173 i\u0161 vidurio ir vakar\u0173 Lietuvos regiono.<\/p>\n<p>Parai\u0161k\u0173 teikimo terminas \u2013 iki\u00a0<strong>2025 m. kovo 4 d. (imtinai). <\/strong>Pateiktos parai\u0161kos bus vertinamos iki kovo 24 d.<\/p>\n<p>Sta\u017euo\u010di\u0173 \u012fgyvendinimo laikotarpis \u2013\u00a0<strong>2025 m. gegu\u017e\u0117s 5 d. \u2013 2025 m. gruod\u017eio 15 d.<\/strong><\/p>\n<p>Sta\u017euo\u010di\u0173 i\u0161laidos finansuojamos projekto \u201eT\u0119sk: ateik, tobul\u0117k, prisid\u0117k!\u201c l\u0117\u0161omis.<\/p>\n<p>Projekto \u012fgyvendinimo metu (iki 2027 met\u0173) planuojama skelbti dar 3 kvietimus dalyvauti pedagogini\u0173 darbuotoj\u0173 kompetencij\u0173 tobulinimo sta\u017euot\u0117se u\u017esienyje.<\/p>\n<p><strong>Reikalavimai pretendentams:<\/strong><\/p>\n<ol>\n<li>Atrankoje dalyvaujantis Pretendentas yra pedagoginis darbuotojas;<\/li>\n<li>Pretendentas kartu su Parai\u0161ka pateikia \u0161vietimo \u012fstaigos vadovo sutikim\u0105;<\/li>\n<li>Pretendentas pasirinktos Sta\u017euot\u0117s darbin\u0119 kalb\u0105 moka ne \u017eemesniu kaip B1 lygiu;<\/li>\n<li>Pretendentas u\u017epildo sutikim\u0105 d\u0117l Parai\u0161koje pateikt\u0173 asmens duomen\u0173 tvarkymo;<\/li>\n<li>Pretendentas kartu su Parai\u0161ka pateikia Priiman\u010diosios organizacijos dokument\u0105 (i\u0161ankstin\u0119 registracij\u0105, susitarim\u0105, el. lai\u0161k\u0105 ar pan.), kuriame nurodytas Sta\u017euot\u0117s pavadinimas, forma, vieta, trukm\u0117 ir Sta\u017euot\u0117s programos mokestis (jei toks yra);<\/li>\n<li>Pretendentas pateikia <a href=\"https:\/\/bit.ly\/Stazuote_uzsienyje2\" target=\"_blank\" rel=\"noopener\"><em>Parai\u0161k\u0105<\/em><\/a> iki\u00a0<strong>2025 m. kovo 4 d.<\/strong><\/li>\n<\/ol>\n<p><strong>\u00a0Atrankos kriterijai:<\/strong><\/p>\n<ol>\n<li>Pretendentas, pasirinkdamas sta\u017euot\u0117s tem\u0105, atsi\u017evelgia \u012f galiojan\u010dias prioritetines kvalifikacijos tobulinimo sritis;<\/li>\n<li>Pretendentas pagrind\u017eia motyvacij\u0105 dalyvauti sta\u017euot\u0117s programoje;<\/li>\n<li>Pretendentas planuoja \u012fgyti ir (ar) tobulinti profesin\u0117s elgsenos, kognityvin\u0117s, veikimo kartu ir emocin\u0117s-motyvacin\u0117s sri\u010di\u0173 kompetencijas pagal\u00a0<a href=\"https:\/\/e-seimas.lrs.lt\/portal\/legalAct\/lt\/TAD\/e8d855a08d6111eea791d94269904d9b?jfwid=-1l7zm5mf0\" target=\"_blank\" rel=\"noopener\">\u201eMokytoj\u0173 ir pagalbos mokiniui specialist\u0173 kompetencij\u0173 apra\u0161\u0105\u201c<\/a>;<\/li>\n<li>Pretendentas \u012fsipareigoja naujas \u017einias ir \u012fg\u016bd\u017eius taikyti praktikoje, numato poveik\u012f tolesn\u0117ms profesin\u0117ms veikloms arba pareigoms vykdyti;<\/li>\n<li>Pretendentas numato ir \u012fsipareigoja \u012fgyvendinti gerosios patirties sklaid\u0105.<\/li>\n<\/ol>\n<p><strong>Parai\u0161kos teikimui aktual\u016bs dokumentai:<\/strong><\/p>\n<p><a href=\"https:\/\/www.e-tar.lt\/portal\/lt\/legalAct\/a5a69af0e48411ef8bf78f8ccc0e0474\" target=\"_blank\" rel=\"noopener\">Pedagogini\u0173 darbuotoj\u0173 kompetencij\u0173 tobulinimo sta\u017euo\u010di\u0173 u\u017esienyje tvarkos apra\u0161as.<\/a><\/p>\n<p><a href=\"https:\/\/www.nsa.smsm.lt\/old\/old\/wp-content\/uploads\/2025\/02\/Svietimo_istaigos_vadovo_sutikimo_forma.docx\">\u0160vietimo \u012fstaigos vadovo sutikimo forma.<\/a><\/p>\n<p><a href=\"https:\/\/www.nsa.smsm.lt\/old\/old\/wp-content\/uploads\/2025\/02\/Sutikimo_del-asmens_duomenu_tvarkymo_forma.docx\">Sutikimo d\u0117l asmens duomen\u0173 tvarkymo forma.<\/a><\/p>\n<p>Parai\u0161kos teikiamos elektroniniu b\u016bdu u\u017epildant <a href=\"https:\/\/forms.office.com\/pages\/responsepage.aspx?id=umfGY12K0EKXrRF1yOGwEjj5uhd99k9DrPIn9ecnmKZURVJUSzhCMkhXT0wyVENLQlVRQUdZWU1CWC4u&amp;route=shorturl\" target=\"_blank\" rel=\"noopener\"><em>Parai\u0161kos form\u0105<\/em><\/a> ir pridedant skenuotus reikiamus dokumentus: Sta\u017euot\u0119 patvirtinant\u012f priiman\u010diosios organizacijos dokument\u0105, \u0161vietimo \u012fstaigos vadovo pasira\u0161yt\u0105 sutikim\u0105 ir Pretendento pasira\u0161yt\u0105 sutikim\u0105 d\u0117l duomen\u0173 tvarkymo.<\/p>\n<p>\u0160vietimo \u012fstaig\u0173, kuriose dirba atrinkti sta\u017euo\u010di\u0173 dalyviai, vadovai ir dalyviai bus kvie\u010diami pasira\u0161yti tri\u0161al\u012f susitarim\u0105 d\u0117l dalyvavimo sta\u017euot\u0117je u\u017esienyje.<\/p>\n<p><strong>Sta\u017euo\u010di\u0173 u\u017esienyje finansavimas<\/strong><\/p>\n<p>\u012egyvendindama projekt\u0105 \u201eT\u0119sk: ateik, tobul\u0117k, prisid\u0117k!\u201c pagal 2021\u20132030 m. pl\u0117tros programos valdytojos Lietuvos Respublikos \u0161vietimo, mokslo ir sporto ministerijos \u0161vietimo pl\u0117tros programos pa\u017eangos priemon\u0119 \u201ePirmiausia \u2013 mokytojas\u201c, Nacionalin\u0117 \u0161vietimo agent\u016bra sta\u017euo\u010di\u0173 u\u017esienyje dalyviams apmok\u0117s sta\u017euot\u0117s programos, kelion\u0117s, apgyvendinimo, maitinimo\u00a0\/\u00a0dienpinigi\u0173 ir draudimo i\u0161laidas pagal apra\u0161e nurodyt\u0105 tvark\u0105. Projektas finansuojamas \u201eEuropos socialinio fondo +\u201c ir Europos S\u0105jungos bendrojo finansavimo l\u0117\u0161omis.<\/p>\n<p>Kilus klausim\u0173, kvie\u010diame kreiptis:<\/p>\n<p>D\u0117l sta\u017euot\u0117s paie\u0161kos galimybi\u0173 konsultuoja Vilma Dainien\u0117 el. p.\u00a0<a href=\"mailto:vilma.dainiene@nsa.smm.lt\">vilma.dainiene@nsa.smm.lt<\/a>\u00a0arba tel. + 370 612 80 193.<\/p>\n<p>D\u0117l sta\u017euot\u0117s parai\u0161kos pildymo konsultuoja:<\/p>\n<p>Roma Sausaitien\u0117, el. p. <a href=\"mailto:roma.sausaitiene@nsa.smm.lt\">roma.sausaitiene@nsa.smm.lt<\/a>; Ieva \u0160pog\u0117, el. p. <a href=\"mailto:ieva.spoge@nsa.smm.lt\">ieva.spoge@nsa.smm.lt.<\/a><\/p>\n<p><strong>Naudinga informacija<\/strong><\/p>\n<p>2025 m. vasario 21 d. (10.00 val.) Nacionalin\u0117 \u0161vietimo agent\u016bra organizuoja informacin\u012f rengin\u012f b\u016bsimiems parei\u0161k\u0117jams. Renginys organizuojamas nuotoliu (Teams platformoje). I\u0161ankstin\u0117 dalyvi\u0173 registracija <a href=\"https:\/\/forms.office.com\/e\/vXRdgM1FE7\" target=\"_blank\" rel=\"noopener\">vykdoma \u010dia <\/a>iki vasario 18 d.<\/p>\n<p><a href=\"https:\/\/www.nsa.smsm.lt\/old\/old\/projektai\/ugdymo-projektai\/projektas-tesk-ateik-tobulek-prisidek\/duk\/\" target=\"_blank\" rel=\"noopener\">Atsakymai \u012f sta\u017euo\u010di\u0173 dalyvi\u0173 da\u017eniausiai u\u017eduodamus klausimus.<\/a><\/p>\n<p><a href=\"https:\/\/www.nsa.smsm.lt\/old\/old\/projektai\/ugdymo-projektai\/projektas-tesk-ateik-tobulek-prisidek\/projekto-medziaga\/\" target=\"_blank\" rel=\"noopener\">2024 m. organizuot\u0173 \u201ePedagogini\u0173 darbuotoj\u0173 kompetencij\u0173 tobulinimo sta\u017euot\u0117s u\u017esienyje\u201c\u00a0pristatymo rengini\u0173 \u012fra\u0161ai<\/a>.<\/p>\n<p><a href=\"https:\/\/www.nsa.smsm.lt\/old\/old\/projektai\/ugdymo-projektai\/projektas-tesk-ateik-tobulek-prisidek\/\" target=\"_blank\" rel=\"noopener\">Daugiau informacijos apie projekt\u0105.<\/a><\/p>\n","protected":false},"excerpt":{"rendered":"<p>Nacionalin\u0117 \u0161vietimo agent\u016bra, vykdydama projekto \u201eT\u0119sk: ateik, tobul\u0117k, prisid\u0117k!\u201c veikl\u0105 \u201ePedagog\u0173 profesin\u0117s kompetencijos sta\u017euo\u010di\u0173 u\u017esienyje programa\u201c, iki kovo 4 dienos, kvie\u010dia pedagoginius darbuotojus teikti parai\u0161kas sta\u017euot\u0117ms u\u017esienyje profesin\u0117ms kompetencijoms tobulinti. \u0160vietimo \u012fstaigose dirbantys pedagoginiai darbuotojai kvie\u010diami\u00a0savaranki\u0161kai\u00a0susirasti 5\u201310 dien\u0173 sta\u017euot\u0119, skirt\u0105&nbsp;<a href=\"https:\/\/www.nsa.smsm.lt\/old\/2025\/02\/10\/prasideda-paraisku-teikimas-stazuotems-uzsienyje\/\" class=\"placiau\">Pla\u010diau <i class=\"fa fa-caret-right\"><\/i><\/a><\/p>\n","protected":false},"author":5,"featured_media":0,"comment_status":"closed","ping_status":"closed","sticky":false,"template":"","format":"standard","meta":{"_acf_changed":false,"footnotes":""},"categories":[1,19,21],"tags":[],"class_list":["post-42350","post","type-post","status-publish","format-standard","hentry","category-nacionalines-svietimo-agenturos-naujienos","category-projektu-naujienos","category-naujienu-archyvas"],"acf":[],"_links":{"self":[{"href":"https:\/\/www.nsa.smsm.lt\/old\/wp-json\/wp\/v2\/posts\/42350","targetHints":{"allow":["GET"]}}],"collection":[{"href":"https:\/\/www.nsa.smsm.lt\/old\/wp-json\/wp\/v2\/posts"}],"about":[{"href":"https:\/\/www.nsa.smsm.lt\/old\/wp-json\/wp\/v2\/types\/post"}],"author":[{"embeddable":true,"href":"https:\/\/www.nsa.smsm.lt\/old\/wp-json\/wp\/v2\/users\/5"}],"replies":[{"embeddable":true,"href":"https:\/\/www.nsa.smsm.lt\/old\/wp-json\/wp\/v2\/comments?post=42350"}],"version-history":[{"count":7,"href":"https:\/\/www.nsa.smsm.lt\/old\/wp-json\/wp\/v2\/posts\/42350\/revisions"}],"predecessor-version":[{"id":42362,"href":"https:\/\/www.nsa.smsm.lt\/old\/wp-json\/wp\/v2\/posts\/42350\/revisions\/42362"}],"wp:attachment":[{"href":"https:\/\/www.nsa.smsm.lt\/old\/wp-json\/wp\/v2\/media?parent=42350"}],"wp:term":[{"taxonomy":"category","embeddable":true,"href":"https:\/\/www.nsa.smsm.lt\/old\/wp-json\/wp\/v2\/categories?post=42350"},{"taxonomy":"post_tag","embeddable":true,"href":"https:\/\/www.nsa.smsm.lt\/old\/wp-json\/wp\/v2\/tags?post=42350"}],"curies":[{"name":"wp","href":"https:\/\/api.w.org\/{rel}","templated":true}]}}