{"id":42044,"date":"2024-12-27T16:12:01","date_gmt":"2024-12-27T14:12:01","guid":{"rendered":"https:\/\/www.nsa.smsm.lt\/old\/?p=42044"},"modified":"2024-12-27T16:12:01","modified_gmt":"2024-12-27T14:12:01","slug":"kvalifikacijos-programa-siulo-gilintis-i-kalbu-mokyma-pasitelkiant-dirbtini-intelekta","status":"publish","type":"post","link":"https:\/\/www.nsa.smsm.lt\/old\/2024\/12\/27\/kvalifikacijos-programa-siulo-gilintis-i-kalbu-mokyma-pasitelkiant-dirbtini-intelekta\/","title":{"rendered":"Kvalifikacijos programa si\u016blo gilintis \u012f kalb\u0173 mokym\u0105 pasitelkiant dirbtin\u012f intelekt\u0105"},"content":{"rendered":"<p><strong>Iki sausio 20 d. atvira registracija \u012f nacionalin\u0119 pedagogini\u0173 darbuotoj\u0173 kvalifikacijos tobulinimo program\u0105 \u201eKalb\u0173 mokymo(si) optimizavimas pasitelkus generatyvin\u012f dirbtin\u012f intelekt\u0105 (GDI)\u201c.<\/strong><\/p>\n<p>Vilniaus universiteto parengta programa skirta lietuvi\u0173, lenk\u0173, pranc\u016bz\u0173, vokie\u010di\u0173 ir kit\u0173 kalb\u0173 mokytojams, dirbantiems pagal bendrojo ugdymo programas ir siekiantiems i\u0161mokti eti\u0161kai ir veiksmingai naudoti generatyvinio dirbtinio intelekto (toliau \u2013 GDI) technologijas mokymo(si) procese. Programos dalyviai pagilins savo \u017einias apie GDI galimybes ir i\u0161\u0161\u016bkius, tur\u0117s galimybes i\u0161siai\u0161kinti, kaip veiksmingai, atsakingai bei eti\u0161kai naudoti GDI mokant(is) kalb\u0173, su\u017einos apie naujausias \u0161vietimo tendencijas ir geriausias praktikas.<\/p>\n<p>Programa \u012fgyvendinama bendradarbiaujant su nacionaliniais partneriais: Lietuvos pranc\u016bz\u0173 kalbos mokytoj\u0173 asociacija, Lietuvos polonist\u0173 asociacija, Lietuvos vokie\u010di\u0173 kalbos mokytoj\u0173 asociacija, Lietuvos taikomosios kalbotyros asociacija, Lietuvos dirbtinio intelekto asociacija.<\/p>\n<p>Programa \u012fgyvendinama pagal Nacionalin\u0117s \u0161vietimo agent\u016bros projekt\u0105 \u201ePedagog\u0173 kompetencij\u0173 stiprinimas nacionalin\u0117se kvalifikacijos tobulinimo programose ir magistrant\u016bros studijose\u201c.<\/p>\n<p>* <em>Mokymai skirti tik pedagogams, dirbantiems bendrojo ugdymo \u012fstaigose, registruotiems Pedagog\u0173 registre ir dirbantiems pedagogin\u012f darb\u0105.<\/em><\/p>\n<p>* <em>Esant konkursui pirmenyb\u0117 teikiama kalbinio ugdymo mokytojams mokantiems lietuvi\u0173, pranc\u016bz\u0173, vokie\u010di\u0173, lenk\u0173 kalb\u0173. Programoje gali dalyvauti <\/em><em>kalbinio ugdymo moduli\u0173 absolventai ir dalyviai.<\/em><\/p>\n<p><em>* Mokymuose gali dalyvauti tik tie pedagoginiai darbuotojai, kurie iki \u0161iol n\u0117ra dalyvav\u0119 n\u0117 vienoje projekto \u201ePedagog\u0173 kompetencij\u0173 stiprinimas nacionalin\u0117se kvalifikacijos tobulinimo programose ir magistrant\u016bros studijose\u201c finansuojamoje veikloje (nei bet kurioje nacionalin\u0117je kvalifikacijos tobulinimo programoje, nei magistrant\u016bros studijose).<\/em><\/p>\n<p><em>* <\/em><em>D\u0117l mokytojo komandiruot\u0117s bei dalyvavimo visuose programos kontaktiniuose mokymuose b\u016btinas mokyklos direktoriaus ra\u0161ti\u0161kas patvirtinimas<\/em>.<\/p>\n<p><strong>Programos organizavimas<\/strong><\/p>\n<ul>\n<li>Programos dalyviai kartu studijuos bendras temas, o specialiai atskirai kalbai skirtus seminarus<\/li>\n<\/ul>\n<p>dirbs grup\u0117se, kurios atitinka j\u0173 pasirinkt\u0105 kalb\u0105.<\/p>\n<ul>\n<li>Programos apimtis \u2013 270 akademini\u0173 valand\u0173 (kontaktinio ir savaranki\u0161ko darbo), i\u0161 j\u0173:<\/li>\n<\/ul>\n<p>\u2013 \u00a081 val. (30 proc.) skirta mi\u0161riuoju b\u016bdu vykdomoms studijoms, kurias sudaro:<\/p>\n<ul>\n<li>16 val. teorini\u0173 \u012ftraukiam\u0173j\u0173 paskait\u0173,<\/li>\n<li>48 val. pratyb\u0173 (didesne dalimi pagal kalbos specializacij\u0105),<\/li>\n<li>11 val. konsultacij\u0173 (pagal kalbos specializacij\u0105)<\/li>\n<li>6 val. gerosios patirties refleksijai ir sklaidai (praktikos rezultatams pristatyti ir aptarti) baigiamojoje metodin\u0117je konferencijoje;<\/li>\n<\/ul>\n<p>\u2013 \u00a0108 val. (40 proc.) skirta pasirinktoje ugdymo \u012fstaigoje atliekamai savaranki\u0161kai praktikai;<\/p>\n<p>\u2013 \u00a081 val. (30 proc.) skirta dalyvi\u0173 savaranki\u0161koms studijoms (literat\u016brai ir \u0161altiniams analizuoti, d\u0117stytoj\u0173 parengtoms u\u017eduotims atlikti).<\/p>\n<ul>\n<li>Programos \u012fgyvendintojai \u2013 Vilniaus universiteto mokslininkai, d\u0117stytojai ir programos bendraautoriai \u2013 \u0161alies ir u\u017esienio mokslininkai.<\/li>\n<li>Mokymai yra nemokami ir vyks Vilniuje, kelion\u0117s i\u0161laidos ir apgyvendinimas n\u0117ra finansuojamas.<\/li>\n<li>Dalyviams, \u012fvykd\u017eiusiems program\u0105, i\u0161duodamas programos baigim\u0105 patvirtinantis pa\u017eym\u0117jimas ir akademin\u0117 pa\u017eyma. Programos dalyviams, studijuojantiems Vilniaus universitete, \u012fgyti studij\u0173 rezultatai pagal Studij\u0173 rezultat\u0173 \u012fskaitymo Vilniaus universitete tvarkos apra\u0161\u0105 ir Vilniaus universiteto student\u0173 neformaliuoju ir savi\u0161vietos b\u016bdu \u012fgyt\u0173 kompetencij\u0173 pripa\u017einimo ir studij\u0173 dalyk\u0173 (moduli\u0173) \u012fskaitymo tvarkos apra\u0161\u0105 gali b\u016bti \u012fskaityti kaip individuali\u0173j\u0173 studij\u0173 dalykai arba kaip pasirenkamieji ar privalomieji studij\u0173 dalykai, jei \u012fgytos kompetencijos atitinka studij\u0173 programos ugdomas kompetencijas.<\/li>\n<\/ul>\n<p>Programos vykdymas pedagog\u0173 grupei (iki 60 asmen\u0173) planuojamas nuo 2025 m. sausio m\u0117n. 31 d. iki 2025 m. liepos 4 d. m\u0117n.<\/p>\n<p><strong>Registracija vyks iki 2025 sausio 20 d.<\/strong><\/p>\n<p>Registracija \u010dia:<\/p>\n<ul>\n<li>Lietuvi\u0173 kalbos mokytojams: \u00a0<a href=\"https:\/\/forms.office.com\/e\/f3W0iu71fK\">https:\/\/forms.office.com\/e\/f3W0iu71fK<\/a><\/li>\n<li>Pranc\u016bz\u0173 kalbos mokytojams: <a href=\"https:\/\/forms.office.com\/e\/cRnZKMktDz\">https:\/\/forms.office.com\/e\/cRnZKMktDz<\/a><\/li>\n<li>Vokie\u010di\u0173 kalbos mokytojams: <a href=\"https:\/\/forms.office.com\/e\/tAjH50mRMn\">https:\/\/forms.office.com\/e\/tAjH50mRMn<\/a><\/li>\n<li>Lenk\u0173 kalbos mokytojams: \u00a0\u00a0\u00a0\u00a0\u00a0<a href=\"https:\/\/forms.office.com\/e\/tUBqKQD8a4\">https:\/\/forms.office.com\/e\/tUBqKQD8a4<\/a><\/li>\n<\/ul>\n<p><strong>\u00a0<\/strong><\/p>\n<p><strong>Daugiau informacijos<\/strong>: Vilniaus universitetas, Andrijana Leonien\u0117, el. p. <a href=\"mailto:andrijana.leoniene@fsf.vu.lt\">andrijana.leoniene@fsf.vu.lt<\/a><\/p>\n<p>&nbsp;<\/p>\n<p><em>Nacionalin\u0117s kvalifikacijos tobulinimo programos \u012fgyvendinimas pagal \u0160vietimo pl\u0117tros programos pa\u017eangos priemon\u0119 Nr. 12-003-03-06-01 \u201ePirmiausia \u2013 mokytojas\u201c bus finansuojamas Europos S\u0105jungos ekonomikos gaivinimo ir atsparumo didinimo priemon\u0117s \u201eNextGenerationEU\u201c l\u0117\u0161omis.<\/em><\/p>\n<p>&nbsp;<\/p>\n<p>&nbsp;<\/p>\n","protected":false},"excerpt":{"rendered":"<p>Iki sausio 20 d. atvira registracija \u012f nacionalin\u0119 pedagogini\u0173 darbuotoj\u0173 kvalifikacijos tobulinimo program\u0105 \u201eKalb\u0173 mokymo(si) optimizavimas pasitelkus generatyvin\u012f dirbtin\u012f intelekt\u0105 (GDI)\u201c. Vilniaus universiteto parengta programa skirta lietuvi\u0173, lenk\u0173, pranc\u016bz\u0173, vokie\u010di\u0173 ir kit\u0173 kalb\u0173 mokytojams, dirbantiems pagal bendrojo ugdymo programas ir&nbsp;<a href=\"https:\/\/www.nsa.smsm.lt\/old\/2024\/12\/27\/kvalifikacijos-programa-siulo-gilintis-i-kalbu-mokyma-pasitelkiant-dirbtini-intelekta\/\" class=\"placiau\">Pla\u010diau <i class=\"fa fa-caret-right\"><\/i><\/a><\/p>\n","protected":false},"author":5,"featured_media":0,"comment_status":"open","ping_status":"open","sticky":false,"template":"","format":"standard","meta":{"_acf_changed":false,"footnotes":""},"categories":[1,19,18,21],"tags":[],"class_list":["post-42044","post","type-post","status-publish","format-standard","hentry","category-nacionalines-svietimo-agenturos-naujienos","category-projektu-naujienos","category-mokymai","category-naujienu-archyvas"],"acf":[],"_links":{"self":[{"href":"https:\/\/www.nsa.smsm.lt\/old\/wp-json\/wp\/v2\/posts\/42044","targetHints":{"allow":["GET"]}}],"collection":[{"href":"https:\/\/www.nsa.smsm.lt\/old\/wp-json\/wp\/v2\/posts"}],"about":[{"href":"https:\/\/www.nsa.smsm.lt\/old\/wp-json\/wp\/v2\/types\/post"}],"author":[{"embeddable":true,"href":"https:\/\/www.nsa.smsm.lt\/old\/wp-json\/wp\/v2\/users\/5"}],"replies":[{"embeddable":true,"href":"https:\/\/www.nsa.smsm.lt\/old\/wp-json\/wp\/v2\/comments?post=42044"}],"version-history":[{"count":1,"href":"https:\/\/www.nsa.smsm.lt\/old\/wp-json\/wp\/v2\/posts\/42044\/revisions"}],"predecessor-version":[{"id":42045,"href":"https:\/\/www.nsa.smsm.lt\/old\/wp-json\/wp\/v2\/posts\/42044\/revisions\/42045"}],"wp:attachment":[{"href":"https:\/\/www.nsa.smsm.lt\/old\/wp-json\/wp\/v2\/media?parent=42044"}],"wp:term":[{"taxonomy":"category","embeddable":true,"href":"https:\/\/www.nsa.smsm.lt\/old\/wp-json\/wp\/v2\/categories?post=42044"},{"taxonomy":"post_tag","embeddable":true,"href":"https:\/\/www.nsa.smsm.lt\/old\/wp-json\/wp\/v2\/tags?post=42044"}],"curies":[{"name":"wp","href":"https:\/\/api.w.org\/{rel}","templated":true}]}}