{"id":41941,"date":"2024-12-13T14:56:33","date_gmt":"2024-12-13T12:56:33","guid":{"rendered":"https:\/\/www.nsa.smsm.lt\/old\/?p=41941"},"modified":"2024-12-13T15:56:11","modified_gmt":"2024-12-13T13:56:11","slug":"isleista-leidinio-lietuva-svietimas-salyje-ir-regionuose-2024-ii-dalis","status":"publish","type":"post","link":"https:\/\/www.nsa.smsm.lt\/old\/2024\/12\/13\/isleista-leidinio-lietuva-svietimas-salyje-ir-regionuose-2024-ii-dalis\/","title":{"rendered":"I\u0161leista leidinio \u201eLietuva. \u0160vietimas \u0161alyje ir regionuose 2024\u201c II dalis"},"content":{"rendered":"<p><strong>\u0160vietimo, mokslo ir sporto ministerija kartu su Nacionaline \u0161vietimo agent\u016bra kasmet i\u0161leid\u017eia leidin\u012f, kuriame \u0161alies ir savivaldybi\u0173 lygmeniu ap\u017evelgiama \u0161vietimo b\u016bkl\u0117. Pirmoji leidinio dalis buvo i\u0161leista prie\u0161 naujuosius mokslo metus, o antrosios dalies \u0161vietimo bendruomen\u0117 sulauk\u0117 dabar \u2013 besibaigiant kalendoriniams metams.<\/strong><\/p>\n<p>Antroje leidinio dalyje i\u0161samiai nagrin\u0117jama pastaruoju metu itin stiprinama ugdymo sritis \u2013 socialini\u0173 ir emocini\u0173 kompetencij\u0173 ugdymas. Kadangi \u0161ios kompetencijos glaud\u017eiai susijusios su pilieti\u0161kumu, ap\u017evalgoje aptariami ir kai kurie pilieti\u0161kumo ugdymo aspektai.<\/p>\n<p>Ap\u017evalgoje:<br \/>\n\u2022 aptariama socialini\u0173 ir emocini\u0173 kompetencij\u0173 samprata, j\u0173 ugdymo proceso raida bei \u0161i\u0173 kompetencij\u0173 ugdym\u0105 reglamentuojantys teis\u0117s aktai. \u010cia taip pat rasite pateikiam\u0173 argument\u0173, pagrind\u017eian\u010di\u0173 b\u016btinyb\u0119 stiprinti socialin\u012f ir emocin\u012f ugdym\u0105;<br \/>\n\u2022 remiantis nacionalini\u0173 ir tarptautini\u0173 tyrim\u0173 duomenimis, pla\u010diai ap\u017evelgiamos mokini\u0173 socialin\u0117s ir emocin\u0117s kompetencijos, akcentuojama, kokiu b\u016bdu jos ugdomos geriausiai, kas prie to prisideda ir t. t.;<br \/>\n\u2022 aptariama \u0161vietimo pagalbos pl\u0117tra, sudaranti palankesnes s\u0105lygas mokini\u0173 socialin\u0117ms ir emocin\u0117ms kompetencijoms tobulinti, gerinanti \u012fvairi\u0173 ugdymosi poreiki\u0173 turin\u010di\u0173 mokini\u0173 ugdymosi s\u0105lygas;<br \/>\n\u2022 nagrin\u0117jami socialini\u0173 ir emocini\u0173 kompetencij\u0173 ugdymo proceso aspektai: j\u0173 ugdymas pamokose ir kitose mokyklos veiklose, palankios mokyklos aplinkos k\u016brimas, bendradarbiavimas su mokini\u0173 t\u0117vais, neformaliojo vaik\u0173 \u0161vietimo s\u0105sajos su socialini\u0173 ir emocini\u0173 kompetencij\u0173 ugdymu;<br \/>\n\u2022 aptariamas ir savivaldybi\u0173 ind\u0117lis ugdant mokini\u0173 socialines ir emocines kompetencijas.<br \/>\nRengiant \u0161vietimo b\u016bkl\u0117s ap\u017evalg\u0105, atsi\u017evelgta \u012f socialini\u0173 ir emocini\u0173 kompetencij\u0173 ugdymo u\u017edavinius ir proces\u0105 reglamentuojan\u010dius teis\u0117s aktus, statistinius duomenis, tarptautinius bei nacionalinius mokini\u0173 pasiekim\u0173 ir kit\u0173 tyrim\u0173 rezultatus.<\/p>\n<p>Leidinyje atskleid\u017eiama, jog socialini\u0173 ir emocini\u0173 kompetencij\u0173 ugdymas turi \u012ftakos ir bendrai mokini\u0173 emocinei gerovei, ir mokymosi pasiekimams. Jos taip pat susijusios su \u017emogaus mokymusi vis\u0105 gyvenim\u0105, profesine karjera, asmeninio ir bendruomeninio gyvenimo kokybe.<\/p>\n<p>Su visu leidiniu galima <a href=\"https:\/\/www.nsa.smsm.lt\/old\/old\/wp-content\/uploads\/2024\/12\/Svietimas_Lietuvoje_2024_2_dalis_web-3.pdf\" target=\"_blank\" rel=\"noopener\">susipa\u017einti \u010dia<\/a>.<\/p>\n","protected":false},"excerpt":{"rendered":"<p>\u0160vietimo, mokslo ir sporto ministerija kartu su Nacionaline \u0161vietimo agent\u016bra kasmet i\u0161leid\u017eia leidin\u012f, kuriame \u0161alies ir savivaldybi\u0173 lygmeniu ap\u017evelgiama \u0161vietimo b\u016bkl\u0117. Pirmoji leidinio dalis buvo i\u0161leista prie\u0161 naujuosius mokslo metus, o antrosios dalies \u0161vietimo bendruomen\u0117 sulauk\u0117 dabar \u2013 besibaigiant kalendoriniams&nbsp;<a href=\"https:\/\/www.nsa.smsm.lt\/old\/2024\/12\/13\/isleista-leidinio-lietuva-svietimas-salyje-ir-regionuose-2024-ii-dalis\/\" class=\"placiau\">Pla\u010diau <i class=\"fa fa-caret-right\"><\/i><\/a><\/p>\n","protected":false},"author":5,"featured_media":0,"comment_status":"open","ping_status":"open","sticky":false,"template":"","format":"standard","meta":{"_acf_changed":false,"footnotes":""},"categories":[1,21],"tags":[],"class_list":["post-41941","post","type-post","status-publish","format-standard","hentry","category-nacionalines-svietimo-agenturos-naujienos","category-naujienu-archyvas"],"acf":[],"_links":{"self":[{"href":"https:\/\/www.nsa.smsm.lt\/old\/wp-json\/wp\/v2\/posts\/41941","targetHints":{"allow":["GET"]}}],"collection":[{"href":"https:\/\/www.nsa.smsm.lt\/old\/wp-json\/wp\/v2\/posts"}],"about":[{"href":"https:\/\/www.nsa.smsm.lt\/old\/wp-json\/wp\/v2\/types\/post"}],"author":[{"embeddable":true,"href":"https:\/\/www.nsa.smsm.lt\/old\/wp-json\/wp\/v2\/users\/5"}],"replies":[{"embeddable":true,"href":"https:\/\/www.nsa.smsm.lt\/old\/wp-json\/wp\/v2\/comments?post=41941"}],"version-history":[{"count":3,"href":"https:\/\/www.nsa.smsm.lt\/old\/wp-json\/wp\/v2\/posts\/41941\/revisions"}],"predecessor-version":[{"id":41952,"href":"https:\/\/www.nsa.smsm.lt\/old\/wp-json\/wp\/v2\/posts\/41941\/revisions\/41952"}],"wp:attachment":[{"href":"https:\/\/www.nsa.smsm.lt\/old\/wp-json\/wp\/v2\/media?parent=41941"}],"wp:term":[{"taxonomy":"category","embeddable":true,"href":"https:\/\/www.nsa.smsm.lt\/old\/wp-json\/wp\/v2\/categories?post=41941"},{"taxonomy":"post_tag","embeddable":true,"href":"https:\/\/www.nsa.smsm.lt\/old\/wp-json\/wp\/v2\/tags?post=41941"}],"curies":[{"name":"wp","href":"https:\/\/api.w.org\/{rel}","templated":true}]}}