{"id":41836,"date":"2024-12-05T09:35:06","date_gmt":"2024-12-05T07:35:06","guid":{"rendered":"https:\/\/www.nsa.smsm.lt\/old\/?p=41836"},"modified":"2024-12-05T13:50:23","modified_gmt":"2024-12-05T11:50:23","slug":"demesio-centre-socialinio-ir-emocinio-ugdymo-itaka-mokymosi-pasiekimams","status":"publish","type":"post","link":"https:\/\/www.nsa.smsm.lt\/old\/2024\/12\/05\/demesio-centre-socialinio-ir-emocinio-ugdymo-itaka-mokymosi-pasiekimams\/","title":{"rendered":"D\u0117mesio centre \u2013 socialinio ir emocinio ugdymo \u012ftaka mokymosi pasiekimams"},"content":{"rendered":"<p><strong>\u0160iandien prasid\u0117jusioje Nacionalin\u0117s \u0161vietimo agent\u016bros organizuojamoje konferencijoje \u201eSocialinio ir emocinio ugdymo b\u016bkl\u0117 Geros mokyklos koncepcijos kontekste\u201c aptariamos mokymosi pasiekim\u0173 ir socialini\u0173 emocini\u0173 kompetencij\u0173 s\u0105sajos, \u012ftraukiojo ugdymo aktualijos.<\/strong><\/p>\n<p>Pirm\u0105j\u0105 konferencijos dien\u0105 d\u0117mesys skiriamas mokymosi pasiekim\u0173 ir socialini\u0173 emocini\u0173 kompetencij\u0173 s\u0105sajai, kaip \u0161iame kontekste veikia Geros mokyklos koncepcija, su kokiomis kli\u016btimis susiduria savivaldyb\u0117s spr\u0119sdamos su socialin\u0117mis emocin\u0117mis kompetencijomis susijusius klausimus bei k\u0105 galima padaryti, kad i\u0161\u0161\u016bki\u0173 kilt\u0173 vis ma\u017eiau. \u012e\u017evalgomis \u0161iomis temomis dalinsis Psichologijos instituto direktor\u0117 dr. Roma Jusien\u0117, \u0161vietimo, mokslo ir sporto viceministras Ignas Gai\u017ei\u016bnas.<\/p>\n<p>Konferencijos dalyviai dirbtuv\u0117se grup\u0117se nagrin\u0117s, ar socialin\u0117s-emocin\u0117s kompetencijos yra ugdymosi kryptis ar terp\u0117 ugdymuisi, kas padeda ugdyti socialines-emocines kompetencijas ir kaip spr\u0119sti kliuvinius, kokios i\u0161kyla u\u017eduotys savivaldybei, \u012fgyvendinant socialin\u012f-emocin\u012f ugdym\u0105, kaip \u201ei\u0161matuoti\u201c socialinio-emocinio ugdymo kokyb\u0119.<\/p>\n<p>Ie\u0161kant atsakym\u0173 \u012f keliamus klausimus, renginyje bus pasitelkiamos ir netradicin\u0117s formos, kult\u016bros edukacija: konferencijos dalyviai gal\u0117s \u012fsitraukti \u012f Alytaus teatro rodom\u0105 spektakl\u012f \u201ekitOKs\u201c, o filmas \u201eA\u0160 esu\u201c ragins priimti kitokius vaikus ir pad\u0117ti jiems augti drauge.<\/p>\n<p>Antroji konferencijos diena orientuota \u012f socialinio-emocinio ugdymo situacijos savivaldyb\u0117se aptarim\u0105. Visagino, Mol\u0117t\u0173, Roki\u0161kio, Vilniaus, \u0160iauli\u0173, Kauno rajon\u0173 savivaldybi\u0173 atstovai dalinsis ger\u0105ja patirtimi apie bendruomen\u0117s kuriam\u0105 \u012ftraukt\u012f, mokini\u0173 u\u017eimtum\u0105 po pamok\u0173, bendradarbiavimo reik\u0161m\u0119 mokyklos veiklos kokybei, socialin\u012f ir emocin\u012f ugdym\u0105 per formaliojo ir neformaliojo ugdymo simbioz\u0119. Socialinio-emocinio ugdymo situacij\u0105 savivaldyb\u0117se ap\u017evelgs ir savo pasteb\u0117jimus i\u0161sakys Vytauto Did\u017eiojo universiteto \u0160vietimo akademijos profesorius habil. Dr. Gediminas Merkys.<\/p>\n<p>Renginys, organizuojamas Nacionalin\u0117s \u0161vietimo agent\u016bros drauge su \u0160vietimo mokslo ir sporto ministerija, skirtas \u0161vietimo politikos \u012fgyvendinim\u0105 savivaldyb\u0117se kuruojantiems atstovams, Lietuvos savivaldybi\u0173 asociacijos, Lietuvos mokykl\u0173 vadov\u0173 asociacijos, Lietuvos \u0161vietimo tarybos, mokini\u0173 t\u0117v\u0173 organizacij\u0173 nariams.<\/p>\n","protected":false},"excerpt":{"rendered":"<p>\u0160iandien prasid\u0117jusioje Nacionalin\u0117s \u0161vietimo agent\u016bros organizuojamoje konferencijoje \u201eSocialinio ir emocinio ugdymo b\u016bkl\u0117 Geros mokyklos koncepcijos kontekste\u201c aptariamos mokymosi pasiekim\u0173 ir socialini\u0173 emocini\u0173 kompetencij\u0173 s\u0105sajos, \u012ftraukiojo ugdymo aktualijos. Pirm\u0105j\u0105 konferencijos dien\u0105 d\u0117mesys skiriamas mokymosi pasiekim\u0173 ir socialini\u0173 emocini\u0173 kompetencij\u0173 s\u0105sajai, kaip&nbsp;<a href=\"https:\/\/www.nsa.smsm.lt\/old\/2024\/12\/05\/demesio-centre-socialinio-ir-emocinio-ugdymo-itaka-mokymosi-pasiekimams\/\" class=\"placiau\">Pla\u010diau <i class=\"fa fa-caret-right\"><\/i><\/a><\/p>\n","protected":false},"author":5,"featured_media":0,"comment_status":"open","ping_status":"open","sticky":false,"template":"","format":"standard","meta":{"_acf_changed":false,"footnotes":""},"categories":[1,21],"tags":[],"class_list":["post-41836","post","type-post","status-publish","format-standard","hentry","category-nacionalines-svietimo-agenturos-naujienos","category-naujienu-archyvas"],"acf":[],"_links":{"self":[{"href":"https:\/\/www.nsa.smsm.lt\/old\/wp-json\/wp\/v2\/posts\/41836","targetHints":{"allow":["GET"]}}],"collection":[{"href":"https:\/\/www.nsa.smsm.lt\/old\/wp-json\/wp\/v2\/posts"}],"about":[{"href":"https:\/\/www.nsa.smsm.lt\/old\/wp-json\/wp\/v2\/types\/post"}],"author":[{"embeddable":true,"href":"https:\/\/www.nsa.smsm.lt\/old\/wp-json\/wp\/v2\/users\/5"}],"replies":[{"embeddable":true,"href":"https:\/\/www.nsa.smsm.lt\/old\/wp-json\/wp\/v2\/comments?post=41836"}],"version-history":[{"count":2,"href":"https:\/\/www.nsa.smsm.lt\/old\/wp-json\/wp\/v2\/posts\/41836\/revisions"}],"predecessor-version":[{"id":41862,"href":"https:\/\/www.nsa.smsm.lt\/old\/wp-json\/wp\/v2\/posts\/41836\/revisions\/41862"}],"wp:attachment":[{"href":"https:\/\/www.nsa.smsm.lt\/old\/wp-json\/wp\/v2\/media?parent=41836"}],"wp:term":[{"taxonomy":"category","embeddable":true,"href":"https:\/\/www.nsa.smsm.lt\/old\/wp-json\/wp\/v2\/categories?post=41836"},{"taxonomy":"post_tag","embeddable":true,"href":"https:\/\/www.nsa.smsm.lt\/old\/wp-json\/wp\/v2\/tags?post=41836"}],"curies":[{"name":"wp","href":"https:\/\/api.w.org\/{rel}","templated":true}]}}