{"id":41233,"date":"2024-10-16T14:58:02","date_gmt":"2024-10-16T12:58:02","guid":{"rendered":"https:\/\/www.nsa.smsm.lt\/old\/?p=41233"},"modified":"2024-11-13T16:02:12","modified_gmt":"2024-11-13T14:02:12","slug":"kvieciame-i-lituanistinio-svietimo-vykdytoju-kvalifikacijos-tobulinimo-mokymus","status":"publish","type":"post","link":"https:\/\/www.nsa.smsm.lt\/old\/2024\/10\/16\/kvieciame-i-lituanistinio-svietimo-vykdytoju-kvalifikacijos-tobulinimo-mokymus\/","title":{"rendered":"Kvie\u010diame \u012f lituanistinio \u0161vietimo vykdytoj\u0173 kvalifikacijos tobulinimo mokymus"},"content":{"rendered":"<p><b><span data-contrast=\"none\">Nacionalin\u0117 \u0161vietimo agent\u016bra <\/span><\/b><b><span data-contrast=\"none\">(toliau \u2013 N\u0160A)<\/span><\/b><b><span data-contrast=\"none\">, vykdydama projekto \u201eT\u0119sk: ateik, tobul\u0117k, prisid\u0117k!\u201c veikl\u0105 <\/span><\/b><b><span data-contrast=\"auto\">\u201eLituanistinio \u0161vietimo vykdytoj\u0173 kvalifikacijos tobulinimas\u201c,<\/span><\/b><b><span data-contrast=\"none\"> kvie\u010dia l<\/span><\/b><b><span data-contrast=\"auto\">ituanistinio \u0161vietimo vykdytojus registruotis ir <\/span><\/b><b><span data-contrast=\"none\">dalyvauti mokymuose, tobulinti kompetencijas, b\u016btinas l<\/span><\/b><b><span data-contrast=\"auto\">ituanistinio \u0161vietimo integruotai programai s\u0117kmingai \u012fgyvendinti.<\/span><\/b><span data-ccp-props=\"{&quot;134233117&quot;:false,&quot;134233118&quot;:false,&quot;201341983&quot;:0,&quot;335551550&quot;:6,&quot;335551620&quot;:6,&quot;335559731&quot;:720,&quot;335559738&quot;:0,&quot;335559739&quot;:0,&quot;335559740&quot;:276}\">\u00a0<\/span><\/p>\n<p><span data-contrast=\"auto\">Mokymai vyks pagal parengtas <\/span><b><span data-contrast=\"none\">l<\/span><\/b><b><span data-contrast=\"auto\">ituanistinio \u0161vietimo vykdytoj\u0173 <\/span><\/b><span data-contrast=\"none\">(lituanistini\u0173 mokykl\u0173 mokytoj\u0173 ir vadov\u0173)<\/span> <span data-contrast=\"auto\">kvalifikacijos tobulinimo programas:\u00a0<\/span><span data-ccp-props=\"{&quot;201341983&quot;:0,&quot;335551550&quot;:6,&quot;335551620&quot;:6,&quot;335559731&quot;:720,&quot;335559739&quot;:0,&quot;335559740&quot;:276,&quot;469777462&quot;:[915],&quot;469777927&quot;:[0],&quot;469777928&quot;:[1]}\">\u00a0<\/span><\/p>\n<ul>\n<li data-leveltext=\"\uf0b7\" data-font=\"Symbol\" data-listid=\"6\" data-list-defn-props=\"{&quot;335552541&quot;:1,&quot;335559685&quot;:1440,&quot;335559991&quot;:360,&quot;469769226&quot;:&quot;Symbol&quot;,&quot;469769242&quot;:[8226],&quot;469777803&quot;:&quot;left&quot;,&quot;469777804&quot;:&quot;\uf0b7&quot;,&quot;469777815&quot;:&quot;hybridMultilevel&quot;}\" aria-setsize=\"-1\" data-aria-posinset=\"1\" data-aria-level=\"1\"><span data-contrast=\"auto\">programa, skirta <\/span><span data-contrast=\"none\">ikimokyklinio, prie\u0161mokyklinio, pradinio ugdymo <\/span><span data-contrast=\"auto\">lituanistinio \u0161vietimo vykdytoj\u0173 kompetencijoms, reikalingoms<\/span> <span data-contrast=\"none\">dirbti pagal<\/span> <span data-contrast=\"none\">Lituanistinio \u0161vietimo integruot\u0105 program\u0105, <\/span><span data-contrast=\"auto\">tobulinti (40 akad. val.);<\/span><span data-ccp-props=\"{&quot;201341983&quot;:0,&quot;335551550&quot;:6,&quot;335551620&quot;:6,&quot;335559685&quot;:0,&quot;335559731&quot;:720,&quot;335559739&quot;:0,&quot;335559740&quot;:276}\">\u00a0<\/span><\/li>\n<\/ul>\n<ul>\n<li data-leveltext=\"\uf0b7\" data-font=\"Symbol\" data-listid=\"6\" data-list-defn-props=\"{&quot;335552541&quot;:1,&quot;335559685&quot;:1440,&quot;335559991&quot;:360,&quot;469769226&quot;:&quot;Symbol&quot;,&quot;469769242&quot;:[8226],&quot;469777803&quot;:&quot;left&quot;,&quot;469777804&quot;:&quot;\uf0b7&quot;,&quot;469777815&quot;:&quot;hybridMultilevel&quot;}\" aria-setsize=\"-1\" data-aria-posinset=\"2\" data-aria-level=\"1\"><span data-contrast=\"auto\">programa, skirta <\/span><span data-contrast=\"none\">pagrindinio ugdymo <\/span><span data-contrast=\"auto\">lituanistinio \u0161vietimo vykdytoj\u0173 kompetencijoms, reikalingoms<\/span> <span data-contrast=\"none\">dirbti pagal<\/span> <span data-contrast=\"none\">Lituanistinio \u0161vietimo integruot\u0105 program\u0105, <\/span><span data-contrast=\"auto\">tobulinti<\/span> <span data-contrast=\"auto\">(40\u202fakad.\u202fval.).<\/span><span data-ccp-props=\"{&quot;201341983&quot;:0,&quot;335551550&quot;:6,&quot;335551620&quot;:6,&quot;335559685&quot;:0,&quot;335559731&quot;:720,&quot;335559739&quot;:0,&quot;335559740&quot;:276}\">\u00a0<\/span><\/li>\n<\/ul>\n<p><span data-contrast=\"none\">Papildomas pasirenkamasis modulis \u201eLituanistinio \u0161vietimo organizavimo vadyba\u201c<\/span> <span data-contrast=\"none\">(20\u202fakad.\u202fval.).<\/span><i><span data-contrast=\"none\">\u00a0<\/span><\/i><span data-ccp-props=\"{&quot;201341983&quot;:0,&quot;335551550&quot;:6,&quot;335551620&quot;:6,&quot;335559731&quot;:720,&quot;335559739&quot;:0,&quot;335559740&quot;:276,&quot;469777462&quot;:[645],&quot;469777927&quot;:[0],&quot;469777928&quot;:[1]}\">\u00a0<\/span><\/p>\n<p><span data-contrast=\"none\">Projekto vykdymo metu, nuo 2024 m. spalio iki 2026 m. liepos m\u0117n., planuojama mokymus organizuoti 120 asmen\u0173. Grup\u0117s dydis \u2013 20\u201325 asmenys.<\/span><span data-ccp-props=\"{&quot;201341983&quot;:0,&quot;335551550&quot;:6,&quot;335551620&quot;:6,&quot;335559731&quot;:720,&quot;335559739&quot;:0,&quot;335559740&quot;:276}\">\u00a0<\/span><\/p>\n<p><span data-contrast=\"none\">Mokymai vyks nuotoliniu b\u016bdu (nuo 15 val. Lietuvos laiku) bei kontaktiniu b\u016bdu Lietuvoje ir u\u017esienyje. Tarp mokym\u0173 nuotoliniu ir kontaktiniu b\u016bdu bus daroma keli\u0173 m\u0117nesi\u0173 pertrauka, skirta praktiniams darbams atlikti.<\/span><span data-ccp-props=\"{&quot;201341983&quot;:0,&quot;335551550&quot;:6,&quot;335551620&quot;:6,&quot;335559731&quot;:720,&quot;335559739&quot;:0,&quot;335559740&quot;:276}\">\u00a0<\/span><\/p>\n<p><span data-contrast=\"none\">Pretendent\u0173 \u012f mokymo programas atranka bus vykdoma atsi\u017evelgiant \u012f teritorin\u012f pasiskirstymo princip\u0105.\u00a0<\/span><span data-ccp-props=\"{&quot;201341983&quot;:0,&quot;335551550&quot;:6,&quot;335551620&quot;:6,&quot;335559731&quot;:720,&quot;335559739&quot;:0,&quot;335559740&quot;:276}\">\u00a0<\/span><\/p>\n<p><span data-contrast=\"none\">Pradedame registracij\u0105 \u012f 1 ir 2 mokym\u0173 grupes, skirtas \u0160iaur\u0117s ir Vidurio Europai. Kontaktiniai \u0161i\u0173 grupi\u0173 mokymai numatomi 2025 m. gegu\u017e\u0117s m\u0117n. Osle, Norvegijoje.<\/span><span data-ccp-props=\"{&quot;201341983&quot;:0,&quot;335551550&quot;:6,&quot;335551620&quot;:6,&quot;335559731&quot;:720,&quot;335559739&quot;:0,&quot;335559740&quot;:276}\">\u00a0<\/span><\/p>\n<p><span data-contrast=\"none\">Kvie\u010diame registruotis Airijos, Austrijos, Jungtin\u0117s Karalyst\u0117s, Islandijos, Liuksemburgo, Lenkijos, Norvegijos, \u0160vedijos, Ukrainos ir Vokietijos lituanistini\u0173 mokykl\u0173 mokytojus ir vadovus.\u00a0<\/span><span data-ccp-props=\"{&quot;201341983&quot;:0,&quot;335551550&quot;:6,&quot;335551620&quot;:6,&quot;335559731&quot;:720,&quot;335559739&quot;:0,&quot;335559740&quot;:276}\">\u00a0<\/span><\/p>\n<p><b><span data-contrast=\"none\">1 grup\u0117<\/span><\/b><span data-contrast=\"none\">. Ikimokyklinis, prie\u0161mokyklinis ir pradinis ugdymas pagal Lituanistinio \u0161vietimo integruot\u0105 program\u0105, 40\u202fakad.\u202fval. (su vadybos moduliu \u2013 60 akad. val.) <\/span><a href=\"https:\/\/forms.office.com\/e\/JBFs3Sab0j\"><span data-contrast=\"none\">Registruotis<\/span><\/a><span data-contrast=\"auto\">.<\/span><span data-ccp-props=\"{&quot;201341983&quot;:0,&quot;335551550&quot;:6,&quot;335551620&quot;:6,&quot;335559731&quot;:720,&quot;335559739&quot;:0,&quot;335559740&quot;:276}\">\u00a0<\/span><\/p>\n<p><b><span data-contrast=\"none\">2 grup\u0117<\/span><\/b><span data-contrast=\"none\">. Pagrindinis ugdymas pagal Lituanistinio \u0161vietimo integruot\u0105 program\u0105, 40\u202fakad.\u202fval. (su vadybos moduliu \u2013 60 akad. val.) <\/span><a href=\"https:\/\/forms.office.com\/e\/Zcn9Cuvd05\"><span data-contrast=\"none\">Registruotis<\/span><\/a><span data-contrast=\"auto\">.<\/span><span data-ccp-props=\"{&quot;201341983&quot;:0,&quot;335551550&quot;:6,&quot;335551620&quot;:6,&quot;335559731&quot;:720,&quot;335559739&quot;:0,&quot;335559740&quot;:276}\">\u00a0<\/span><\/p>\n<p><b><span data-contrast=\"none\">Pra\u0161ome registruotis iki \u0161. m. lapkri\u010dio 6 d. 23.59 val. Lietuvos laiku.<\/span><\/b><span data-ccp-props=\"{&quot;201341983&quot;:0,&quot;335551550&quot;:6,&quot;335551620&quot;:6,&quot;335559731&quot;:720,&quot;335559739&quot;:0,&quot;335559740&quot;:276}\">\u00a0<\/span><\/p>\n<p><b><span data-contrast=\"none\">Reikalavimai ketinantiems dalyvauti mokymuose<\/span><\/b><span data-ccp-props=\"{&quot;134233117&quot;:true,&quot;134233118&quot;:true,&quot;201341983&quot;:0,&quot;335551550&quot;:1,&quot;335551620&quot;:1,&quot;335559685&quot;:0,&quot;335559731&quot;:720,&quot;335559737&quot;:0,&quot;335559739&quot;:0,&quot;335559740&quot;:240}\">\u00a0<\/span><\/p>\n<p><span data-contrast=\"none\">Pretenduojantys \u012f mokymus asmenys turi atitikti \u0161iuos reikalavimus:<\/span><span data-ccp-props=\"{&quot;201341983&quot;:0,&quot;335551550&quot;:6,&quot;335551620&quot;:6,&quot;335559731&quot;:720,&quot;335559739&quot;:0,&quot;335559740&quot;:276}\">\u00a0<\/span><\/p>\n<ol>\n<li><span data-contrast=\"none\">1. parei\u0161k\u0117jas (mokytojas \/ lituanistinio \u0161vietimo \u012fstaigos vadovas ) registracijos anketoje pateik\u0117 ai\u0161kius dalyvavimo mokymuose motyvus;<\/span><\/li>\n<li><span data-contrast=\"none\">2. mokytojas pateik\u0117 lituanistinio \u0161vietimo \u012fstaigos vadovo sutikim\u0105 ra\u0161tu d\u0117l jo dalyvavimo mokymuose;\u00a0<\/span><\/li>\n<li><span data-contrast=\"none\">3. parei\u0161k\u0117jas \u012fsipareigoja dalyvauti visuose (nuotoliniu ir kontaktiniu b\u016bdu) pasirinktos programos mokymuose;<\/span><\/li>\n<li><span data-contrast=\"none\">4. pirmenyb\u0117 teikiama parei\u0161k\u0117jui (mokytojui \/ lituanistinio \u0161vietimo \u012fstaigos vadovui), turin\u010diam bent vien\u0173 met\u0173 pedagoginio darbo patirt\u012f lituanistinio \u0161vietimo \u012fstaigoje, vykdan\u010dioje Lituanistinio \u0161vietimo integruot\u0105 program\u0105;\u00a0\u00a0<\/span><\/li>\n<li><span data-contrast=\"none\"> siekiant dalyvauti \u201eLituanistinio \u0161vietimo organizavimo vadybos\u201c modulio mokymuose, pirmenyb\u0117 teikiama lituanistinio \u0161vietimo \u012fstaig\u0173 vadovams ar kitas administracines funkcijas atliekantiems \u0161vietimo vykdytojams.<\/span><\/li>\n<\/ol>\n<p><b><span data-contrast=\"none\">Papildomi kriterijai ketinantiems dalyvauti mokymuose<\/span><\/b><span data-ccp-props=\"{&quot;201341983&quot;:0,&quot;335551550&quot;:6,&quot;335551620&quot;:6,&quot;335559731&quot;:720,&quot;335559739&quot;:0,&quot;335559740&quot;:276}\">\u00a0<\/span><\/p>\n<p><b><span data-contrast=\"none\">Atrenkant asmenis \u012f mokymus, bus taikomi \u0161ie papildomi kriterijai:\u00a0<\/span><\/b><span data-ccp-props=\"{&quot;201341983&quot;:0,&quot;335551550&quot;:1,&quot;335551620&quot;:1,&quot;335559731&quot;:0,&quot;335559739&quot;:0,&quot;335559740&quot;:240}\">\u00a0<\/span><\/p>\n<p><span data-contrast=\"none\">&#8211; tur\u0117ti gerus skaitmeninio ra\u0161tingumo geb\u0117jimus;<\/span><span data-ccp-props=\"{&quot;201341983&quot;:0,&quot;335551550&quot;:1,&quot;335551620&quot;:1,&quot;335559731&quot;:720,&quot;335559739&quot;:0,&quot;335559740&quot;:276}\">\u00a0<\/span><\/p>\n<p><span data-contrast=\"none\">&#8211; asmeninis konsultavimasis ir kit\u0173 koleg\u0173 konsultavimas;<\/span><span data-ccp-props=\"{&quot;201341983&quot;:0,&quot;335551550&quot;:1,&quot;335551620&quot;:1,&quot;335559731&quot;:720,&quot;335559739&quot;:0,&quot;335559740&quot;:276}\">\u00a0<\/span><\/p>\n<p><span data-contrast=\"none\">&#8211; atstovavimas kolegoms bendradarbiavimo tinkluose, asociacijoje ir pan.;<\/span><span data-ccp-props=\"{&quot;201341983&quot;:0,&quot;335551550&quot;:1,&quot;335551620&quot;:1,&quot;335559731&quot;:720,&quot;335559739&quot;:0,&quot;335559740&quot;:276}\">\u00a0<\/span><\/p>\n<p><span data-contrast=\"none\">&#8211; veiklos refleksijos, tur\u0117ti dalijimosi gerosios praktikos pavyzd\u017eiais patirties;<\/span><span data-ccp-props=\"{&quot;201341983&quot;:0,&quot;335551550&quot;:1,&quot;335551620&quot;:1,&quot;335559731&quot;:720,&quot;335559739&quot;:0,&quot;335559740&quot;:276}\">\u00a0<\/span><\/p>\n<p><span data-contrast=\"none\">&#8211; dalyvavimas inicijuojant, rengiant ir \u012fgyvendinant tarpinstitucinius, tarptautinius projektus, programas.<\/span><span data-ccp-props=\"{&quot;201341983&quot;:0,&quot;335551550&quot;:6,&quot;335551620&quot;:6,&quot;335559731&quot;:720,&quot;335559739&quot;:0,&quot;335559740&quot;:276}\">\u00a0<\/span><\/p>\n<p><span data-contrast=\"none\">Atrank\u0105 \u012f mokymus vykdys N\u0160A. Atrinkti dalyviai bus informuojami per 10 darbo dien\u0173 nuo sprendimo pri\u0117mimo registracijos anketoje nurodytu el. pa\u0161to adresu. Neatrinkti dalyviai nebus informuojami.<\/span><span data-ccp-props=\"{&quot;201341983&quot;:0,&quot;335551550&quot;:6,&quot;335551620&quot;:6,&quot;335559731&quot;:720,&quot;335559739&quot;:0,&quot;335559740&quot;:276}\">\u00a0<\/span><\/p>\n<p><span data-contrast=\"none\">\u012egyvendindama projekt\u0105 \u201eT\u0119sk: ateik, tobul\u0117k, prisid\u0117k!\u201c<\/span> <span data-contrast=\"none\">pagal 2021\u20132030 m. pl\u0117tros programos valdytojos Lietuvos Respublikos \u0161vietimo, mokslo ir sporto ministerijos \u0161vietimo pl\u0117tros programos pa\u017eangos priemon\u0119 \u201ePirmiausia \u2013 mokytojas\u201c, N\u0160A mokym\u0173 dalyviams kompensuos programos \u012fgyvendinimo, kelion\u0117s<\/span><span data-contrast=\"none\">, <\/span><span data-contrast=\"none\">apgyvendinimo vie\u0161butyje ir maitinimo i\u0161laidas.\u00a0Projektas finansuojamas Europos socialinio fondo + ir Europos S\u0105jungos bendrojo finansavimo l\u0117\u0161omis<\/span><span data-contrast=\"none\">.<\/span><span data-ccp-props=\"{&quot;201341983&quot;:0,&quot;335551550&quot;:6,&quot;335551620&quot;:6,&quot;335559731&quot;:720,&quot;335559739&quot;:0,&quot;335559740&quot;:276}\">\u00a0<\/span><\/p>\n<p><span data-contrast=\"none\">Kilus klausim\u0173, maloniai pra\u0161ome kreiptis \u012f Nacionalin\u0117s \u0161vietimo agent\u016bros \u201eT\u0119sk: ateik, tobul\u0117k, prisid\u0117k!\u201c projekto veiklos metodinink\u0119 Meil\u0119 \u010ceponien\u0119 telefonu +370<\/span><span data-contrast=\"auto\">\u202f658\u202f18\u202f018<\/span><span data-contrast=\"none\"> arba el. pa\u0161tu <\/span><a href=\"mailto:Meile.Ceponiene@nsa.smm.lt\"><span data-contrast=\"none\">Meile.Ceponiene@nsa.smm.lt<\/span><\/a><span data-contrast=\"auto\">.<\/span><span data-ccp-props=\"{&quot;201341983&quot;:0,&quot;335551550&quot;:6,&quot;335551620&quot;:6,&quot;335559731&quot;:720,&quot;335559739&quot;:0,&quot;335559740&quot;:276}\">\u00a0<\/span><\/p>\n","protected":false},"excerpt":{"rendered":"<p>Nacionalin\u0117 \u0161vietimo agent\u016bra (toliau \u2013 N\u0160A), vykdydama projekto \u201eT\u0119sk: ateik, tobul\u0117k, prisid\u0117k!\u201c veikl\u0105 \u201eLituanistinio \u0161vietimo vykdytoj\u0173 kvalifikacijos tobulinimas\u201c, kvie\u010dia lituanistinio \u0161vietimo vykdytojus registruotis ir dalyvauti mokymuose, tobulinti kompetencijas, b\u016btinas lituanistinio \u0161vietimo integruotai programai s\u0117kmingai \u012fgyvendinti.\u00a0 Mokymai vyks pagal parengtas lituanistinio&nbsp;<a href=\"https:\/\/www.nsa.smsm.lt\/old\/2024\/10\/16\/kvieciame-i-lituanistinio-svietimo-vykdytoju-kvalifikacijos-tobulinimo-mokymus\/\" class=\"placiau\">Pla\u010diau <i class=\"fa fa-caret-right\"><\/i><\/a><\/p>\n","protected":false},"author":5,"featured_media":0,"comment_status":"open","ping_status":"open","sticky":false,"template":"","format":"standard","meta":{"_acf_changed":false,"footnotes":""},"categories":[19,21],"tags":[],"class_list":["post-41233","post","type-post","status-publish","format-standard","hentry","category-projektu-naujienos","category-naujienu-archyvas"],"acf":[],"_links":{"self":[{"href":"https:\/\/www.nsa.smsm.lt\/old\/wp-json\/wp\/v2\/posts\/41233","targetHints":{"allow":["GET"]}}],"collection":[{"href":"https:\/\/www.nsa.smsm.lt\/old\/wp-json\/wp\/v2\/posts"}],"about":[{"href":"https:\/\/www.nsa.smsm.lt\/old\/wp-json\/wp\/v2\/types\/post"}],"author":[{"embeddable":true,"href":"https:\/\/www.nsa.smsm.lt\/old\/wp-json\/wp\/v2\/users\/5"}],"replies":[{"embeddable":true,"href":"https:\/\/www.nsa.smsm.lt\/old\/wp-json\/wp\/v2\/comments?post=41233"}],"version-history":[{"count":1,"href":"https:\/\/www.nsa.smsm.lt\/old\/wp-json\/wp\/v2\/posts\/41233\/revisions"}],"predecessor-version":[{"id":41234,"href":"https:\/\/www.nsa.smsm.lt\/old\/wp-json\/wp\/v2\/posts\/41233\/revisions\/41234"}],"wp:attachment":[{"href":"https:\/\/www.nsa.smsm.lt\/old\/wp-json\/wp\/v2\/media?parent=41233"}],"wp:term":[{"taxonomy":"category","embeddable":true,"href":"https:\/\/www.nsa.smsm.lt\/old\/wp-json\/wp\/v2\/categories?post=41233"},{"taxonomy":"post_tag","embeddable":true,"href":"https:\/\/www.nsa.smsm.lt\/old\/wp-json\/wp\/v2\/tags?post=41233"}],"curies":[{"name":"wp","href":"https:\/\/api.w.org\/{rel}","templated":true}]}}