{"id":39699,"date":"2024-07-05T07:07:33","date_gmt":"2024-07-05T05:07:33","guid":{"rendered":"https:\/\/www.nsa.smsm.lt\/old\/?p=39699"},"modified":"2024-07-05T13:09:44","modified_gmt":"2024-07-05T11:09:44","slug":"su-valstybes-diena-3","status":"publish","type":"post","link":"https:\/\/www.nsa.smsm.lt\/old\/2024\/07\/05\/su-valstybes-diena-3\/","title":{"rendered":"Su Valstyb\u0117s diena!"},"content":{"rendered":"<p><a href=\"https:\/\/www.nsa.smsm.lt\/old\/old\/wp-content\/uploads\/2024\/07\/NSA-YOUTUBE.jpg\"><img loading=\"lazy\" decoding=\"async\" class=\"alignnone wp-image-39745\" src=\"https:\/\/www.nsa.smsm.lt\/old\/old\/wp-content\/uploads\/2024\/07\/NSA-YOUTUBE.jpg\" alt=\"\" width=\"808\" height=\"455\" srcset=\"https:\/\/www.nsa.smsm.lt\/old\/wp-content\/uploads\/2024\/07\/NSA-YOUTUBE.jpg 1280w, https:\/\/www.nsa.smsm.lt\/old\/wp-content\/uploads\/2024\/07\/NSA-YOUTUBE-300x169.jpg 300w, https:\/\/www.nsa.smsm.lt\/old\/wp-content\/uploads\/2024\/07\/NSA-YOUTUBE-1024x576.jpg 1024w, https:\/\/www.nsa.smsm.lt\/old\/wp-content\/uploads\/2024\/07\/NSA-YOUTUBE-768x432.jpg 768w\" sizes=\"auto, (max-width: 808px) 100vw, 808px\" \/><\/a><\/p>\n<div class=\"elementToProof\">Liepos 6-\u0105j\u0105 \u0161ven\u010diame nuo 1991-\u0173j\u0173, kai pirm\u0105 kart\u0105 buvo surengtas Mindaugo kar\u016bnavimo \u2013 Valstyb\u0117s dienos min\u0117jimas. Per \u0161\u012f laikotarp\u012f visi drauge u\u017eauginome gra\u017eias \u0161vent\u0117s tradicijas \u2013 \u0161i diena tapo ir Tauti\u0161kos giesm\u0117s diena.<\/div>\n<div>Pagerbkime savo Valstyb\u0119, giedodami Tauti\u0161k\u0105 giesm\u0119,\u00a0i\u0161girsdami kiekvien\u0105 jos \u017eod\u012f ir suvokdami jos reik\u0161m\u0119. Tegul \u0161is bendras veiksmas suvienija mus, pripildo vis\u0173 m\u016bs\u0173 \u0161irdis meile Lietuvai!<\/div>\n","protected":false},"excerpt":{"rendered":"<p>Liepos 6-\u0105j\u0105 \u0161ven\u010diame nuo 1991-\u0173j\u0173, kai pirm\u0105 kart\u0105 buvo surengtas Mindaugo kar\u016bnavimo \u2013 Valstyb\u0117s dienos min\u0117jimas. Per \u0161\u012f laikotarp\u012f visi drauge u\u017eauginome gra\u017eias \u0161vent\u0117s tradicijas \u2013 \u0161i diena tapo ir Tauti\u0161kos giesm\u0117s diena. Pagerbkime savo Valstyb\u0119, giedodami Tauti\u0161k\u0105 giesm\u0119,\u00a0i\u0161girsdami kiekvien\u0105&nbsp;<a href=\"https:\/\/www.nsa.smsm.lt\/old\/2024\/07\/05\/su-valstybes-diena-3\/\" class=\"placiau\">Pla\u010diau <i class=\"fa fa-caret-right\"><\/i><\/a><\/p>\n","protected":false},"author":5,"featured_media":0,"comment_status":"open","ping_status":"open","sticky":false,"template":"","format":"standard","meta":{"_acf_changed":false,"footnotes":""},"categories":[1],"tags":[],"class_list":["post-39699","post","type-post","status-publish","format-standard","hentry","category-nacionalines-svietimo-agenturos-naujienos"],"acf":[],"_links":{"self":[{"href":"https:\/\/www.nsa.smsm.lt\/old\/wp-json\/wp\/v2\/posts\/39699","targetHints":{"allow":["GET"]}}],"collection":[{"href":"https:\/\/www.nsa.smsm.lt\/old\/wp-json\/wp\/v2\/posts"}],"about":[{"href":"https:\/\/www.nsa.smsm.lt\/old\/wp-json\/wp\/v2\/types\/post"}],"author":[{"embeddable":true,"href":"https:\/\/www.nsa.smsm.lt\/old\/wp-json\/wp\/v2\/users\/5"}],"replies":[{"embeddable":true,"href":"https:\/\/www.nsa.smsm.lt\/old\/wp-json\/wp\/v2\/comments?post=39699"}],"version-history":[{"count":7,"href":"https:\/\/www.nsa.smsm.lt\/old\/wp-json\/wp\/v2\/posts\/39699\/revisions"}],"predecessor-version":[{"id":39748,"href":"https:\/\/www.nsa.smsm.lt\/old\/wp-json\/wp\/v2\/posts\/39699\/revisions\/39748"}],"wp:attachment":[{"href":"https:\/\/www.nsa.smsm.lt\/old\/wp-json\/wp\/v2\/media?parent=39699"}],"wp:term":[{"taxonomy":"category","embeddable":true,"href":"https:\/\/www.nsa.smsm.lt\/old\/wp-json\/wp\/v2\/categories?post=39699"},{"taxonomy":"post_tag","embeddable":true,"href":"https:\/\/www.nsa.smsm.lt\/old\/wp-json\/wp\/v2\/tags?post=39699"}],"curies":[{"name":"wp","href":"https:\/\/api.w.org\/{rel}","templated":true}]}}