{"id":39447,"date":"2024-08-25T04:30:28","date_gmt":"2024-08-25T02:30:28","guid":{"rendered":"https:\/\/www.nsa.smsm.lt\/old\/?p=39447"},"modified":"2024-08-28T12:26:24","modified_gmt":"2024-08-28T10:26:24","slug":"organizuojama-atranka-pedagogams-norintiems-2024-2025-m-m-igyti-papildomu-dalykiniu-kompetenciju-ir-specializaciju","status":"publish","type":"post","link":"https:\/\/www.nsa.smsm.lt\/old\/2024\/08\/25\/organizuojama-atranka-pedagogams-norintiems-2024-2025-m-m-igyti-papildomu-dalykiniu-kompetenciju-ir-specializaciju\/","title":{"rendered":"Organizuojama atranka pedagogams, norintiems 2024\u20132025 m. m. \u012fgyti papildom\u0173 dalykini\u0173 kompetencij\u0173 ir specializacij\u0173"},"content":{"rendered":"<p><strong>Nacionalin\u0117 \u0161vietimo agent\u016bra, \u012fgyvendindama projekt\u0105 \u201eT\u0119sk: ateik, tobul\u0117k, prisid\u0117k!\u201c (toliau\u00a0\u2013 projektas), kartu su projekto partneriais \u2013 Vilniaus kolegija, Vilniaus universitetu ir Vytauto Did\u017eiojo universitetu \u2013 kvie\u010dia pedagogus studijuoti pedagogin\u0117s specializacijos ir mokomojo dalyko modulius ir \u012fgyti papildom\u0173 kompetencij\u0173.<\/strong><\/p>\n<p>Kvie\u010diame pedagogus dalyvauti atrankoje ir \u012fgyti papildom\u0105 ikimokyklinio ir prie\u0161mokyklinio ugdymo bei pradinio ugdymo specializacij\u0105 Vilniaus kolegijoje (nuoroda <a href=\"https:\/\/pdf.viko.lt\/kvalifikacijos-kelimo-kursai-mokymai\/vaikystes-pedagogikos-ir-pradinio-ugdymo-pedagogikos-modulis-2\/?fbclid=IwZXh0bgNhZW0CMTAAAR1BEfA-d2dzq2gBfKCFvC8SnSWiM5k8fXWiEjoJ7j8AznpdVGbOVnML3E4_aem_AVrr3LGs1sjFYPzbyH3cS7q9mJl9jHTsUSvrXUCzU3tvwLuirHhqs8zLvvbgPkTb7w6yevBImUXmiIFDszBO3GtO\">\u010dia<\/a>).<\/p>\n<p>Kvie\u010diame pedagogus dalyvauti atrankoje Vilniaus universitete ir \u012fgyti papildom\u0105 chemijos, fizikos, informatikos, ispan\u0173 kalbos, matematikos, pranc\u016bz\u0173 kalbos, vokie\u010di\u0173 kalbos, lotyn\u0173 kalbos, lenk\u0173\u00a0kalbos ir literat\u016bros ar pilieti\u0161kumo ugdymo kompetencij\u0105 bei papildom\u0105 pradinio ugdymo specializacij\u0105 (nuoroda <a href=\"https:\/\/www.fsf.vu.lt\/studentams\/pedagogines-studijos-visos\/modulio-studijos-pedagogams\">\u010dia<\/a>).<\/p>\n<p>Kvie\u010diame pedagogus dalyvauti atrankoje ir \u012fgyti papildom\u0105 angl\u0173 kalbos, informatikos, istorijos, lietuvi\u0173 kalbos ir literat\u016bros ar matematikos kompetencij\u0105 bei papildom\u0105 ikimokyklinio ir prie\u0161mokyklinio ugdymo, pradinio ugdymo, specialiojo pedagogo ar logopedo specializacij\u0105 Vilniaus universiteto \u0160iauli\u0173 akademijoje (nuoroda <a href=\"https:\/\/www.sa.vu.lt\/apie\/testiniu-ir-nuotoliniu-studiju-institutas\/studijos\">\u010dia<\/a>).<\/p>\n<p>Kvie\u010diame pedagogus dalyvauti atrankoje ir \u012fgyti papildom\u0105 angl\u0173 kalbos, chemijos, \u0161okio, fizikos, informatikos, ispan\u0173 kalbos, istorijos, lietuvi\u0173 kalbos ir literat\u016bros, matematikos, pranc\u016bz\u0173 kalbos, technologij\u0173, vokie\u010di\u0173 kalbos, lenk\u0173\u00a0kalbos ir literat\u016bros ar biologijos kompetencij\u0105 bei papildom\u0105 ikimokyklinio ir prie\u0161mokyklinio ugdymo, pradinio ugdymo, specialiojo pedagogo ar logopedo specializacij\u0105 Vytauto Did\u017eiojo universitete (nuoroda <a href=\"https:\/\/svietimas.vdu.lt\/perkvalifikavimo-moduliu-studijos-pedagogams-2\/\">\u010dia<\/a>).<\/p>\n<p>Tiksli informacija, kiek laiko vyks parai\u0161k\u0173 pri\u0117mimas, kada ir kokia forma vyks studijos, kokios studijavimo s\u0105lygos ir kita, pateikta kiekvienos auk\u0161tosios mokyklos nurodytoje interneto svetain\u0117je.<\/p>\n<p>Daugiau informacijos teikiama el. pa\u0161tu\u00a0<a href=\"mailto:rita.baskiene@nsa.smm.lt\">rita.baskiene@nsa.smm.lt<\/a>.<\/p>\n<p><em>Projektas Nr. 10-045-P-0001 vykdomas pagal 2021\u20132030 m. pl\u0117tros programos valdytojos Lietuvos Respublikos \u0161vietimo, mokslo ir sporto ministerijos \u0161vietimo pl\u0117tros programos pa\u017eangos priemon\u0119 Nr.\u00a012-003-03-06-01 \u201ePirmiausia \u2013 mokytojas\u201c, finansuojamas Europos socialinio fondo + ir Europos S\u0105jungos bendrojo finansavimo l\u0117\u0161omis.<\/em><\/p>\n<p>Daugiau apie projekt\u0105: <a href=\"https:\/\/www.nsa.smsm.lt\/old\/old\/projektai\/ugdymo-projektai\/projektas-tesk-ateik-tobulek-prisidek\/\">https:\/\/www.nsa.smsm.lt\/old\/old\/projektai\/ugdymo-projektai\/projektas-tesk-ateik-tobulek-prisidek\/<\/a><\/p>\n","protected":false},"excerpt":{"rendered":"<p>Nacionalin\u0117 \u0161vietimo agent\u016bra, \u012fgyvendindama projekt\u0105 \u201eT\u0119sk: ateik, tobul\u0117k, prisid\u0117k!\u201c (toliau\u00a0\u2013 projektas), kartu su projekto partneriais \u2013 Vilniaus kolegija, Vilniaus universitetu ir Vytauto Did\u017eiojo universitetu \u2013 kvie\u010dia pedagogus studijuoti pedagogin\u0117s specializacijos ir mokomojo dalyko modulius ir \u012fgyti papildom\u0173 kompetencij\u0173. Kvie\u010diame pedagogus&nbsp;<a href=\"https:\/\/www.nsa.smsm.lt\/old\/2024\/08\/25\/organizuojama-atranka-pedagogams-norintiems-2024-2025-m-m-igyti-papildomu-dalykiniu-kompetenciju-ir-specializaciju\/\" class=\"placiau\">Pla\u010diau <i class=\"fa fa-caret-right\"><\/i><\/a><\/p>\n","protected":false},"author":5,"featured_media":0,"comment_status":"open","ping_status":"open","sticky":false,"template":"","format":"standard","meta":{"_acf_changed":false,"footnotes":""},"categories":[1,19,21],"tags":[],"class_list":["post-39447","post","type-post","status-publish","format-standard","hentry","category-nacionalines-svietimo-agenturos-naujienos","category-projektu-naujienos","category-naujienu-archyvas"],"acf":[],"_links":{"self":[{"href":"https:\/\/www.nsa.smsm.lt\/old\/wp-json\/wp\/v2\/posts\/39447","targetHints":{"allow":["GET"]}}],"collection":[{"href":"https:\/\/www.nsa.smsm.lt\/old\/wp-json\/wp\/v2\/posts"}],"about":[{"href":"https:\/\/www.nsa.smsm.lt\/old\/wp-json\/wp\/v2\/types\/post"}],"author":[{"embeddable":true,"href":"https:\/\/www.nsa.smsm.lt\/old\/wp-json\/wp\/v2\/users\/5"}],"replies":[{"embeddable":true,"href":"https:\/\/www.nsa.smsm.lt\/old\/wp-json\/wp\/v2\/comments?post=39447"}],"version-history":[{"count":3,"href":"https:\/\/www.nsa.smsm.lt\/old\/wp-json\/wp\/v2\/posts\/39447\/revisions"}],"predecessor-version":[{"id":39658,"href":"https:\/\/www.nsa.smsm.lt\/old\/wp-json\/wp\/v2\/posts\/39447\/revisions\/39658"}],"wp:attachment":[{"href":"https:\/\/www.nsa.smsm.lt\/old\/wp-json\/wp\/v2\/media?parent=39447"}],"wp:term":[{"taxonomy":"category","embeddable":true,"href":"https:\/\/www.nsa.smsm.lt\/old\/wp-json\/wp\/v2\/categories?post=39447"},{"taxonomy":"post_tag","embeddable":true,"href":"https:\/\/www.nsa.smsm.lt\/old\/wp-json\/wp\/v2\/tags?post=39447"}],"curies":[{"name":"wp","href":"https:\/\/api.w.org\/{rel}","templated":true}]}}