{"id":38492,"date":"2024-03-05T15:05:43","date_gmt":"2024-03-05T13:05:43","guid":{"rendered":"https:\/\/www.nsa.smsm.lt\/old\/?p=38492"},"modified":"2024-03-05T15:05:43","modified_gmt":"2024-03-05T13:05:43","slug":"nsa-igyvendintas-projektas-pastiprino-svietimo-pagalba-salyje","status":"publish","type":"post","link":"https:\/\/www.nsa.smsm.lt\/old\/2024\/03\/05\/nsa-igyvendintas-projektas-pastiprino-svietimo-pagalba-salyje\/","title":{"rendered":"N\u0160A \u012fgyvendintas projektas pastiprino \u0161vietimo pagalb\u0105 \u0161alyje"},"content":{"rendered":"<p><b>Daugiau nei 4600 \u0161vietimo pagalbos specialist\u0173 sustiprino savo kompetencijas Nacionalin\u0117s \u0161vietimo agent\u016bros (N\u0160A) vykdyto projekto, skirto pedagog\u0173 ir \u0161vietimo pagalbos specialist\u0173 kvalifikacijos tobulinimui, metu.<\/b><\/p>\n<p>N\u0160A s\u0117kmingai u\u017ebaig\u0117 projekt\u0105 \u201ePedagog\u0173 ir \u0161vietimo pagalbos specialist\u0173 kvalifikacijos tobulinimas\u201c, kuriam \u012fgyvendinti nuo 2018 m. buvo skirta daugiau nei 3,1 mln. eur\u0173 i\u0161 Europos socialinio fondo.<\/p>\n<p>Projekto veiklomis buvo siekiama sudaryti s\u0105lygas savivaldybi\u0173 administracij\u0173 \u0161vietimo padalini\u0173, \u0161vietimo ir \u0161vietimo pagalbos \u012fstaig\u0173 specialistams susipa\u017einti su kuo platesniu form\u0173, metod\u0173, priemoni\u0173 spektru, ugdant ir teikiant pagalb\u0105 speciali\u0173j\u0173 ugdymosi poreiki\u0173 turintiems vaikams ir j\u0173 \u0161eimoms, vykdant prevencij\u0105 \u0161vietimo \u012fstaigose.<\/p>\n<p>Vykdant projekto veiklas buvo stiprinamos specialist\u0173 kompetencijos dirbant paty\u010di\u0173 ir smurto prevencijos srityje bei dirbant su \u012fvairiomis speciali\u0173j\u0173 ugdymosi poreiki\u0173 turin\u010di\u0173 mokini\u0173 grup\u0117mis.<\/p>\n<p>\u012egyvendinus projekt\u0105, parengta 120 specialist\u0173 prekybos \u017emon\u0117mis bei paty\u010di\u0173 ir smurto prevencijos srityse visose Lietuvos savivaldyb\u0117se; organizuoti tarptautiniai kvalifikacijos tobulinimo seminarai, mokomieji vizitai, supervizijos. Specialistams, dirbantiems su vaikais, turin\u010diais elgesio ir emocij\u0173 sutrikim\u0173, organizuoti mokymai apie ugdomojo konsultavimo bendradarbiaujant su mokiniais ir j\u0173 t\u0117vais taikym\u0105, speciali\u0173j\u0173 mokymo ir technin\u0117s pagalbos priemoni\u0173, ugdymo metodik\u0173 darbui su vaikais, turin\u010diais autizmo spektro sutrikim\u0173, taikym\u0105, agresijos prevencijos ir valdymo, tikslin\u0117s elgesio korekcijos taikymo mokymai.<\/p>\n<p>Parengta metodin\u0117 med\u017eiag\u0105 apie prekybos \u017emon\u0117mis prevencij\u0105, su filmuotomis \u012fvairi\u0173 situacij\u0173, susijusi\u0173 su prekyba \u017emon\u0117mis ir jos prevencija, iliustracijomis, filmuota metodin\u0117 med\u017eiaga apie inkliuzinio ugdymo organizavim\u0105 bendrojo ugdymo mokyklose. Taip pat ugdymo metodikos, skirtos autisti\u0161k\u0173 ir kit\u0173 komunikacijos sutrikim\u0173 turin\u010di\u0173 vaik\u0173 bendravimo ir kalb\u0117jimo \u012fg\u016bd\u017eiams ugdyti, ankstyvojo ir ikimokyklinio am\u017eiaus vaik\u0173, turin\u010di\u0173 autizmo spektro sutrikim\u0173, geb\u0117jim\u0173 ir \u012fg\u016bd\u017ei\u0173 vertinimui ir individualaus ugdymo plano sudarymui.<\/p>\n<p>Projektas \u201ePedagog\u0173 ir \u0161vietimo pagalbos specialist\u0173 kvalifikacijos tobulinimas\u201c yra vienas i\u0161 20 N\u0160A\u00a0\u012fgyvendint\u0173\u00a0projekt\u0173, finansuot\u0173 i\u0161 2014-2020 m. Europos S\u0105jungos investicij\u0173 periodo.<\/p>\n","protected":false},"excerpt":{"rendered":"<p>Daugiau nei 4600 \u0161vietimo pagalbos specialist\u0173 sustiprino savo kompetencijas Nacionalin\u0117s \u0161vietimo agent\u016bros (N\u0160A) vykdyto projekto, skirto pedagog\u0173 ir \u0161vietimo pagalbos specialist\u0173 kvalifikacijos tobulinimui, metu. N\u0160A s\u0117kmingai u\u017ebaig\u0117 projekt\u0105 \u201ePedagog\u0173 ir \u0161vietimo pagalbos specialist\u0173 kvalifikacijos tobulinimas\u201c, kuriam \u012fgyvendinti nuo 2018 m.&nbsp;<a href=\"https:\/\/www.nsa.smsm.lt\/old\/2024\/03\/05\/nsa-igyvendintas-projektas-pastiprino-svietimo-pagalba-salyje\/\" class=\"placiau\">Pla\u010diau <i class=\"fa fa-caret-right\"><\/i><\/a><\/p>\n","protected":false},"author":5,"featured_media":0,"comment_status":"open","ping_status":"open","sticky":false,"template":"","format":"standard","meta":{"_acf_changed":false,"footnotes":""},"categories":[1,19,21],"tags":[],"class_list":["post-38492","post","type-post","status-publish","format-standard","hentry","category-nacionalines-svietimo-agenturos-naujienos","category-projektu-naujienos","category-naujienu-archyvas"],"acf":[],"_links":{"self":[{"href":"https:\/\/www.nsa.smsm.lt\/old\/wp-json\/wp\/v2\/posts\/38492","targetHints":{"allow":["GET"]}}],"collection":[{"href":"https:\/\/www.nsa.smsm.lt\/old\/wp-json\/wp\/v2\/posts"}],"about":[{"href":"https:\/\/www.nsa.smsm.lt\/old\/wp-json\/wp\/v2\/types\/post"}],"author":[{"embeddable":true,"href":"https:\/\/www.nsa.smsm.lt\/old\/wp-json\/wp\/v2\/users\/5"}],"replies":[{"embeddable":true,"href":"https:\/\/www.nsa.smsm.lt\/old\/wp-json\/wp\/v2\/comments?post=38492"}],"version-history":[{"count":1,"href":"https:\/\/www.nsa.smsm.lt\/old\/wp-json\/wp\/v2\/posts\/38492\/revisions"}],"predecessor-version":[{"id":38493,"href":"https:\/\/www.nsa.smsm.lt\/old\/wp-json\/wp\/v2\/posts\/38492\/revisions\/38493"}],"wp:attachment":[{"href":"https:\/\/www.nsa.smsm.lt\/old\/wp-json\/wp\/v2\/media?parent=38492"}],"wp:term":[{"taxonomy":"category","embeddable":true,"href":"https:\/\/www.nsa.smsm.lt\/old\/wp-json\/wp\/v2\/categories?post=38492"},{"taxonomy":"post_tag","embeddable":true,"href":"https:\/\/www.nsa.smsm.lt\/old\/wp-json\/wp\/v2\/tags?post=38492"}],"curies":[{"name":"wp","href":"https:\/\/api.w.org\/{rel}","templated":true}]}}