{"id":38160,"date":"2024-02-06T16:14:20","date_gmt":"2024-02-06T14:14:20","guid":{"rendered":"https:\/\/www.nsa.smsm.lt\/old\/?p=38160"},"modified":"2024-02-06T16:14:20","modified_gmt":"2024-02-06T14:14:20","slug":"vaiku-pasiekimu-aprase-nuoseklus-pazangos-stebejimo-zingsniai","status":"publish","type":"post","link":"https:\/\/www.nsa.smsm.lt\/old\/2024\/02\/06\/vaiku-pasiekimu-aprase-nuoseklus-pazangos-stebejimo-zingsniai\/","title":{"rendered":"Vaik\u0173 pasiekim\u0173 apra\u0161e \u2013 nuosekl\u016bs pa\u017eangos steb\u0117jimo \u017eingsniai"},"content":{"rendered":"<p><strong>Nacionalin\u0117 \u0161vietimo agent\u016bra pareng\u0117 Ikimokyklinio am\u017eiaus vaik\u0173 pasiekim\u0173 apra\u0161\u0105. \u0160vietimo, mokslo ir sporto ministrui j\u012f patvirtinus, apra\u0161as tapo neatsiejama Ikimokyklinio ugdymo programos gairi\u0173 dalimi.\u00a0<\/strong><span data-ccp-props=\"{&quot;134245417&quot;:false}\">\u00a0<\/span><\/p>\n<p><span data-ccp-props=\"{&quot;134245417&quot;:false}\">\u00a0<\/span><span data-contrast=\"auto\">Ikimokyklinio am\u017eiaus vaik\u0173 pasiekim\u0173 apra\u0161as bus naudojamas kaip \u012frankis, padedantis steb\u0117ti vaiko pasiekimus ir jo darom\u0105 pa\u017eang\u0105.\u00a0<\/span><span data-ccp-props=\"{&quot;134245417&quot;:false}\">\u00a0<\/span><\/p>\n<p><span data-ccp-props=\"{&quot;134245417&quot;:false}\">\u00a0<\/span><span data-contrast=\"auto\">Pasiekim\u0173 apra\u0161u siekiama pad\u0117ti mokytojams ir \u0161vietimo pagalbos specialistams paremti kiekvieno vaiko ugdym\u0105si atpa\u017e\u012fstant vaiko stiprybes, ma\u017eiau i\u0161pl\u0117totus geb\u0117jimus, tikslingai skatinant j\u0173 \u016bgt\u012f. Jis pagelb\u0117s mokytojams kurti kokybi\u0161k\u0105 \u012ftrauk\u0173 ugdymosi proces\u0105, u\u017etikrins vaiko ugdymosi t\u0119stinum\u0105 ir skland\u0173 per\u0117jim\u0105 \u012f prie\u0161mokyklin\u012f ugdym\u0105.<\/span><span data-ccp-props=\"{&quot;134245417&quot;:false}\">\u00a0<\/span><\/p>\n<p><span data-ccp-props=\"{&quot;134245417&quot;:false}\">\u00a0<\/span><span data-contrast=\"auto\">T\u0117vams ir glob\u0117jams pasiekim\u0173 apra\u0161as pad\u0117s steb\u0117ti ir suprasti savo vaiko pa\u017eang\u0105, tikslingiau dalyvauti jo ugdymosi procese. Jie geriau supras, ko galima tik\u0117tis i\u0161 ikimokyklinio ugdymo, aktyviau i\u0161sakys savo l\u016bkes\u010dius.\u00a0<\/span><span data-ccp-props=\"{&quot;134245417&quot;:false}\">\u00a0<\/span><\/p>\n<p><span data-contrast=\"auto\">Vaiko pasiekimai apra\u0161e skirstomi \u012f \u0161e\u0161is \u017eingsnius, rodan\u010dius nuosekl\u0173 j\u0173 augim\u0105. Pasiekim\u0173 \u017eingsni\u0173 siejimas su am\u017eiumi yra s\u0105lyginis. Santykinai i\u0161skiriami du am\u017eiaus laikotarpiai: 1\u20133 \u017eingsniuose apra\u0161omi vaiko nuo gimimo iki trej\u0173 met\u0173 pasiekimai, 4\u20136 \u017eingsniuose pateikti vaiko nuo trej\u0173 iki \u0161e\u0161eri\u0173 met\u0173 pasiekimai.<\/span><span data-ccp-props=\"{&quot;134245417&quot;:false}\">\u00a0<\/span><\/p>\n<p><span data-ccp-props=\"{&quot;134245417&quot;:false}\">\u00a0<\/span><span data-contrast=\"auto\">Vaiko prie\u0161mokyklinis ugdymas nuosekliai t\u0119siamas, atsi\u017evelgiant \u012f tai, kurio \u017eingsnio pasiekimus \u012fvairiose pasiekim\u0173 srityse jis jau yra \u012fgij\u0119s. Jeigu penkeri\u0173 met\u0173 vaikas n\u0117ra pasiek\u0119s penkto pasiekim\u0173 \u017eingsnio, jam rekomenduojama dar vienus metus ugdytis pagal ikimokyklinio ugdymo program\u0105.<\/span><span data-ccp-props=\"{&quot;134245417&quot;:false}\">\u00a0<\/span><\/p>\n<p><span data-ccp-props=\"{&quot;134245417&quot;:false}\">\u00a0<\/span><span data-contrast=\"auto\">Apra\u0161e pateikiami ikimokyklinio ugdymo rezultatai: vaik\u0173 pasiekimai nuo pat j\u0173 gimimo iki dalyvavimo prie\u0161mokyklinio ugdymo programoje, tarp j\u0173 vertybin\u0117s nuostatos, \u017einios ir supratimas, geb\u0117jimai.\u00a0<\/span><span data-ccp-props=\"{&quot;134245417&quot;:false}\">\u00a0<\/span><\/p>\n<p><span data-ccp-props=\"{&quot;134245417&quot;:false}\">\u00a0<\/span><span data-contrast=\"auto\">\u0160vietimo bendruomenei, t\u0117vams ir glob\u0117jams itin reikalingas ir naudingas dokumentas parengtas Nacionalinei \u0161vietimo agent\u016brai \u012fgyvendinant Europos S\u0105jungos projekt\u0105 \u201eIkimokyklinio ugdymo turinio kaita\u201c.\u00a0<\/span><span data-ccp-props=\"{&quot;134245417&quot;:false}\">\u00a0<\/span><\/p>\n<p><span data-ccp-props=\"{&quot;134245417&quot;:false}\">\u00a0<\/span><span data-contrast=\"auto\">Ikimokyklinio am\u017eiaus vaik\u0173 pasiekim\u0173 apra\u0161as paskelbtas N\u0160A <\/span><a href=\"https:\/\/www.nsa.smsm.lt\/old\/old\/projektai\/ugdymo-projektai\/projektas-ikimokyklinio-ugdymo-turinio-kaita-nr-10-014-p-0001\/projekto-medziaga\"><span data-contrast=\"none\">interneto svetain\u0117je<\/span><\/a><span data-contrast=\"auto\">.\u00a0<\/span><span data-ccp-props=\"{&quot;134245417&quot;:false}\">\u00a0<\/span><\/p>\n","protected":false},"excerpt":{"rendered":"<p>Nacionalin\u0117 \u0161vietimo agent\u016bra pareng\u0117 Ikimokyklinio am\u017eiaus vaik\u0173 pasiekim\u0173 apra\u0161\u0105. \u0160vietimo, mokslo ir sporto ministrui j\u012f patvirtinus, apra\u0161as tapo neatsiejama Ikimokyklinio ugdymo programos gairi\u0173 dalimi.\u00a0\u00a0 \u00a0Ikimokyklinio am\u017eiaus vaik\u0173 pasiekim\u0173 apra\u0161as bus naudojamas kaip \u012frankis, padedantis steb\u0117ti vaiko pasiekimus ir jo darom\u0105&nbsp;<a href=\"https:\/\/www.nsa.smsm.lt\/old\/2024\/02\/06\/vaiku-pasiekimu-aprase-nuoseklus-pazangos-stebejimo-zingsniai\/\" class=\"placiau\">Pla\u010diau <i class=\"fa fa-caret-right\"><\/i><\/a><\/p>\n","protected":false},"author":5,"featured_media":0,"comment_status":"open","ping_status":"open","sticky":false,"template":"","format":"standard","meta":{"_acf_changed":false,"footnotes":""},"categories":[1,21],"tags":[],"class_list":["post-38160","post","type-post","status-publish","format-standard","hentry","category-nacionalines-svietimo-agenturos-naujienos","category-naujienu-archyvas"],"acf":[],"_links":{"self":[{"href":"https:\/\/www.nsa.smsm.lt\/old\/wp-json\/wp\/v2\/posts\/38160","targetHints":{"allow":["GET"]}}],"collection":[{"href":"https:\/\/www.nsa.smsm.lt\/old\/wp-json\/wp\/v2\/posts"}],"about":[{"href":"https:\/\/www.nsa.smsm.lt\/old\/wp-json\/wp\/v2\/types\/post"}],"author":[{"embeddable":true,"href":"https:\/\/www.nsa.smsm.lt\/old\/wp-json\/wp\/v2\/users\/5"}],"replies":[{"embeddable":true,"href":"https:\/\/www.nsa.smsm.lt\/old\/wp-json\/wp\/v2\/comments?post=38160"}],"version-history":[{"count":2,"href":"https:\/\/www.nsa.smsm.lt\/old\/wp-json\/wp\/v2\/posts\/38160\/revisions"}],"predecessor-version":[{"id":38162,"href":"https:\/\/www.nsa.smsm.lt\/old\/wp-json\/wp\/v2\/posts\/38160\/revisions\/38162"}],"wp:attachment":[{"href":"https:\/\/www.nsa.smsm.lt\/old\/wp-json\/wp\/v2\/media?parent=38160"}],"wp:term":[{"taxonomy":"category","embeddable":true,"href":"https:\/\/www.nsa.smsm.lt\/old\/wp-json\/wp\/v2\/categories?post=38160"},{"taxonomy":"post_tag","embeddable":true,"href":"https:\/\/www.nsa.smsm.lt\/old\/wp-json\/wp\/v2\/tags?post=38160"}],"curies":[{"name":"wp","href":"https:\/\/api.w.org\/{rel}","templated":true}]}}