{"id":37854,"date":"2024-01-06T09:19:20","date_gmt":"2024-01-06T07:19:20","guid":{"rendered":"https:\/\/www.nsa.smsm.lt\/old\/?p=37854"},"modified":"2024-01-08T09:20:21","modified_gmt":"2024-01-08T07:20:21","slug":"in-memoriam-jurate-derukaite","status":"publish","type":"post","link":"https:\/\/www.nsa.smsm.lt\/old\/2024\/01\/06\/in-memoriam-jurate-derukaite\/","title":{"rendered":"IN MEMORIAM J\u016aRAT\u0116 DERUKAIT\u0116"},"content":{"rendered":"<p class=\"x_MsoNoSpacing\">\u0160vietimo bendruomen\u0117 atsisveikino su N\u0160A Lietuvi\u0173 kalbos mok\u0117jimo lygio ir valstybin\u0117s kalbos mok\u0117jimo kategorijos nustatymo egzamin\u0173 vertinimo komisijos pirmininke, Klaip\u0117dos universiteto Socialini\u0173 ir humanitarini\u0173 moksl\u0173 fakulteto Lituanistikos ir u\u017esienio kalb\u0173 centro vadove J\u016brate Derukaite.<\/p>\n<p class=\"x_MsoNoSpacing\">Gerbiamos koleg\u0117s, talentingos d\u0117stytojos aistra kalboms, geb\u0117jimas \u012f\u017eiebti nor\u0105 mokytis liks student\u0173 ir koleg\u0173 prisiminimuose ne tik Lietuvoje, bet ir u\u017esienyje. Jos \u012fkurtas ir beveik du de\u0161imtme\u010dius puosel\u0117tas Lituanistikos ir kalb\u0173 centras, jame s\u0117kmingai veikian\u010dios Lietuvi\u0173 kalbos ir kult\u016bros vasaros bei \u017eiemos akademijos \u017einomos skirting\u0173 \u0161ali\u0173 lietuvi\u0173 bendruomen\u0117se.\u00a0Tyliu ir kantriu darbu J. Derukait\u0117 geb\u0117jo sutelkti bendradarbius \u012fgyvendinti ir s\u0117kmingai pl\u0117toti \u012fvairios veiklos sumanymus.<\/p>\n<p class=\"x_MsoNoSpacing\">D\u0117l J. Derukait\u0117s netekties N\u0160A rei\u0161kia nuo\u0161ird\u017eiausi\u0105 u\u017euojaut\u0105 artimiesiems.<\/p>\n","protected":false},"excerpt":{"rendered":"<p>\u0160vietimo bendruomen\u0117 atsisveikino su N\u0160A Lietuvi\u0173 kalbos mok\u0117jimo lygio ir valstybin\u0117s kalbos mok\u0117jimo kategorijos nustatymo egzamin\u0173 vertinimo komisijos pirmininke, Klaip\u0117dos universiteto Socialini\u0173 ir humanitarini\u0173 moksl\u0173 fakulteto Lituanistikos ir u\u017esienio kalb\u0173 centro vadove J\u016brate Derukaite. Gerbiamos koleg\u0117s, talentingos d\u0117stytojos aistra kalboms,&nbsp;<a href=\"https:\/\/www.nsa.smsm.lt\/old\/2024\/01\/06\/in-memoriam-jurate-derukaite\/\" class=\"placiau\">Pla\u010diau <i class=\"fa fa-caret-right\"><\/i><\/a><\/p>\n","protected":false},"author":5,"featured_media":0,"comment_status":"open","ping_status":"open","sticky":false,"template":"","format":"standard","meta":{"_acf_changed":false,"footnotes":""},"categories":[1,21],"tags":[],"class_list":["post-37854","post","type-post","status-publish","format-standard","hentry","category-nacionalines-svietimo-agenturos-naujienos","category-naujienu-archyvas"],"acf":[],"_links":{"self":[{"href":"https:\/\/www.nsa.smsm.lt\/old\/wp-json\/wp\/v2\/posts\/37854","targetHints":{"allow":["GET"]}}],"collection":[{"href":"https:\/\/www.nsa.smsm.lt\/old\/wp-json\/wp\/v2\/posts"}],"about":[{"href":"https:\/\/www.nsa.smsm.lt\/old\/wp-json\/wp\/v2\/types\/post"}],"author":[{"embeddable":true,"href":"https:\/\/www.nsa.smsm.lt\/old\/wp-json\/wp\/v2\/users\/5"}],"replies":[{"embeddable":true,"href":"https:\/\/www.nsa.smsm.lt\/old\/wp-json\/wp\/v2\/comments?post=37854"}],"version-history":[{"count":1,"href":"https:\/\/www.nsa.smsm.lt\/old\/wp-json\/wp\/v2\/posts\/37854\/revisions"}],"predecessor-version":[{"id":37855,"href":"https:\/\/www.nsa.smsm.lt\/old\/wp-json\/wp\/v2\/posts\/37854\/revisions\/37855"}],"wp:attachment":[{"href":"https:\/\/www.nsa.smsm.lt\/old\/wp-json\/wp\/v2\/media?parent=37854"}],"wp:term":[{"taxonomy":"category","embeddable":true,"href":"https:\/\/www.nsa.smsm.lt\/old\/wp-json\/wp\/v2\/categories?post=37854"},{"taxonomy":"post_tag","embeddable":true,"href":"https:\/\/www.nsa.smsm.lt\/old\/wp-json\/wp\/v2\/tags?post=37854"}],"curies":[{"name":"wp","href":"https:\/\/api.w.org\/{rel}","templated":true}]}}