{"id":37145,"date":"2023-11-06T10:09:04","date_gmt":"2023-11-06T08:09:04","guid":{"rendered":"https:\/\/www.nsa.smsm.lt\/old\/?p=37145"},"modified":"2023-11-13T11:16:46","modified_gmt":"2023-11-13T09:16:46","slug":"nsa-projektas-stiprins-lietuviskas-mokyklas-uzsienyje","status":"publish","type":"post","link":"https:\/\/www.nsa.smsm.lt\/old\/2023\/11\/06\/nsa-projektas-stiprins-lietuviskas-mokyklas-uzsienyje\/","title":{"rendered":"N\u0160A projektas stiprins lietuvi\u0161kas mokyklas u\u017esienyje"},"content":{"rendered":"<p><strong>Nacionalin\u0117 \u0161vietimo agent\u016bra (N\u0160A) u\u017esienio \u0161alyse dirban\u010dius lituanistinio \u0161vietimo vykdytojus kvie\u010dia \u012f pradinio ugdymo pedagogikos bakalauro studijas, kurios bus vykdomos bendradarbiaujant su Vilniaus kolegija. \u0160ios studijos finansuojamos projekto \u201eT\u0119sk: ateik, tobul\u0117k, prisid\u0117k!\u201c l\u0117\u0161omis.\u00a0\u00a0<\/strong><\/p>\n<p><span data-ccp-props=\"{&quot;134245417&quot;:false,&quot;201341983&quot;:0,&quot;335559739&quot;:0,&quot;335559740&quot;:240}\">\u00a0<\/span><span data-contrast=\"auto\">U\u017esienio \u0161ali\u0173 ugdymo \u012fstaigose, vykdan\u010diose lituanistinio \u0161vietimo programas, dirbantys asmenys, kurie yra \u012fgij\u0119 tik vidurin\u012f i\u0161silavinim\u0105, nuo 2023 m. lapkri\u010dio 6 d. gali teikti pra\u0161ymus ir dalyvauti atrankose \u012f pradinio ugdymo pedagogikos bakalauro studijas. I\u0161 viso planuojama atrinkti studijuoti 18 lituanistinio \u0161vietimo vykdytoj\u0173.\u00a0<\/span><span data-ccp-props=\"{&quot;134245417&quot;:false,&quot;201341983&quot;:0,&quot;335559739&quot;:0,&quot;335559740&quot;:240}\">\u00a0<\/span><\/p>\n<p><span data-ccp-props=\"{&quot;134245417&quot;:false,&quot;201341983&quot;:0,&quot;335559739&quot;:0,&quot;335559740&quot;:240}\">\u00a0<\/span><span data-contrast=\"auto\">Trejus metus trunkan\u010dia pradinio ugdymo pedagogikos studij\u0173 programa siekiama parengti kompetentingus pradini\u0173 klasi\u0173 mokytojus. Studij\u0173 programoje daug d\u0117mesio skiriama tiek naujausioms teorin\u0117ms \u017einioms, tiek praktiniams pedagogin\u0117s veiklos \u012fg\u016bd\u017eiams \u012ftvirtinti.\u00a0<\/span><span data-ccp-props=\"{&quot;134245417&quot;:false,&quot;201341983&quot;:0,&quot;335559739&quot;:0,&quot;335559740&quot;:240}\">\u00a0<\/span><\/p>\n<p><span data-ccp-props=\"{&quot;134245417&quot;:false,&quot;201341983&quot;:0,&quot;335559739&quot;:0,&quot;335559740&quot;:240}\">\u00a0<\/span><span data-contrast=\"auto\">Studij\u0173 procesas ir turinys tikslingai prapl\u0117stas ir papildytas specifin\u0117mis lituanistinio \u0161vietimo organizavimo temomis, praktin\u0117mis u\u017eduotimis, orientuotomis \u012f lituanistinio \u0161vietimo \u012fstaig\u0173 tipus ir unikalias situacijas.<\/span><span data-ccp-props=\"{&quot;134245417&quot;:false,&quot;201341983&quot;:0,&quot;335559739&quot;:0,&quot;335559740&quot;:240}\">\u00a0<\/span><\/p>\n<p><span data-contrast=\"auto\">Vilniaus kolegija, atsi\u017evelgdama \u012f lituanistinio \u0161vietimo vykdytoj\u0173 galimybes, planuoja taikyti lanks\u010dias studij\u0173 formas: did\u017eioji studij\u0173 dalis bus vykdoma nuotoliniu b\u016bdu, sudaromos s\u0105lygos atlikti pedagogin\u0119 praktik\u0105 ne tik Lietuvos, bet ir u\u017esienio \u0161ali\u0173 ugdymo \u012fstaigose kasdieniu (kontaktiniu) arba nuotoliniu mokymosi b\u016bdu.<\/span><span data-ccp-props=\"{&quot;134245417&quot;:false,&quot;201341983&quot;:0,&quot;335559739&quot;:0,&quot;335559740&quot;:240}\">\u00a0<\/span><\/p>\n<p><span data-ccp-props=\"{&quot;134245417&quot;:false,&quot;201341983&quot;:0,&quot;335559739&quot;:0,&quot;335559740&quot;:240}\">\u00a0<\/span><span data-contrast=\"auto\">Pra\u0161ymai studijuoti Vilniaus kolegijoje priimami iki 2023 m. gruod\u017eio 6 d. 17 val. Juos galima pateikti internetu: <\/span><a href=\"https:\/\/bp.lamabpo.lt\/bp2023\/lama_is.main\"><span data-contrast=\"none\">https:\/\/bp.lamabpo.lt\/bp2023\/lama_is.main<\/span><\/a><span data-contrast=\"auto\">.\u00a0<\/span><span data-ccp-props=\"{&quot;134245417&quot;:false,&quot;201341983&quot;:0,&quot;335559739&quot;:0,&quot;335559740&quot;:240}\">\u00a0<\/span><\/p>\n<p><span data-ccp-props=\"{&quot;134245417&quot;:false,&quot;201341983&quot;:0,&quot;335559739&quot;:0,&quot;335559740&quot;:240}\">\u00a0<\/span><span data-contrast=\"auto\">Planuojama studij\u0173 prad\u017eia \u2013 2024 m. vasario m\u0117n.\u00a0<\/span><span data-ccp-props=\"{&quot;134245417&quot;:false,&quot;201341983&quot;:0,&quot;335559739&quot;:0,&quot;335559740&quot;:240}\">\u00a0<\/span><\/p>\n<p><span data-ccp-props=\"{&quot;134245417&quot;:false,&quot;201341983&quot;:0,&quot;335559739&quot;:0,&quot;335559740&quot;:240}\">\u00a0<\/span><span data-contrast=\"auto\">Daugiau informacijos: Olivija Bubnel\u0117, el. p. olivija.bubnele@nsa.smm.lt.<\/span><span data-ccp-props=\"{&quot;134245417&quot;:false,&quot;201341983&quot;:0,&quot;335559739&quot;:0,&quot;335559740&quot;:240}\">\u00a0<\/span><\/p>\n<p><i>Projektas Nr. 10-045-P-0001 vykdomas pagal 2021\u20132030 m. pl\u0117tros programos valdytojos Lietuvos Respublikos \u0161vietimo, mokslo ir sporto ministerijos \u0161vietimo pl\u0117tros programos pa\u017eangos priemon\u0119 Nr. 12-003-03-06-01 \u201ePirmiausia \u2013 mokytojas\u201c, finansuojamas Europos socialinio fondo + ir Europos S\u0105jungos bendrojo finansavimo l\u0117\u0161omis.<\/i><\/p>\n<p><span data-ccp-props=\"{&quot;134245417&quot;:false,&quot;201341983&quot;:0,&quot;335559739&quot;:0,&quot;335559740&quot;:240}\">\u00a0<\/span><i>Daugiau apie projekt\u0105:\u00a0<\/i><i><br aria-hidden=\"true\" \/><a id=\"OWA58f8ff62-6390-a4c9-7eb1-8093204d4b86\" class=\"x_OWAAutoLink\" href=\"https:\/\/www.nsa.smsm.lt\/old\/old\/projektai\/ugdymo-projektai\/projektas-tesk-ateik-tobulek-prisidek\/\" target=\"_blank\" rel=\"noopener noreferrer\" data-auth=\"NotApplicable\" data-linkindex=\"2\">https:\/\/www.nsa.smsm.lt\/old\/old\/projektai\/ugdymo-projektai\/projektas-tesk-ateik-tobulek-prisidek\/<\/a><\/i><i>.<\/i><\/p>\n","protected":false},"excerpt":{"rendered":"<p>Nacionalin\u0117 \u0161vietimo agent\u016bra (N\u0160A) u\u017esienio \u0161alyse dirban\u010dius lituanistinio \u0161vietimo vykdytojus kvie\u010dia \u012f pradinio ugdymo pedagogikos bakalauro studijas, kurios bus vykdomos bendradarbiaujant su Vilniaus kolegija. \u0160ios studijos finansuojamos projekto \u201eT\u0119sk: ateik, tobul\u0117k, prisid\u0117k!\u201c l\u0117\u0161omis.\u00a0\u00a0 \u00a0U\u017esienio \u0161ali\u0173 ugdymo \u012fstaigose, vykdan\u010diose lituanistinio \u0161vietimo&nbsp;<a href=\"https:\/\/www.nsa.smsm.lt\/old\/2023\/11\/06\/nsa-projektas-stiprins-lietuviskas-mokyklas-uzsienyje\/\" class=\"placiau\">Pla\u010diau <i class=\"fa fa-caret-right\"><\/i><\/a><\/p>\n","protected":false},"author":5,"featured_media":0,"comment_status":"open","ping_status":"open","sticky":false,"template":"","format":"standard","meta":{"_acf_changed":false,"footnotes":""},"categories":[1,19,21],"tags":[],"class_list":["post-37145","post","type-post","status-publish","format-standard","hentry","category-nacionalines-svietimo-agenturos-naujienos","category-projektu-naujienos","category-naujienu-archyvas"],"acf":[],"_links":{"self":[{"href":"https:\/\/www.nsa.smsm.lt\/old\/wp-json\/wp\/v2\/posts\/37145","targetHints":{"allow":["GET"]}}],"collection":[{"href":"https:\/\/www.nsa.smsm.lt\/old\/wp-json\/wp\/v2\/posts"}],"about":[{"href":"https:\/\/www.nsa.smsm.lt\/old\/wp-json\/wp\/v2\/types\/post"}],"author":[{"embeddable":true,"href":"https:\/\/www.nsa.smsm.lt\/old\/wp-json\/wp\/v2\/users\/5"}],"replies":[{"embeddable":true,"href":"https:\/\/www.nsa.smsm.lt\/old\/wp-json\/wp\/v2\/comments?post=37145"}],"version-history":[{"count":4,"href":"https:\/\/www.nsa.smsm.lt\/old\/wp-json\/wp\/v2\/posts\/37145\/revisions"}],"predecessor-version":[{"id":37263,"href":"https:\/\/www.nsa.smsm.lt\/old\/wp-json\/wp\/v2\/posts\/37145\/revisions\/37263"}],"wp:attachment":[{"href":"https:\/\/www.nsa.smsm.lt\/old\/wp-json\/wp\/v2\/media?parent=37145"}],"wp:term":[{"taxonomy":"category","embeddable":true,"href":"https:\/\/www.nsa.smsm.lt\/old\/wp-json\/wp\/v2\/categories?post=37145"},{"taxonomy":"post_tag","embeddable":true,"href":"https:\/\/www.nsa.smsm.lt\/old\/wp-json\/wp\/v2\/tags?post=37145"}],"curies":[{"name":"wp","href":"https:\/\/api.w.org\/{rel}","templated":true}]}}