{"id":37124,"date":"2023-10-30T13:03:55","date_gmt":"2023-10-30T11:03:55","guid":{"rendered":"https:\/\/www.nsa.smsm.lt\/old\/?p=37124"},"modified":"2023-11-13T11:14:26","modified_gmt":"2023-11-13T09:14:26","slug":"daugiau-nei-420-pedagogu-apsisprende-igyti-papildomo-dalyko-specializacija","status":"publish","type":"post","link":"https:\/\/www.nsa.smsm.lt\/old\/2023\/10\/30\/daugiau-nei-420-pedagogu-apsisprende-igyti-papildomo-dalyko-specializacija\/","title":{"rendered":"Daugiau nei 420 pedagog\u0173 apsisprend\u0117 \u012fgyti papildomo dalyko specializacij\u0105"},"content":{"rendered":"<p class=\"x_elementToProof\"><b>Nacionalin\u0117s \u0161vietimo agent\u016bros (N\u0160A) duomenimis, Lietuvos auk\u0161tosiose mokyklose studijas prad\u0117jo daugiau nei 420 pedagog\u0173, norin\u010di\u0173 \u012fgyti kit\u0173 mokom\u0173j\u0173 dalyk\u0173 ar kitos ugdymo srities specializacij\u0105. \u0160ios studijos finansuojamos N\u0160A projekto \u201eT\u0119sk: ateik, tobul\u0117k, prisid\u0117k!\u201c l\u0117\u0161omis.\u00a0\u00a0<\/b><\/p>\n<p>\u201eViena svarbiausi\u0173 kokybi\u0161ko \u0161vietimo s\u0105lyg\u0173 \u2013 atsakingas pedagog\u0173 po\u017ei\u016bris \u012f savo profesin\u012f augim\u0105, nauj\u0173 geb\u0117jim\u0173 ugdym\u0105. D\u017eiaugiuosi, kad tok\u012f po\u017ei\u016br\u012f patvirtino keli\u0173 \u0161imt\u0173 mokytoj\u0173\u00a0\u00a0apsisprendimas auk\u0161tosiose mokyklose \u012fgyti papildom\u0173 dalykini\u0173 kompetencij\u0173. Pabaig\u0119 studijas jie gal\u0117s mokyti keli\u0173 dalyk\u0173 ar teikti pagalb\u0105 speciali\u0173j\u0173 ugdymosi poreiki\u0173 turintiems vaikams\u201c, \u2013 sako Nacionalin\u0117s \u0161vietimo agent\u016bros direktor\u0117 R\u016bta Krasauskien\u0117.<\/p>\n<p class=\"x_elementToProof\">\u012egyvendindama projekt\u0105 \u201eT\u0119sk: ateik, tobul\u0117k, prisid\u0117k!\u201c, N\u0160A kartu su projekto partneriais \u2013 pedagogus rengian\u010diomis auk\u0161tosiomis mokyklomis \u2013 \u0161i\u0173 met\u0173 pavasar\u012f pakviet\u0117 pedagogus teikti parai\u0161kas ir dalyvauti atrankose \u012f projekto finansuojamas studijas.<\/p>\n<p class=\"x_elementToProof\">217 pedagog\u0173 pasirinko \u012fgyti vien\u0105 i\u0161 papildom\u0173 dalykini\u0173 kompetencij\u0173: matematikos, biologijos, chemijos, fizikos, vokie\u010di\u0173 kalbos, pranc\u016bz\u0173 kalbos ar lenk\u0173 kalbos ir literat\u016bros.<\/p>\n<p>Nuo \u0161io rudens 60 i\u0161 j\u0173 studijuoja matematikos papildom\u0105 dalykin\u0119 kompetencij\u0105, 55 \u2013 pranc\u016bz\u0173 kalbos, 47 \u2013 vokie\u010di\u0173 kalbos, 22 \u2013 fizikos, 21 \u2013 biologijos, po 6 \u2013 chemijos ir lenk\u0173 kalbos. \u0160ias studijas pasi\u016bl\u0117 Vilniaus universitetas, Vilniaus universiteto \u0160iauli\u0173 akademija, Vytauto Did\u017eiojo universitetas.<\/p>\n<p class=\"x_elementToProof\">Dar 212 pedagog\u0173 buvo pakviesti \u012f specialiosios pedagogin\u0117s pagalbos specialist\u0173 studijas. Jie tur\u0117jo galimyb\u0119 rinktis studijas Vilniaus universiteto \u0160iauli\u0173 akademijoje ar Vytauto Did\u017eiojo universitete ir \u012fgyti specialiojo pedagogo, logopedo ar klausos sutrikim\u0173 turin\u010di\u0173 vaik\u0173 ugdymo (surdopedagogo) kompetencijas. Specialiojo pedagogo studijas pasirinko 109, logopedo \u2013 92, o klausos sutrikim\u0173 turin\u010di\u0173 vaik\u0173 ugdymo (surdopedagogo) \u2013 11 pedagog\u0173. Baig\u0119 studijas, pedagogai bus pasireng\u0119 ugdyti speciali\u0173j\u0173 ugdymosi poreiki\u0173 turin\u010dius vaikus ir teikti pagalb\u0105 mokiniams, konsultuoti j\u0173 t\u0117vus, mokytojus.<\/p>\n<p class=\"x_elementToProof\">Projekto \u201eT\u0119sk: ateik, tobul\u0117k, prisid\u0117k!\u201c l\u0117\u0161omis 2023 mokslo metais prad\u0117jusiems studijuoti ir s\u0117kmingai studijas baigusiems pedagogams bus finansuojamos 429 studij\u0173 vietos.<\/p>\n<p class=\"x_elementToProof\">Papildom\u0173 mokom\u0173j\u0173 dalyk\u0173 ar kitos ugdymo srities pedagogin\u0117s specializacijos studij\u0173 finansavimas \u2013 tik viena projekto veikl\u0173. \u0160iuo projektu taip pat siekiama sustiprinti pedagogo profesijos patrauklum\u0105 bei pedagog\u0173 rengimo ir profesinio augimo sistem\u0105,\u00a0\u00a0siekiant pritraukti \u012f mokyklas nauj\u0173 mokytoj\u0173 ir pagalbos mokiniui specialist\u0173, gerinti praktin\u012f pasirengim\u0105 profesinei veiklai ir integracij\u0105 \u012f j\u0105.<\/p>\n<p>Projektas \u201eT\u0119sk: ateik, tobul\u0117k, prisid\u0117k!\u201c bus vykdomas iki 2027 m. rudens.<\/p>\n<p><i>Projektas Nr. 10-045-P-0001 vykdomas pagal 2021\u20132030 m. pl\u0117tros programos valdytojos Lietuvos Respublikos \u0161vietimo, mokslo ir sporto ministerijos \u0161vietimo pl\u0117tros programos pa\u017eangos priemon\u0119 Nr. 12-003-03-06-01 \u201ePirmiausia \u2013 mokytojas\u201c, finansuojamas Europos socialinio fondo + ir Europos S\u0105jungos bendrojo finansavimo l\u0117\u0161omis.<\/i><\/p>\n<p><b>Daugiau informacijos:\u00a0<\/b><\/p>\n<p class=\"x_elementToProof\"><i>Daugiau apie projekt\u0105:\u00a0<\/i><i><br aria-hidden=\"true\" \/><a id=\"OWA58f8ff62-6390-a4c9-7eb1-8093204d4b86\" class=\"x_OWAAutoLink\" href=\"https:\/\/www.nsa.smsm.lt\/old\/old\/projektai\/ugdymo-projektai\/projektas-tesk-ateik-tobulek-prisidek\/\" target=\"_blank\" rel=\"noopener noreferrer\" data-auth=\"NotApplicable\" data-linkindex=\"2\">https:\/\/www.nsa.smsm.lt\/old\/old\/projektai\/ugdymo-projektai\/projektas-tesk-ateik-tobulek-prisidek\/<\/a><\/i><i>.<\/i><\/p>\n","protected":false},"excerpt":{"rendered":"<p>Nacionalin\u0117s \u0161vietimo agent\u016bros (N\u0160A) duomenimis, Lietuvos auk\u0161tosiose mokyklose studijas prad\u0117jo daugiau nei 420 pedagog\u0173, norin\u010di\u0173 \u012fgyti kit\u0173 mokom\u0173j\u0173 dalyk\u0173 ar kitos ugdymo srities specializacij\u0105. \u0160ios studijos finansuojamos N\u0160A projekto \u201eT\u0119sk: ateik, tobul\u0117k, prisid\u0117k!\u201c l\u0117\u0161omis.\u00a0\u00a0 \u201eViena svarbiausi\u0173 kokybi\u0161ko \u0161vietimo s\u0105lyg\u0173 \u2013&nbsp;<a href=\"https:\/\/www.nsa.smsm.lt\/old\/2023\/10\/30\/daugiau-nei-420-pedagogu-apsisprende-igyti-papildomo-dalyko-specializacija\/\" class=\"placiau\">Pla\u010diau <i class=\"fa fa-caret-right\"><\/i><\/a><\/p>\n","protected":false},"author":5,"featured_media":0,"comment_status":"open","ping_status":"open","sticky":false,"template":"","format":"standard","meta":{"_acf_changed":false,"footnotes":""},"categories":[1,19,21],"tags":[],"class_list":["post-37124","post","type-post","status-publish","format-standard","hentry","category-nacionalines-svietimo-agenturos-naujienos","category-projektu-naujienos","category-naujienu-archyvas"],"acf":[],"_links":{"self":[{"href":"https:\/\/www.nsa.smsm.lt\/old\/wp-json\/wp\/v2\/posts\/37124","targetHints":{"allow":["GET"]}}],"collection":[{"href":"https:\/\/www.nsa.smsm.lt\/old\/wp-json\/wp\/v2\/posts"}],"about":[{"href":"https:\/\/www.nsa.smsm.lt\/old\/wp-json\/wp\/v2\/types\/post"}],"author":[{"embeddable":true,"href":"https:\/\/www.nsa.smsm.lt\/old\/wp-json\/wp\/v2\/users\/5"}],"replies":[{"embeddable":true,"href":"https:\/\/www.nsa.smsm.lt\/old\/wp-json\/wp\/v2\/comments?post=37124"}],"version-history":[{"count":4,"href":"https:\/\/www.nsa.smsm.lt\/old\/wp-json\/wp\/v2\/posts\/37124\/revisions"}],"predecessor-version":[{"id":37126,"href":"https:\/\/www.nsa.smsm.lt\/old\/wp-json\/wp\/v2\/posts\/37124\/revisions\/37126"}],"wp:attachment":[{"href":"https:\/\/www.nsa.smsm.lt\/old\/wp-json\/wp\/v2\/media?parent=37124"}],"wp:term":[{"taxonomy":"category","embeddable":true,"href":"https:\/\/www.nsa.smsm.lt\/old\/wp-json\/wp\/v2\/categories?post=37124"},{"taxonomy":"post_tag","embeddable":true,"href":"https:\/\/www.nsa.smsm.lt\/old\/wp-json\/wp\/v2\/tags?post=37124"}],"curies":[{"name":"wp","href":"https:\/\/api.w.org\/{rel}","templated":true}]}}