{"id":37105,"date":"2023-10-27T09:12:59","date_gmt":"2023-10-27T07:12:59","guid":{"rendered":"https:\/\/www.nsa.smsm.lt\/old\/?p=37105"},"modified":"2023-10-27T09:24:27","modified_gmt":"2023-10-27T07:24:27","slug":"prancuzu-kalbos-mokytoju-dienos-proga-organizuojama-konferencija-nous-professeurs-de-fle-creons-lavenir","status":"publish","type":"post","link":"https:\/\/www.nsa.smsm.lt\/old\/2023\/10\/27\/prancuzu-kalbos-mokytoju-dienos-proga-organizuojama-konferencija-nous-professeurs-de-fle-creons-lavenir\/","title":{"rendered":"Pranc\u016bz\u0173 kalbos mokytoj\u0173 dienos proga organizuojama konferencija \u00abNous, professeurs de FLE, cr\u00e9ons l\u2018avenir\u00bb"},"content":{"rendered":"<p>Lietuvos pranc\u016bz\u0173 kalbos mokytoj\u0173 ir d\u0117stytoj\u0173 asociacija art\u0117jan\u010dios Pranc\u016bz\u0173 kalbos mokytoj\u0173 dienos proga organizuoja rudenin\u0119 konferencij\u0105 <strong>\u00abNous, professeurs de FLE, cr\u00e9ons l\u2018avenir\u00bb.<\/strong><\/p>\n<p>Konferencijoje J\u016bs\u0173 lauksime <strong>lapkri\u010dio 24 d.<\/strong> Vilniaus universiteto Domus Philologiae V. Kr\u0117v\u0117s (118) auditorijoje Universiteto g. 5.<\/p>\n<p>\u0160ios konferencijos tikslas \u2013 suburti Lietuvos pranc\u016bz\u0173 kalbos mokytoj\u0173 ir d\u0117stytoj\u0173 bendruomen\u0119, kad kartu atrastume ir dalintum\u0117m\u0117s gerosiomis patirtimis apie skaitmenines mokymo priemones, nepamir\u0161dami \u012fvertinti ir Istorijos svarbos pranc\u016bz\u0173 kalbos pamokose, semsim\u0117s id\u0117j\u0173 perteikti savo \u017einias mokiniams naujais ir \u017eaismingais b\u016bdais.<\/p>\n<p>Konferencijos metu paskaitas skaitys ekspertai i\u0161 Pranc\u016bzijos, Maroko ir Lenkijos universitet\u0173. Teorines \u017einias pastiprinsite praktini\u0173 u\u017esi\u0117mim\u0173 dirbtuv\u0117se, kuriose ypatingai laukiame tiek patyrusi\u0173, tiek pradedan\u010di\u0173 mokytoj\u0173.<\/p>\n<p>Siekiame, kad kasmetin\u0117 rudens konferencija tapt\u0173 ne tik proga prasmingai pamin\u0117ti Pranc\u016bz\u0173 kalbos mokytoj\u0173 dien\u0105, bet ir erdve kurti naujas pa\u017eintis ir stiprinti bendruomen\u0117s ry\u0161ius. Tod\u0117l kvie\u010diame iki lapkri\u010dio 18 d. u\u017epildyti registracijos form\u0105 ir kvietimu \u012f konferencij\u0105 pasidalinti su savo kolegomis.<\/p>\n<p>Registracijos forma:<\/p>\n<p><a href=\"https:\/\/docs.google.com\/forms\/d\/e\/1FAIpQLSdoaKqGtSPPSOndjnxOH4aepaDjnZnFmMUb5LQW6aG8e2UTUw\/viewform?fbclid=IwAR1iakAhmAeKuMSrzF4tq4-yVmroog7T6KnWBhq8T1WHmdPjxGkvJrdxn84\">https:\/\/docs.google.com\/&#8230;\/1FAIpQLSdoaKqGtSPPSO&#8230;\/viewform<\/a><\/p>\n<p>Konferencijos dalyviai gaus pa\u017eym\u0117jimus u\u017e dalyvavim\u0105 kvalifikacijos k\u0117limo renginyje. Konferencijos programa pasidalinsime nuo lapkri\u010dio 13 d.<\/p>\n<p>Iki susitikimo!<\/p>\n<p><strong>Lietuvos pranc\u016bz\u0173 kalbos mokytoj\u0173 ir d\u0117stytoj\u0173 asociacijos taryba<\/strong><\/p>\n<p>&nbsp;<\/p>\n","protected":false},"excerpt":{"rendered":"<p>Lietuvos pranc\u016bz\u0173 kalbos mokytoj\u0173 ir d\u0117stytoj\u0173 asociacija art\u0117jan\u010dios Pranc\u016bz\u0173 kalbos mokytoj\u0173 dienos proga organizuoja rudenin\u0119 konferencij\u0105 \u00abNous, professeurs de FLE, cr\u00e9ons l\u2018avenir\u00bb. Konferencijoje J\u016bs\u0173 lauksime lapkri\u010dio 24 d. Vilniaus universiteto Domus Philologiae V. Kr\u0117v\u0117s (118) auditorijoje Universiteto g. 5. \u0160ios&nbsp;<a href=\"https:\/\/www.nsa.smsm.lt\/old\/2023\/10\/27\/prancuzu-kalbos-mokytoju-dienos-proga-organizuojama-konferencija-nous-professeurs-de-fle-creons-lavenir\/\" class=\"placiau\">Pla\u010diau <i class=\"fa fa-caret-right\"><\/i><\/a><\/p>\n","protected":false},"author":5,"featured_media":0,"comment_status":"open","ping_status":"open","sticky":false,"template":"","format":"standard","meta":{"_acf_changed":false,"footnotes":""},"categories":[20],"tags":[],"class_list":["post-37105","post","type-post","status-publish","format-standard","hentry","category-kitos-naujienos"],"acf":[],"_links":{"self":[{"href":"https:\/\/www.nsa.smsm.lt\/old\/wp-json\/wp\/v2\/posts\/37105","targetHints":{"allow":["GET"]}}],"collection":[{"href":"https:\/\/www.nsa.smsm.lt\/old\/wp-json\/wp\/v2\/posts"}],"about":[{"href":"https:\/\/www.nsa.smsm.lt\/old\/wp-json\/wp\/v2\/types\/post"}],"author":[{"embeddable":true,"href":"https:\/\/www.nsa.smsm.lt\/old\/wp-json\/wp\/v2\/users\/5"}],"replies":[{"embeddable":true,"href":"https:\/\/www.nsa.smsm.lt\/old\/wp-json\/wp\/v2\/comments?post=37105"}],"version-history":[{"count":4,"href":"https:\/\/www.nsa.smsm.lt\/old\/wp-json\/wp\/v2\/posts\/37105\/revisions"}],"predecessor-version":[{"id":37110,"href":"https:\/\/www.nsa.smsm.lt\/old\/wp-json\/wp\/v2\/posts\/37105\/revisions\/37110"}],"wp:attachment":[{"href":"https:\/\/www.nsa.smsm.lt\/old\/wp-json\/wp\/v2\/media?parent=37105"}],"wp:term":[{"taxonomy":"category","embeddable":true,"href":"https:\/\/www.nsa.smsm.lt\/old\/wp-json\/wp\/v2\/categories?post=37105"},{"taxonomy":"post_tag","embeddable":true,"href":"https:\/\/www.nsa.smsm.lt\/old\/wp-json\/wp\/v2\/tags?post=37105"}],"curies":[{"name":"wp","href":"https:\/\/api.w.org\/{rel}","templated":true}]}}