{"id":36963,"date":"2023-10-11T08:05:36","date_gmt":"2023-10-11T06:05:36","guid":{"rendered":"https:\/\/www.nsa.smsm.lt\/old\/?p=36963"},"modified":"2023-10-11T14:23:25","modified_gmt":"2023-10-11T12:23:25","slug":"pedagogams-galimybe-mokytis-vu-gyvenimo-igudziu-ugdymas-programoje","status":"publish","type":"post","link":"https:\/\/www.nsa.smsm.lt\/old\/2023\/10\/11\/pedagogams-galimybe-mokytis-vu-gyvenimo-igudziu-ugdymas-programoje\/","title":{"rendered":"Pedagogams \u2013 galimyb\u0117 mokytis VU \u201eGyvenimo \u012fg\u016bd\u017ei\u0173 ugdymas\u201c programoje"},"content":{"rendered":"<p class=\"x_MsoNoSpacing x_ContentPasted0\">Nacionalinei \u0161vietimo agent\u016brai (N\u0160A) pasira\u0161ius partneryst\u0117s sutart\u012f su Vilniaus universitetu d\u0117l nacionalini\u0173 pedagog\u0173 kvalifikacijos tobulinimo program\u0173 \u012fgyvendinimo, pedagogai kvie\u010diami dalyvauti \u0161io universiteto programoje\u00a0<strong><span class=\"x_ContentPasted0\">\u201eGyvenimo \u012fg\u016bd\u017ei\u0173 ugdymas\u201c.<\/span><\/strong><b>\u00a0<\/b><\/p>\n<p class=\"x_MsoNoSpacing x_ContentPasted0\"><strong><span class=\"x_ContentPasted0\">Programa \u201eGyvenimo \u012fg\u016bd\u017ei\u0173 ugdymas\u201c (270 akad. val.) skirta<\/span><\/strong>\u00a0mokytojams, dirbantiems pagal bendrojo ugdymo ir profesinio mokymo programas, mokykl\u0173 vadovams, j\u0173 pavaduotojams ugdymui, ugdym\u0105 organizuojan\u010di\u0173 skyri\u0173 ved\u0117jams, \u0161vietimo pagalbos atstovams siekiantiems mokyti ir(ar) koordinuoti gyvenimo \u012fg\u016bd\u017ei\u0173 ugdym\u0105 5-10 klas\u0117se.<strong>\u00a0<\/strong><\/p>\n<p class=\"x_MsoNoSpacing\"><strong><span class=\"x_ContentPasted0\">Visa informacija apie program\u0105 skelbiama <a id=\"OWA2603bbac-6fc8-d41a-05f8-eed2b6a56dd4\" class=\"x_OWAAutoLink x_ContentPasted0\" href=\"https:\/\/www.fsf.vu.lt\/ugdymo-mokslu-institutas\/ugdymo-mokslu-instituto-struktura\/pedagog-kompetencij-tobulinimo-ir-pletros-centras\/162-pedagogu-kompetenciju-tobulinimo\/5736-gyvenimo-igudziu-ugdymas\" target=\"_blank\" rel=\"noopener noreferrer\" data-auth=\"NotApplicable\" data-linkindex=\"0\">VU interneto svetain\u0117je<\/a>.\u00a0<\/span><\/strong><\/p>\n<p class=\"x_MsoNoSpacing\"><strong><span class=\"x_ContentPasted0\">Registracija\u00a0vyksta iki 2023 spalio 17 d., 16 val.<\/span><\/strong><\/p>\n<p class=\"x_MsoNoSpacing x_ContentPasted0\">Registracijos nuoroda:\u00a0<strong><a id=\"OWAe9df30b6-68bb-ce42-2ad6-dd0f316969d8\" class=\"x_OWAAutoLink x_ContentPasted0\" href=\"https:\/\/forms.office.com\/e\/yGxXWu16LE\" target=\"_blank\" rel=\"noopener noreferrer\" data-auth=\"NotApplicable\" data-linkindex=\"1\">https:\/\/forms.office.com\/e\/yGxXWu16LE<\/a><\/strong><strong>\u00a0<\/strong><\/p>\n<p class=\"x_MsoNoSpacing x_ContentPasted0\">Programos \u012fgyvendinimas bus finansuojamas Europos S\u0105jungos ekonomikos gaivinimo ir atsparumo didinimo priemon\u0117s \u201eNext GenerationEU\u201c l\u0117\u0161omis.<\/p>\n<p class=\"x_MsoNoSpacing x_ContentPasted0\">Daugiau informacijos: tel. 8 614 82\u00a0671, el. pa\u0161tu<a href=\"mailto:jurate.petraitiene@fsf.vu.lt\"> jurate.petraitiene@fsf.vu.lt<\/a>.<\/p>\n","protected":false},"excerpt":{"rendered":"<p>Nacionalinei \u0161vietimo agent\u016brai (N\u0160A) pasira\u0161ius partneryst\u0117s sutart\u012f su Vilniaus universitetu d\u0117l nacionalini\u0173 pedagog\u0173 kvalifikacijos tobulinimo program\u0173 \u012fgyvendinimo, pedagogai kvie\u010diami dalyvauti \u0161io universiteto programoje\u00a0\u201eGyvenimo \u012fg\u016bd\u017ei\u0173 ugdymas\u201c.\u00a0 Programa \u201eGyvenimo \u012fg\u016bd\u017ei\u0173 ugdymas\u201c (270 akad. val.) skirta\u00a0mokytojams, dirbantiems pagal bendrojo ugdymo ir profesinio mokymo&nbsp;<a href=\"https:\/\/www.nsa.smsm.lt\/old\/2023\/10\/11\/pedagogams-galimybe-mokytis-vu-gyvenimo-igudziu-ugdymas-programoje\/\" class=\"placiau\">Pla\u010diau <i class=\"fa fa-caret-right\"><\/i><\/a><\/p>\n","protected":false},"author":5,"featured_media":0,"comment_status":"open","ping_status":"open","sticky":false,"template":"","format":"standard","meta":{"_acf_changed":false,"footnotes":""},"categories":[1],"tags":[],"class_list":["post-36963","post","type-post","status-publish","format-standard","hentry","category-nacionalines-svietimo-agenturos-naujienos"],"acf":[],"_links":{"self":[{"href":"https:\/\/www.nsa.smsm.lt\/old\/wp-json\/wp\/v2\/posts\/36963","targetHints":{"allow":["GET"]}}],"collection":[{"href":"https:\/\/www.nsa.smsm.lt\/old\/wp-json\/wp\/v2\/posts"}],"about":[{"href":"https:\/\/www.nsa.smsm.lt\/old\/wp-json\/wp\/v2\/types\/post"}],"author":[{"embeddable":true,"href":"https:\/\/www.nsa.smsm.lt\/old\/wp-json\/wp\/v2\/users\/5"}],"replies":[{"embeddable":true,"href":"https:\/\/www.nsa.smsm.lt\/old\/wp-json\/wp\/v2\/comments?post=36963"}],"version-history":[{"count":1,"href":"https:\/\/www.nsa.smsm.lt\/old\/wp-json\/wp\/v2\/posts\/36963\/revisions"}],"predecessor-version":[{"id":36964,"href":"https:\/\/www.nsa.smsm.lt\/old\/wp-json\/wp\/v2\/posts\/36963\/revisions\/36964"}],"wp:attachment":[{"href":"https:\/\/www.nsa.smsm.lt\/old\/wp-json\/wp\/v2\/media?parent=36963"}],"wp:term":[{"taxonomy":"category","embeddable":true,"href":"https:\/\/www.nsa.smsm.lt\/old\/wp-json\/wp\/v2\/categories?post=36963"},{"taxonomy":"post_tag","embeddable":true,"href":"https:\/\/www.nsa.smsm.lt\/old\/wp-json\/wp\/v2\/tags?post=36963"}],"curies":[{"name":"wp","href":"https:\/\/api.w.org\/{rel}","templated":true}]}}