{"id":36713,"date":"2023-09-28T14:00:58","date_gmt":"2023-09-28T12:00:58","guid":{"rendered":"https:\/\/www.nsa.smsm.lt\/old\/?p=36713"},"modified":"2023-09-28T14:00:58","modified_gmt":"2023-09-28T12:00:58","slug":"paskelbti-nauji-eurydice-leidiniai-apie-2023-2024-mokslo-metu-organizavima-europoje","status":"publish","type":"post","link":"https:\/\/www.nsa.smsm.lt\/old\/2023\/09\/28\/paskelbti-nauji-eurydice-leidiniai-apie-2023-2024-mokslo-metu-organizavima-europoje\/","title":{"rendered":"Paskelbti nauji \u201eEurydice\u201c leidiniai apie 2023\u20132024 mokslo met\u0173 organizavim\u0105 Europoje"},"content":{"rendered":"<p><strong>\u0160vietimo tinklas \u201eEurydice\u201c paskelb\u0117 du naujus leidinius, skirtus 2023\u20132024 mokslo met\u0173 organizavimui Europos mokyklose: \u201eMokslo met\u0173 organizavimas Europoje. Pradinis, bendrasis pagrindinis ir vidurinis ugdymas 2023\u20132024 m. m.\u201c ir \u201eAkademini\u0173 mokslo met\u0173 organizavimas Europoje 2023\u20132024 m. m.\u201c.<\/strong><\/p>\n<p>Pirmajame leidinyje skelbiami nacionaliniai duomenys apie mokslo met\u0173 trukm\u0119, j\u0173 prad\u017eios ir pabaigos datas, mokymosi atostog\u0173 laik\u0105 ir trukm\u0119. Informacija pateikiama apie 37 \u0161ali\u0173, dalyvaujan\u010di\u0173 \u201eErasmus +\u201c programoje, pradinio, bendrojo pagrindinio ir vidurinio ugdymo lygmenis. \u0160iais metais pirm\u0105 kart\u0105 mokslo met\u0173 kalendoriai skelbiami atvir\u0173j\u0173 duomen\u0173 formatu, kai pateikiamos datos nacionaliniu lygmeniu ir, jei yra i\u0161im\u010di\u0173, pagal \u0161ali\u0173 regionus ar zonas.<\/p>\n<p>\u201eMokslo met\u0173 organizavimas Europoje. Pradinis, bendrasis pagrindinis ir vidurinis ugdymas 2023\u20132024 m. m.\u201c (angl\u0173 kalba <a href=\"https:\/\/eurydice.eacea.ec.europa.eu\/publications\/organisation-school-time-europe-primary-and-general-secondary-education-20232024\">The organisation of school time in Europe. Primary and general secondary education \u2013 2023\/2024<\/a>).<\/p>\n<p>Antrajame leidinyje skelbiami akademiniuose kalendoriuose pateikiami nacionaliniai duomenys apie mokslo met\u0173 strukt\u016br\u0105 (mokslo met\u0173 prad\u017eia, atostogos ir egzamin\u0173 laikotarpiai), i\u0161ry\u0161kinami universitetini\u0173 ir neuniversitetini\u0173 studij\u0173 program\u0173 skirtumai. Informacija pateikiama apie 37 \u0161alis.<\/p>\n<p>\u201eAkademini\u0173 mokslo met\u0173 organizavimas Europoje 2023\u20132024 m. m.\u201c (angl\u0173 kalba <a href=\"https:\/\/eurydice.eacea.ec.europa.eu\/publications\/organisation-academic-year-europe-20232024\">The organisation of the academic year in Europe \u2013 2023\/2024<\/a> ).<\/p>\n<p>\u0160vietimo tinklas \u201eEurydice\u201c, teikiantis \u012fvairi\u0105 informacij\u0105 apie 37 \u0161ali\u0173 nacionalines \u0161vietimo sistemas ir j\u0173 veikimo ypatumus.<\/p>\n<p>Daugiau informacijos apie Europos \u0161vietimo sistemas ir \u0161vietimo srities leidinius galima rasti\u00a0<a href=\"https:\/\/eacea.ec.europa.eu\/national-policies\/eurydice\/\">\u201eEurydice\u201c interneto svetain\u0117je<\/a>.<\/p>\n","protected":false},"excerpt":{"rendered":"<p>\u0160vietimo tinklas \u201eEurydice\u201c paskelb\u0117 du naujus leidinius, skirtus 2023\u20132024 mokslo met\u0173 organizavimui Europos mokyklose: \u201eMokslo met\u0173 organizavimas Europoje. Pradinis, bendrasis pagrindinis ir vidurinis ugdymas 2023\u20132024 m. m.\u201c ir \u201eAkademini\u0173 mokslo met\u0173 organizavimas Europoje 2023\u20132024 m. m.\u201c. Pirmajame leidinyje skelbiami nacionaliniai&nbsp;<a href=\"https:\/\/www.nsa.smsm.lt\/old\/2023\/09\/28\/paskelbti-nauji-eurydice-leidiniai-apie-2023-2024-mokslo-metu-organizavima-europoje\/\" class=\"placiau\">Pla\u010diau <i class=\"fa fa-caret-right\"><\/i><\/a><\/p>\n","protected":false},"author":5,"featured_media":0,"comment_status":"open","ping_status":"open","sticky":false,"template":"","format":"standard","meta":{"_acf_changed":false,"footnotes":""},"categories":[1,21],"tags":[],"class_list":["post-36713","post","type-post","status-publish","format-standard","hentry","category-nacionalines-svietimo-agenturos-naujienos","category-naujienu-archyvas"],"acf":[],"_links":{"self":[{"href":"https:\/\/www.nsa.smsm.lt\/old\/wp-json\/wp\/v2\/posts\/36713","targetHints":{"allow":["GET"]}}],"collection":[{"href":"https:\/\/www.nsa.smsm.lt\/old\/wp-json\/wp\/v2\/posts"}],"about":[{"href":"https:\/\/www.nsa.smsm.lt\/old\/wp-json\/wp\/v2\/types\/post"}],"author":[{"embeddable":true,"href":"https:\/\/www.nsa.smsm.lt\/old\/wp-json\/wp\/v2\/users\/5"}],"replies":[{"embeddable":true,"href":"https:\/\/www.nsa.smsm.lt\/old\/wp-json\/wp\/v2\/comments?post=36713"}],"version-history":[{"count":1,"href":"https:\/\/www.nsa.smsm.lt\/old\/wp-json\/wp\/v2\/posts\/36713\/revisions"}],"predecessor-version":[{"id":36714,"href":"https:\/\/www.nsa.smsm.lt\/old\/wp-json\/wp\/v2\/posts\/36713\/revisions\/36714"}],"wp:attachment":[{"href":"https:\/\/www.nsa.smsm.lt\/old\/wp-json\/wp\/v2\/media?parent=36713"}],"wp:term":[{"taxonomy":"category","embeddable":true,"href":"https:\/\/www.nsa.smsm.lt\/old\/wp-json\/wp\/v2\/categories?post=36713"},{"taxonomy":"post_tag","embeddable":true,"href":"https:\/\/www.nsa.smsm.lt\/old\/wp-json\/wp\/v2\/tags?post=36713"}],"curies":[{"name":"wp","href":"https:\/\/api.w.org\/{rel}","templated":true}]}}