{"id":36258,"date":"2023-08-25T07:39:07","date_gmt":"2023-08-25T05:39:07","guid":{"rendered":"https:\/\/www.nsa.smsm.lt\/old\/?p=36258"},"modified":"2023-09-19T09:14:38","modified_gmt":"2023-09-19T07:14:38","slug":"ivyko-isivertinimo-renginiai-projekto-mokyklu-pradiniu-klasiu-mokytojams","status":"publish","type":"post","link":"https:\/\/www.nsa.smsm.lt\/old\/2023\/08\/25\/ivyko-isivertinimo-renginiai-projekto-mokyklu-pradiniu-klasiu-mokytojams\/","title":{"rendered":"\u012evyko \u012fsivertinimo renginiai projekto mokykl\u0173 pradini\u0173 klasi\u0173 mokytojams"},"content":{"rendered":"<p>Nacionalin\u0117 \u0161vietimo agent\u016bra 100 bandom\u0173j\u0173 mokykl\u0173 mokytojams rugpj\u016b\u010dio 22\u201325\u00a0dienomis sureng\u0117 nuotolinius \u012fsivertinimo renginius \u201ePradinio ugdymo informatikos programos rengimas, i\u0161bandymas ir diegimas\u201c.<\/p>\n<p>Rengini\u0173 tikslas\u00a0\u2013 \u012fsivertinti, kaip mokytojams sek\u0117si integruoti informatikos geb\u0117jim\u0173 ugdym\u0105 pradin\u0117se klas\u0117se.\u00a0 Renginiuose dalyvavo mokytojai, j\u0173 mokykl\u0173 komand\u0173 vadovai ir savivaldybi\u0173 atstovai.<\/p>\n<p>Pasak N\u0160A Ugdymo departamento direktoriaus Vaino Brazdeikio, 100 projekto bandom\u0173j\u0173 mokykl\u0173 aktyviai \u012fsitrauk\u0117 \u012f informatikos integravimo pradiniame ugdyme i\u0161bandym\u0105.<\/p>\n<p>Vilniaus universiteto mokslin\u0117 darbuotoja dr. Gabriel\u0117 Stupurien\u0117 apib\u016bdino, kas yra dirbtinis intelektas ir jo ra\u0161tingumas, kalb\u0117jo apie jo vaidmen\u012f \u0161vietime, apie mokym\u0105 ir mokym\u0105si naudojant dirbtin\u012f intelekt\u0105 ir dirbtinio intelekto integracijos pradiniame ugdyme galimybes. Dalyviai i\u0161band\u0117 lektor\u0117s pateiktas skaitmenines mokymosi priemones ir atliko praktines u\u017eduotis.<\/p>\n<p>Projekto metodinink\u0117 Giedr\u0117 \u010ciapien\u0117 pasidalijo mokym\u0173 \u201eInformatikos geb\u0117jim\u0173 ugdymas pradin\u0117se klas\u0117se\u201c anketin\u0117s apklausos rezultatais ir Nacionalin\u0117s \u0161vietimo agent\u016bros svetain\u0117se pateikta pradini\u0173 klasi\u0173 mokytojams aktualia informacija.<\/p>\n<p>Patirtimi, \u012f\u017evalgomis ir id\u0117jomis dalijosi projekto metu informatik\u0105 \u012f pradin\u012f ugdym\u0105 integrav\u0119 mokytojai. Vyko diskusijos grup\u0117se. Diskusij\u0173 grupi\u0173 rezultatus apibendrino ir pristat\u0117 pradini\u0173 klasi\u0173 mokytojos Asta Aperavi\u010dien\u0117 i\u0161 Pakruojo \u201e\u017demynos\u201c progimnazijos, R\u016bta Bak\u016bnien\u0117 i\u0161 Vilkavi\u0161kio r. Pilvi\u0161ki\u0173 \u201eSantakos\u201c gimnazijos, Lina Kairi\u016bk\u0161tien\u0117 i\u0161 Vilniaus Gedimino technikos universiteto in\u017einerijos lic\u0117jaus, Laura Palivonien\u0117 i\u0161 \u0160iauli\u0173 \u201eRomuvos\u201c progimnazijos ir Teres\u0117 Siniauskyt\u0117 i\u0161 Vilniaus Barboros Radvilait\u0117s progimnazijos.<\/p>\n<p>\u012esivertinimo renginius Nacionalin\u0117 \u0161vietimo agent\u016bra organizavo kartu su Lietuvos informatikos mokytoj\u0173 asociacija. Juos ved\u0117 Lietuvos informatikos mokytoj\u0173 asociacijos prezidentas Aidas \u017dandaris ir \u0160ilut\u0117s Vyd\u016bno gimnazijos informacini\u0173 technologij\u0173 mokytoja ekspert\u0117 Tatjana Balvo\u010dien\u0117.<\/p>\n<p>Renginiai suorganizuoti \u012fgyvendinant projekt\u0105 \u201eBendrojo ugdymo turinio ir organizavimo modeli\u0173 suk\u016brimas ir i\u0161bandymas bendrajame ugdyme\u201c.<\/p>\n<p>Renginio vaizdo \u012fra\u0161as: <a href=\"https:\/\/youtu.be\/EBxBWgqZuQ0\">\u010dia<\/a><\/p>\n<p>Prane\u0161im\u0173 med\u017eiaga:<\/p>\n<p><a href=\"https:\/\/www.nsa.smsm.lt\/old\/old\/wp-content\/uploads\/2023\/09\/Dirbtinis-intelektas-pradiniame-ugdyme_Gabriele-Stupuriene.pdf\">Dirbtinis intelektas pradiniame ugdyme ir mokytojo darbe<\/a>.<\/p>\n<p><a href=\"https:\/\/www.nsa.smsm.lt\/old\/old\/wp-content\/uploads\/2023\/09\/Anketines-apklausos-rezultatu-pristatymas.-Giedre-Ciapiene.pdf\">Anketin\u0117s apklausos rezultat\u0173 pristatymas.<\/a><\/p>\n<p><a href=\"https:\/\/www.nsa.smsm.lt\/old\/old\/wp-content\/uploads\/2023\/09\/IT-integravimas-i-kalbini-ugdyma-ir-matematika.pdf\">Informatikos integravimas \u012f kalbin\u012f ugdym\u0105 ir matematik\u0105.<\/a><\/p>\n<p><a href=\"https:\/\/www.nsa.smsm.lt\/old\/old\/wp-content\/uploads\/2023\/09\/IT-integravimas-i-menini-ugdyma.pdf\">Informatikos integravimas \u012f menin\u012f ugdym\u0105.<\/a><\/p>\n<p><a href=\"https:\/\/www.nsa.smsm.lt\/old\/old\/wp-content\/uploads\/2023\/08\/Informatikos-integravimas-i-gamtamokslini-ugdyma.pdf\">Informatikos integravimas \u012f gamtamokslin\u012f ugdym\u0105<\/a>.<\/p>\n<p><a href=\"https:\/\/www.nsa.smsm.lt\/old\/old\/wp-content\/uploads\/2023\/08\/Informatika-atskiras-dalykas.pdf\">Atskiros pamokos pradin\u0117se klas\u0117se ypatumai<\/a>.<\/p>\n","protected":false},"excerpt":{"rendered":"<p>Nacionalin\u0117 \u0161vietimo agent\u016bra 100 bandom\u0173j\u0173 mokykl\u0173 mokytojams rugpj\u016b\u010dio 22\u201325\u00a0dienomis sureng\u0117 nuotolinius \u012fsivertinimo renginius \u201ePradinio ugdymo informatikos programos rengimas, i\u0161bandymas ir diegimas\u201c. Rengini\u0173 tikslas\u00a0\u2013 \u012fsivertinti, kaip mokytojams sek\u0117si integruoti informatikos geb\u0117jim\u0173 ugdym\u0105 pradin\u0117se klas\u0117se.\u00a0 Renginiuose dalyvavo mokytojai, j\u0173 mokykl\u0173 komand\u0173 vadovai&nbsp;<a href=\"https:\/\/www.nsa.smsm.lt\/old\/2023\/08\/25\/ivyko-isivertinimo-renginiai-projekto-mokyklu-pradiniu-klasiu-mokytojams\/\" class=\"placiau\">Pla\u010diau <i class=\"fa fa-caret-right\"><\/i><\/a><\/p>\n","protected":false},"author":5,"featured_media":0,"comment_status":"open","ping_status":"open","sticky":false,"template":"","format":"standard","meta":{"_acf_changed":false,"footnotes":""},"categories":[1,19,21],"tags":[],"class_list":["post-36258","post","type-post","status-publish","format-standard","hentry","category-nacionalines-svietimo-agenturos-naujienos","category-projektu-naujienos","category-naujienu-archyvas"],"acf":[],"_links":{"self":[{"href":"https:\/\/www.nsa.smsm.lt\/old\/wp-json\/wp\/v2\/posts\/36258","targetHints":{"allow":["GET"]}}],"collection":[{"href":"https:\/\/www.nsa.smsm.lt\/old\/wp-json\/wp\/v2\/posts"}],"about":[{"href":"https:\/\/www.nsa.smsm.lt\/old\/wp-json\/wp\/v2\/types\/post"}],"author":[{"embeddable":true,"href":"https:\/\/www.nsa.smsm.lt\/old\/wp-json\/wp\/v2\/users\/5"}],"replies":[{"embeddable":true,"href":"https:\/\/www.nsa.smsm.lt\/old\/wp-json\/wp\/v2\/comments?post=36258"}],"version-history":[{"count":6,"href":"https:\/\/www.nsa.smsm.lt\/old\/wp-json\/wp\/v2\/posts\/36258\/revisions"}],"predecessor-version":[{"id":36573,"href":"https:\/\/www.nsa.smsm.lt\/old\/wp-json\/wp\/v2\/posts\/36258\/revisions\/36573"}],"wp:attachment":[{"href":"https:\/\/www.nsa.smsm.lt\/old\/wp-json\/wp\/v2\/media?parent=36258"}],"wp:term":[{"taxonomy":"category","embeddable":true,"href":"https:\/\/www.nsa.smsm.lt\/old\/wp-json\/wp\/v2\/categories?post=36258"},{"taxonomy":"post_tag","embeddable":true,"href":"https:\/\/www.nsa.smsm.lt\/old\/wp-json\/wp\/v2\/tags?post=36258"}],"curies":[{"name":"wp","href":"https:\/\/api.w.org\/{rel}","templated":true}]}}