{"id":36225,"date":"2023-08-30T10:00:45","date_gmt":"2023-08-30T08:00:45","guid":{"rendered":"https:\/\/www.nsa.smsm.lt\/old\/?p=36225"},"modified":"2023-08-30T14:07:40","modified_gmt":"2023-08-30T12:07:40","slug":"mokyklu-bendruomenems-itraukiajam-ugdymui-skirtas-mokomuju-filmu-ciklas","status":"publish","type":"post","link":"https:\/\/www.nsa.smsm.lt\/old\/2023\/08\/30\/mokyklu-bendruomenems-itraukiajam-ugdymui-skirtas-mokomuju-filmu-ciklas\/","title":{"rendered":"Mokykl\u0173 bendruomen\u0117ms \u2013 \u012ftraukiajam ugdymui skirtas mokom\u0173j\u0173 film\u0173 ciklas"},"content":{"rendered":"<p>Nacionalin\u0117 \u0161vietimo agent\u016bra (N\u0160A) pareng\u0117 naujas vaizdo metodin\u0117s med\u017eiagos priemones \u012ftraukiojo ugdymo galimyb\u0117ms pl\u0117sti. N\u0160A sukurtame 15 mokom\u0173j\u0173 film\u0173 cikle, skirtame mokykl\u0173 bendruomen\u0117ms ir mokytojams, ugdantiems speciali\u0173j\u0173 ugdymosi poreiki\u0173 turin\u010dius vaikus, nagrin\u0117jamos aktualios \u0161ios srities temos, pateikiami praktiniai ugdymo pavyzd\u017eiai.<\/p>\n<p>Mokytojams skirt\u0105 mokom\u0173j\u0173 film\u0173 cikl\u0105 \u201ePagalba autizmo spektro sutrikim\u0173 turintiems vaikams\u201c sudaro 10 film\u0173, kiekvieno j\u0173 trukm\u0117 \u2013 iki 10 min. Mokomuosiuose filmuose pristatoma ir aptariama de\u0161imt skirting\u0173 tem\u0173, susijusi\u0173 su autizmo spektro sutrikim\u0105 turin\u010di\u0173 vaik\u0173 ugdymu.<\/p>\n<p>\u0160i vaizdo metodin\u0117 med\u017eiaga apr\u0117pia pasiruo\u0161im\u0105 vaiko, turin\u010dio autizmo spektro sutrikim\u0105, per\u0117jimui i\u0161 prie\u0161mokyklinio ugdymo \u012f pradin\u012f ugdym\u0105, mokyklos ir klas\u0117s aplink\u0173 paruo\u0161im\u0105, dienotvark\u0117s k\u016brim\u0105 ir mokym\u0105, klas\u0117s ir mokyklos taisykli\u0173 k\u016brim\u0105, klas\u0117s tvark\u0173 k\u016brim\u0105 ir mokym\u0105. Taip pat aptariamas autizmo spektro sutrikim\u0105 turin\u010di\u0173 vaik\u0173 geb\u0117jim\u0173 ir ypatum\u0173 vertinimas, veikl\u0173 strukt\u016bravimas, ugdymo proceso organizavimas, vaiko elgesio steb\u0117jimas ir vertinimas, individualaus pagalbos plano rengimas.<\/p>\n<p>Du filmai, skirti pedagogams, ugdantiems vaikus su regos sutrikimais, nagrin\u0117ja ugdomosios ir fizin\u0117s aplinkos pritaikym\u0105 mokiniams, turintiems speciali\u0173j\u0173 ugdymosi poreiki\u0173 d\u0117l regos sutrikimo. Animaciniame filme aptariami regos sutrikim\u0173 turin\u010dio vaiko kasdieniai i\u0161\u0161\u016bkiai, atskleid\u017eiama, su kokias i\u0161\u0161\u016bkiais susiduria mokyklos bendruomen\u0117, kai \u012f bendrojo ugdymo mokykl\u0105 ateina regos sutrikim\u0173 turintis mokinys, pateikiami praktiniai pavyzd\u017eiai, kaip u\u017etikrinti jo fizin\u012f ir emocin\u012f saugum\u0105.<\/p>\n<p>T\u0117vams, auginantiems regos sutrikim\u0105 turint\u012f vaik\u0105, skirtame animaciniame filme pateikiama informacija, kur \u0161eimos gali kreiptis d\u0117l ugdymo ir \u0161vietimo pagalbos, kai j\u0173 vaikui nustatomas regos sutrikimas, kokios pagalbos galima tik\u0117tis, supa\u017eindinama su mokytojo (tiflopedagogo) teikiama pagalba \u0161eimai.<\/p>\n<p>Nuo 2024 m. rugs\u0117jo 1 d. visos \u0161alies mokyklos tur\u0117s priimti visus mokinius ir teikti jiems kokybi\u0161k\u0105 ugdym\u0105 nediskriminuojant d\u0117l ugdymosi poreiki\u0173 \u012fvairov\u0117s, suteikiant j\u0173 ugdymosi poreikius atitinkan\u010di\u0105 pagalb\u0105.<\/p>\n<p>Visa vaizdo metodin\u0117 med\u017eiaga parengta projekto \u201e\u012etraukiojo ugdymo galimybi\u0173 pl\u0117tra\u201c l\u0117\u0161omis.<\/p>\n<p>Mokom\u0173j\u0173 film\u0173 cikl\u0105 \u201ePagalba autizmo spektro sutrikim\u0173 turintiems vaikams\u201c galima per\u017ei\u016br\u0117ti <a href=\"https:\/\/www.youtube.com\/playlist?list=PLb3M6Z90Z4rTeq1ojiUDKbvH91cGcDBit\">N\u0160A \u201eYoutube\u201c kanale<\/a>.<\/p>\n","protected":false},"excerpt":{"rendered":"<p>Nacionalin\u0117 \u0161vietimo agent\u016bra (N\u0160A) pareng\u0117 naujas vaizdo metodin\u0117s med\u017eiagos priemones \u012ftraukiojo ugdymo galimyb\u0117ms pl\u0117sti. N\u0160A sukurtame 15 mokom\u0173j\u0173 film\u0173 cikle, skirtame mokykl\u0173 bendruomen\u0117ms ir mokytojams, ugdantiems speciali\u0173j\u0173 ugdymosi poreiki\u0173 turin\u010dius vaikus, nagrin\u0117jamos aktualios \u0161ios srities temos, pateikiami praktiniai ugdymo pavyzd\u017eiai.&nbsp;<a href=\"https:\/\/www.nsa.smsm.lt\/old\/2023\/08\/30\/mokyklu-bendruomenems-itraukiajam-ugdymui-skirtas-mokomuju-filmu-ciklas\/\" class=\"placiau\">Pla\u010diau <i class=\"fa fa-caret-right\"><\/i><\/a><\/p>\n","protected":false},"author":5,"featured_media":0,"comment_status":"open","ping_status":"open","sticky":false,"template":"","format":"standard","meta":{"_acf_changed":false,"footnotes":""},"categories":[1,21],"tags":[],"class_list":["post-36225","post","type-post","status-publish","format-standard","hentry","category-nacionalines-svietimo-agenturos-naujienos","category-naujienu-archyvas"],"acf":[],"_links":{"self":[{"href":"https:\/\/www.nsa.smsm.lt\/old\/wp-json\/wp\/v2\/posts\/36225","targetHints":{"allow":["GET"]}}],"collection":[{"href":"https:\/\/www.nsa.smsm.lt\/old\/wp-json\/wp\/v2\/posts"}],"about":[{"href":"https:\/\/www.nsa.smsm.lt\/old\/wp-json\/wp\/v2\/types\/post"}],"author":[{"embeddable":true,"href":"https:\/\/www.nsa.smsm.lt\/old\/wp-json\/wp\/v2\/users\/5"}],"replies":[{"embeddable":true,"href":"https:\/\/www.nsa.smsm.lt\/old\/wp-json\/wp\/v2\/comments?post=36225"}],"version-history":[{"count":0,"href":"https:\/\/www.nsa.smsm.lt\/old\/wp-json\/wp\/v2\/posts\/36225\/revisions"}],"wp:attachment":[{"href":"https:\/\/www.nsa.smsm.lt\/old\/wp-json\/wp\/v2\/media?parent=36225"}],"wp:term":[{"taxonomy":"category","embeddable":true,"href":"https:\/\/www.nsa.smsm.lt\/old\/wp-json\/wp\/v2\/categories?post=36225"},{"taxonomy":"post_tag","embeddable":true,"href":"https:\/\/www.nsa.smsm.lt\/old\/wp-json\/wp\/v2\/tags?post=36225"}],"curies":[{"name":"wp","href":"https:\/\/api.w.org\/{rel}","templated":true}]}}