{"id":35709,"date":"2023-08-18T05:06:37","date_gmt":"2023-08-18T03:06:37","guid":{"rendered":"https:\/\/www.nsa.smsm.lt\/old\/?p=35709"},"modified":"2023-08-18T10:27:16","modified_gmt":"2023-08-18T08:27:16","slug":"konferencijoje-demesys-pilietiskumo-ugdymo-patirtims","status":"publish","type":"post","link":"https:\/\/www.nsa.smsm.lt\/old\/2023\/08\/18\/konferencijoje-demesys-pilietiskumo-ugdymo-patirtims\/","title":{"rendered":"Konferencijoje \u2013 d\u0117mesys pilieti\u0161kumo ugdymo patirtims"},"content":{"rendered":"<p><strong>Rugpj\u016b\u010dio 25 d. Nacionalin\u0117je \u0161vietimo agent\u016broje (N\u0160A) vyks projekto \u201eNordplus Horizontal 2021\u201c baigiamoji konferencija \u201eVirtuali pilieti\u0161kumo mokykla\u201c. Renginys skirtas \u0161vietimo bendruomen\u0117s atstovams ir visiems, kuriems r\u016bpi jaunimo pilietinis ugdymas.<\/strong><\/p>\n<p>Baigiamojoje projekto konferencijoje bus pristatyta interneto svetain\u0117 Pilietiskumomokykla.lt, aptartas pilieti\u0161kumo kompetencijos ugdymas \u012fgyvendinant atnaujintas Bendrojo ugdymo programas, ap\u017evelgtos tarptautin\u0117s pilieti\u0161kumo tendencijos.<\/p>\n<p>Renginio metu taip pat bus i\u0161bandyti praktiniai \u012frankiai, leid\u017eiantys s\u0117kmingai integruoti pilieti\u0161kumo kompetencij\u0105 \u012f ugdymo proces\u0105, pristatyta projekte dalyvavusi\u0173 mokykl\u0173 geroji patirtis, bus diskutuojama pilieti\u0161kumo ugdymo temomis.<\/p>\n<p><a href=\"https:\/\/www.nsa.smsm.lt\/old\/old\/wp-content\/uploads\/2023\/07\/Virtuali-pilietiskumo-mokykla_PROGRAMA-2023-08-25_final.pdf\">Konferencijos programa <i class=\"fa fa-file-pdf \" ><\/i><\/a><\/p>\n<p>Vienas svarbiausi\u0173 \u0161io projekto rezultat\u0173 \u2013 atvira internetin\u0117 mokymosi svetain\u0117 Pilietiskumomokykla.lt. Jos pagrind\u0105 sudaro LR Prezident\u016bros Valstyb\u0117s pa\u017einimo centro ekspozicijoms sukurtas turinys ir centro edukacin\u0117se programose sukaupta patirtis. Projekto vykdytojai tikisi, kad \u0161i edukacin\u0117 priemon\u0117 bus \u012fdomi mokytojams, mokiniams, neformaliojo \u0161vietimo edukatoriams, visiems, kuriems \u012fdomu \u017einoti, kaip veikia valstyb\u0117 ir kaip rei\u0161kiasi pilieti\u0161kumas.<\/p>\n<p>Norintys dalyvauti baigiamojoje projekto \u201eVirtuali pilieti\u0161kumo mokykla\u201c konferencijoje kvie\u010diami u\u017esiregistruoti internetu: <a href=\"https:\/\/forms.office.com\/e\/vHg5iZBG6F\">https:\/\/forms.office.com\/e\/vHg5iZBG6F<\/a>.<\/p>\n<p>Renginys vyks rugpj\u016b\u010dio 25 d. Nacionalin\u0117je \u0161vietimo agent\u016broje (K. Kalinausko g. 7, Vilnius).<\/p>\n<p>Projekt\u0105 \u012fgyvendina N\u0160A kartu su partneriais: LR Prezidento kanceliarija, Valstyb\u0117s pa\u017einimo centru, Europos Vergelando centru Norvegijoje ir Rygos lietuvi\u0173 vidurine mokykla Latvijoje.<\/p>\n<p>Projektu siekiama ugdyti jaun\u0173 \u017emoni\u0173 pilietin\u0119 savimon\u0119, apiman\u010di\u0105 sav\u0119s pa\u017einim\u0105, praktin\u0119 patirt\u012f \u0161eimoje ir bendruomen\u0117je, vertybines nuostatas ir geb\u0117jimus.<\/p>\n","protected":false},"excerpt":{"rendered":"<p>Rugpj\u016b\u010dio 25 d. Nacionalin\u0117je \u0161vietimo agent\u016broje (N\u0160A) vyks projekto \u201eNordplus Horizontal 2021\u201c baigiamoji konferencija \u201eVirtuali pilieti\u0161kumo mokykla\u201c. Renginys skirtas \u0161vietimo bendruomen\u0117s atstovams ir visiems, kuriems r\u016bpi jaunimo pilietinis ugdymas. Baigiamojoje projekto konferencijoje bus pristatyta interneto svetain\u0117 Pilietiskumomokykla.lt, aptartas pilieti\u0161kumo kompetencijos&nbsp;<a href=\"https:\/\/www.nsa.smsm.lt\/old\/2023\/08\/18\/konferencijoje-demesys-pilietiskumo-ugdymo-patirtims\/\" class=\"placiau\">Pla\u010diau <i class=\"fa fa-caret-right\"><\/i><\/a><\/p>\n","protected":false},"author":5,"featured_media":0,"comment_status":"open","ping_status":"open","sticky":false,"template":"","format":"standard","meta":{"_acf_changed":false,"footnotes":""},"categories":[1],"tags":[],"class_list":["post-35709","post","type-post","status-publish","format-standard","hentry","category-nacionalines-svietimo-agenturos-naujienos"],"acf":[],"_links":{"self":[{"href":"https:\/\/www.nsa.smsm.lt\/old\/wp-json\/wp\/v2\/posts\/35709","targetHints":{"allow":["GET"]}}],"collection":[{"href":"https:\/\/www.nsa.smsm.lt\/old\/wp-json\/wp\/v2\/posts"}],"about":[{"href":"https:\/\/www.nsa.smsm.lt\/old\/wp-json\/wp\/v2\/types\/post"}],"author":[{"embeddable":true,"href":"https:\/\/www.nsa.smsm.lt\/old\/wp-json\/wp\/v2\/users\/5"}],"replies":[{"embeddable":true,"href":"https:\/\/www.nsa.smsm.lt\/old\/wp-json\/wp\/v2\/comments?post=35709"}],"version-history":[{"count":0,"href":"https:\/\/www.nsa.smsm.lt\/old\/wp-json\/wp\/v2\/posts\/35709\/revisions"}],"wp:attachment":[{"href":"https:\/\/www.nsa.smsm.lt\/old\/wp-json\/wp\/v2\/media?parent=35709"}],"wp:term":[{"taxonomy":"category","embeddable":true,"href":"https:\/\/www.nsa.smsm.lt\/old\/wp-json\/wp\/v2\/categories?post=35709"},{"taxonomy":"post_tag","embeddable":true,"href":"https:\/\/www.nsa.smsm.lt\/old\/wp-json\/wp\/v2\/tags?post=35709"}],"curies":[{"name":"wp","href":"https:\/\/api.w.org\/{rel}","templated":true}]}}