{"id":35524,"date":"2023-06-30T00:28:29","date_gmt":"2023-06-29T22:28:29","guid":{"rendered":"https:\/\/www.nsa.smsm.lt\/old\/?p=35524"},"modified":"2023-06-30T07:57:36","modified_gmt":"2023-06-30T05:57:36","slug":"dar-arciau-itraukties-mokykloms-paskirstytos-specialiosios-mokymo-priemones","status":"publish","type":"post","link":"https:\/\/www.nsa.smsm.lt\/old\/2023\/06\/30\/dar-arciau-itraukties-mokykloms-paskirstytos-specialiosios-mokymo-priemones\/","title":{"rendered":"Dar ar\u010diau \u012ftraukties: mokykloms paskirstytos specialiosios mokymo priemon\u0117s"},"content":{"rendered":"<p><strong>Nacionalin\u0117 \u0161vietimo agent\u016bra (N\u0160A) mokykloms paskirst\u0117 papildomas speciali\u0105sias mokymo priemones, skirtas speciali\u0173j\u0173 poreiki\u0173 turin\u010di\u0173 vaik\u0173 ugdymui. \u0160ios priemon\u0117s leis mokykloms geriau taikyti \u012ftraukties princip\u0105 \u0161vietime. I\u0161 viso iki \u0161i\u0173 met\u0173 pabaigos mokyklas pasieks vir\u0161 1500 \u012fvairi\u0173 speciali\u0173j\u0173 mokymo ir technin\u0117s pagalbos priemoni\u0173.<\/strong><\/p>\n<p>\u201ePriemon\u0117s skirtos pad\u0117ti mokykloms lengviau pasiruo\u0161ti \u012ftrauk\u010diai, jomis apr\u016bpinamos mokyklos, kuriose ugdomi speciali\u0173j\u0173 ugdymosi poreiki\u0173 turintys mokiniai, \u2013 sako Nacionalin\u0117s \u0161vietimo agent\u016bros direktor\u0117 R\u016bta Krasauskien\u0117. \u2013 M\u016bs\u0173 vertinimais, \u012fgyvendinus projekt\u0105, skirt\u0105 speciali\u0173j\u0173 mokymo priemoni\u0173 \u012fsigijimui, jo naud\u0105 pajus ne tik mokiniai, bet ir mokytojai, dirbantys su speciali\u0173j\u0173 ugdymosi poreiki\u0173 turin\u010diais vaikais\u201c.<\/p>\n<p>Atlikusi bendrojo ugdymo mokykl\u0173 apklaus\u0105 apie speciali\u0173j\u0173 mokymo ir technin\u0117s pagalbos priemoni\u0173 poreik\u012f, N\u0160A ES finansuojamo projekto l\u0117\u0161omis \u012fsigijo ir 110 mokykl\u0173 paskirst\u0117 168 speciali\u0105sias mokymo priemones: \u012fvairi\u0173 tip\u0173 komunikatorius, specialias kompiuterio peles, alternatyvias klaviat\u016bras, interaktyvius stalus bei kilim\u0117lius, \u012fvairi\u0105 kit\u0105 technin\u0119 bei programin\u0119 \u012frang\u0105, skirt\u0105 speciali\u0173j\u0173 poreiki\u0173 turintiems vaikams.<\/p>\n<p>Specialiuosius vaik\u0173 poreikius atliepian\u010dios vaizdin\u0117s, technin\u0117s, demonstracin\u0117s, skaitmenin\u0117s mokymo priemon\u0117s, literat\u016bra, \u017eaislai, daiktai, med\u017eiagos padeda pl\u0117toti mokini\u0173 \u017einias ir geb\u0117jimus, ugdytis mokymuisi reikaling\u0105 kompetencij\u0105, \u012fgyti socialini\u0173 ir kasdienio gyvenimo \u012fg\u016bd\u017ei\u0173.<\/p>\n<p>Tam pritaria Vilniaus Filaret\u0173 pradin\u0117s mokyklos direktoriaus pavaduotoja ugdymui Jolita Juknevi\u010dien\u0117: \u201eTokios mokymo priemon\u0117s pagerina m\u016bs\u0173 ugdymo proces\u0105. Esame be galo d\u0117kingi ir d\u017eiaugiam\u0117s, kad j\u0173 gauname, nes mokyklai j\u0173 \u012fsigyti ne visada paprasta\u201c.<\/p>\n<p>\u0160i mokykla gavo relaksacin\u0119 \u0161viesos lemp\u0105, padedan\u010di\u0105 \u012fvairiapus\u012f raidos sutrikim\u0105 turintiems vaikams, o visai neseniai \u2013 interaktyv\u0173 stal\u0105. \u201eSu nekantrumu laukiame rugs\u0117jo, kai gal\u0117sime j\u012f naudoti, nes speciali\u0173j\u0173 ugdymo poreiki\u0173 turintiems vaikams da\u017enai i\u0161\u0161\u016bkiu tampa ra\u0161ymas ranka\u201c, \u2013 sako J. Juknevi\u010dien\u0117.<\/p>\n<p>Pasak Vilniaus Antano Vienuolio progimnazijos direktoriaus pavaduotojos ugdymui Editos Garel\u010donkos, mokykl\u0105 pasiek\u0117 \u0161viesos ir vandens relaksacijos \u012frenginys: \u201eMes j\u012f vadiname \u201eburbuliatoriumi\u201c. \u0160i priemon\u0117 paskatino mokykloje \u012fkurti sensorin\u012f kambar\u012f. Juo labai d\u017eiaugiam\u0117s visi \u2013 ir speciali\u0173j\u0173 ugdymosi poreiki\u0173 mokiniai, ir mokytojai, ir mokytoj\u0173 pad\u0117j\u0117jai. Sensorinis kambarys intensyviai naudojamas nusiraminimui ar tam tikroms edukacijoms. Gavome ir i\u0161man\u0173j\u012f stal\u0105. Specialioji pedagog\u0117 juo jau rengia u\u017eduotis kitiems mokslo metams. Dar laukiame aplink\u0105 strukt\u016bruojan\u010di\u0173 \u0161irm\u0173, labai nauding\u0173 autisti\u0161kiems vaikams\u201c.<\/p>\n<p>Specialiosios mokymo ir technin\u0117s pagalbos priemon\u0117s rengiamos ir pritaikomos atskiroms speciali\u0173j\u0173 ugdymosi poreiki\u0173 vaik\u0173 grup\u0117ms: turintiems kalbos ir komunikacijos, autizmo spektro, judesio ir pad\u0117ties ar klausos sutrikim\u0173.<\/p>\n<p>N\u0160A taip pat sureng\u0117 50 seminar\u0173 apie speciali\u0173j\u0173 mokymo priemoni\u0173 pritaikym\u0105 mokyklose. \u0160iuose mokymuose dalyvavo arti 1500 speciali\u0173j\u0173 pedagog\u0173, logoped\u0173, pradini\u0173 klasi\u0173 ir \u012fvairi\u0173 dalyk\u0173 mokytoj\u0173, psicholog\u0173, socialini\u0173 pedagog\u0173.<\/p>\n<p>T\u0119siant mokykl\u0173 apr\u016bpinim\u0105 specialiosiomis mokymo priemon\u0117mis, iki \u0161i\u0173 met\u0173 pabaigos mokyklas pasieks dar 1411 \u012fvairi\u0173 speciali\u0173j\u0173 mokymo ir technin\u0117s pagalbos priemoni\u0173. Specialiosiomis mokymo priemon\u0117mis mokyklas apr\u016bpinti turi ir j\u0173 steig\u0117jai \u2013 savivaldyb\u0117s.<\/p>\n","protected":false},"excerpt":{"rendered":"<p>Nacionalin\u0117 \u0161vietimo agent\u016bra (N\u0160A) mokykloms paskirst\u0117 papildomas speciali\u0105sias mokymo priemones, skirtas speciali\u0173j\u0173 poreiki\u0173 turin\u010di\u0173 vaik\u0173 ugdymui. \u0160ios priemon\u0117s leis mokykloms geriau taikyti \u012ftraukties princip\u0105 \u0161vietime. I\u0161 viso iki \u0161i\u0173 met\u0173 pabaigos mokyklas pasieks vir\u0161 1500 \u012fvairi\u0173 speciali\u0173j\u0173 mokymo ir technin\u0117s&nbsp;<a href=\"https:\/\/www.nsa.smsm.lt\/old\/2023\/06\/30\/dar-arciau-itraukties-mokykloms-paskirstytos-specialiosios-mokymo-priemones\/\" class=\"placiau\">Pla\u010diau <i class=\"fa fa-caret-right\"><\/i><\/a><\/p>\n","protected":false},"author":5,"featured_media":0,"comment_status":"open","ping_status":"open","sticky":false,"template":"","format":"standard","meta":{"_acf_changed":false,"footnotes":""},"categories":[1,21],"tags":[],"class_list":["post-35524","post","type-post","status-publish","format-standard","hentry","category-nacionalines-svietimo-agenturos-naujienos","category-naujienu-archyvas"],"acf":[],"_links":{"self":[{"href":"https:\/\/www.nsa.smsm.lt\/old\/wp-json\/wp\/v2\/posts\/35524","targetHints":{"allow":["GET"]}}],"collection":[{"href":"https:\/\/www.nsa.smsm.lt\/old\/wp-json\/wp\/v2\/posts"}],"about":[{"href":"https:\/\/www.nsa.smsm.lt\/old\/wp-json\/wp\/v2\/types\/post"}],"author":[{"embeddable":true,"href":"https:\/\/www.nsa.smsm.lt\/old\/wp-json\/wp\/v2\/users\/5"}],"replies":[{"embeddable":true,"href":"https:\/\/www.nsa.smsm.lt\/old\/wp-json\/wp\/v2\/comments?post=35524"}],"version-history":[{"count":0,"href":"https:\/\/www.nsa.smsm.lt\/old\/wp-json\/wp\/v2\/posts\/35524\/revisions"}],"wp:attachment":[{"href":"https:\/\/www.nsa.smsm.lt\/old\/wp-json\/wp\/v2\/media?parent=35524"}],"wp:term":[{"taxonomy":"category","embeddable":true,"href":"https:\/\/www.nsa.smsm.lt\/old\/wp-json\/wp\/v2\/categories?post=35524"},{"taxonomy":"post_tag","embeddable":true,"href":"https:\/\/www.nsa.smsm.lt\/old\/wp-json\/wp\/v2\/tags?post=35524"}],"curies":[{"name":"wp","href":"https:\/\/api.w.org\/{rel}","templated":true}]}}