{"id":35313,"date":"2023-06-15T07:59:46","date_gmt":"2023-06-15T05:59:46","guid":{"rendered":"https:\/\/www.nsa.smsm.lt\/old\/?p=35313"},"modified":"2023-06-21T15:50:55","modified_gmt":"2023-06-21T13:50:55","slug":"pristatomas-ikimokyklinio-ugdymo-programos-gairiu-projektas","status":"publish","type":"post","link":"https:\/\/www.nsa.smsm.lt\/old\/2023\/06\/15\/pristatomas-ikimokyklinio-ugdymo-programos-gairiu-projektas\/","title":{"rendered":"Pristatomas Ikimokyklinio ugdymo programos gairi\u0173 projektas\u00a0"},"content":{"rendered":"<p>Nacionalin\u0117 \u0161vietimo agent\u016bra, t\u0119sdama ugdymo turinio atnaujinimo darbus,\u00a0pristato Ikimokyklinio ugdymo programos gairi\u0173 projekt\u0105, kuris yra parengtas \u012fgyvendinant Europos S\u0105jungos finansuojam\u0105 projekt\u0105 \u201eIkimokyklinio ugdymo turinio kaita\u201c.<\/p>\n<p>Gairi\u0173 projektas sukurtas\u00a0Lietuvos Respublikos \u0161vietimo \u012fstatyme \u012fteisinus, kad\u00a0ikimokyklinio ugdymo programa bus rengiama pagal \u0161vietimo, mokslo ir sporto ministro patvirtintas Ikimokyklinio ugdymo programos gaires.<\/p>\n<p>Gairi\u0173 projekte aptariamos esmin\u0117s ikimokyklinio ugdymo programos k\u016brimo ir atnaujinimo kryptys.<\/p>\n<p>Susitarimai, koks tur\u0117t\u0173 b\u016bti ikimokyklinio ugdymo turinys ir perspektyva, priimti vadovaujantis naujausia vaiko ir vaikyst\u0117s samprata, grind\u017eiami \u012ftraukiojo ugdymo ir universalaus dizaino ugdymuisi prieiga, jais siekiama u\u017etikrinti horizontali\u0105 ir vertikali\u0105 ikimokyklinio ir prie\u0161mokyklinio ugdymo turinio derm\u0119.<\/p>\n<p>Ikimokyklinio ugdymo programos gairi\u0173 projekt\u0105 pareng\u0117 Lietuvos mokslinink\u0173 ir mokytoj\u0173 praktik\u0173 grup\u0117, kuriai vadovauja prof. dr. Ona Monkevi\u010dien\u0117.<\/p>\n<p>Gairi\u0173 projektas yra aptartas su Lietuvos ikimokyklinio ugdymo \u012fstaig\u0173 vadov\u0173 ir Ikimokyklinio ir prie\u0161mokyklinio ugdymo mokytoj\u0173 asociacij\u0173 atstovais, pristatytas visiems, kuriems r\u016bpi ikimokyklinis ugdymas.<\/p>\n<p><a href=\"https:\/\/www.nsa.smsm.lt\/old\/old\/projektai\/wp-content\/uploads\/2023\/06\/23_06_21-Gairiu-projektas_skelbiamas.pdf\">Ikimokyklinio ugdymo programos gairi\u0173 projektas<\/a><\/p>\n<p><a href=\"https:\/\/www.youtube.com\/watch?v=7m3UPpveuwM\" data-auth=\"NotApplicable\" data-loopstyle=\"linkonly\" data-linkindex=\"1\">Ikimokyklinio ugdymo programos gairi\u0173 projekto pristatymas<\/a><\/p>\n<p>Pasi\u016blymus ir rekomendacijas gairi\u0173 projektui pra\u0161ome teikti iki liepos 7 d. el. p.\u00a0<a href=\"mailto:edita.mascinskaite@nsa.smm.lt\" data-auth=\"NotApplicable\" data-loopstyle=\"linkonly\" data-linkindex=\"2\"><span style=\"font-style: inherit; font-weight: inherit;\">edita.mascinskaite@nsa.smm.lt<\/span><\/a>.<\/p>\n","protected":false},"excerpt":{"rendered":"<p>Nacionalin\u0117 \u0161vietimo agent\u016bra, t\u0119sdama ugdymo turinio atnaujinimo darbus,\u00a0pristato Ikimokyklinio ugdymo programos gairi\u0173 projekt\u0105, kuris yra parengtas \u012fgyvendinant Europos S\u0105jungos finansuojam\u0105 projekt\u0105 \u201eIkimokyklinio ugdymo turinio kaita\u201c. Gairi\u0173 projektas sukurtas\u00a0Lietuvos Respublikos \u0161vietimo \u012fstatyme \u012fteisinus, kad\u00a0ikimokyklinio ugdymo programa bus rengiama pagal \u0161vietimo, mokslo&nbsp;<a href=\"https:\/\/www.nsa.smsm.lt\/old\/2023\/06\/15\/pristatomas-ikimokyklinio-ugdymo-programos-gairiu-projektas\/\" class=\"placiau\">Pla\u010diau <i class=\"fa fa-caret-right\"><\/i><\/a><\/p>\n","protected":false},"author":5,"featured_media":0,"comment_status":"open","ping_status":"open","sticky":false,"template":"","format":"standard","meta":{"_acf_changed":false,"footnotes":""},"categories":[1,19,21],"tags":[],"class_list":["post-35313","post","type-post","status-publish","format-standard","hentry","category-nacionalines-svietimo-agenturos-naujienos","category-projektu-naujienos","category-naujienu-archyvas"],"acf":[],"_links":{"self":[{"href":"https:\/\/www.nsa.smsm.lt\/old\/wp-json\/wp\/v2\/posts\/35313","targetHints":{"allow":["GET"]}}],"collection":[{"href":"https:\/\/www.nsa.smsm.lt\/old\/wp-json\/wp\/v2\/posts"}],"about":[{"href":"https:\/\/www.nsa.smsm.lt\/old\/wp-json\/wp\/v2\/types\/post"}],"author":[{"embeddable":true,"href":"https:\/\/www.nsa.smsm.lt\/old\/wp-json\/wp\/v2\/users\/5"}],"replies":[{"embeddable":true,"href":"https:\/\/www.nsa.smsm.lt\/old\/wp-json\/wp\/v2\/comments?post=35313"}],"version-history":[{"count":0,"href":"https:\/\/www.nsa.smsm.lt\/old\/wp-json\/wp\/v2\/posts\/35313\/revisions"}],"wp:attachment":[{"href":"https:\/\/www.nsa.smsm.lt\/old\/wp-json\/wp\/v2\/media?parent=35313"}],"wp:term":[{"taxonomy":"category","embeddable":true,"href":"https:\/\/www.nsa.smsm.lt\/old\/wp-json\/wp\/v2\/categories?post=35313"},{"taxonomy":"post_tag","embeddable":true,"href":"https:\/\/www.nsa.smsm.lt\/old\/wp-json\/wp\/v2\/tags?post=35313"}],"curies":[{"name":"wp","href":"https:\/\/api.w.org\/{rel}","templated":true}]}}