{"id":34683,"date":"2023-05-10T14:18:20","date_gmt":"2023-05-10T12:18:20","guid":{"rendered":"https:\/\/www.nsa.smsm.lt\/old\/?p=34683"},"modified":"2023-05-18T14:45:33","modified_gmt":"2023-05-18T12:45:33","slug":"viesojoje-konsultacijoje-bus-aptariamas-ikimokyklinio-ugdymo-programos-gairiu-projektas","status":"publish","type":"post","link":"https:\/\/www.nsa.smsm.lt\/old\/2023\/05\/10\/viesojoje-konsultacijoje-bus-aptariamas-ikimokyklinio-ugdymo-programos-gairiu-projektas\/","title":{"rendered":"Vie\u0161ojoje konsultacijoje bus aptariamas Ikimokyklinio ugdymo programos gairi\u0173 projektas\u00a0\u00a0"},"content":{"rendered":"<p><span style=\"font-style: inherit; font-weight: inherit;\" data-contrast=\"auto\">Gegu\u017e\u0117s 26 d., 13 val., Nacionalin\u0117 \u0161vietimo agent\u016bra organizuoja\u00a0vie\u0161\u0105j\u0105 konsultacij\u0105 d\u0117l\u00a0Ikimokyklinio ugdymo programos gairi\u0173\u00a0projekto.\u00a0<span data-ccp-props=\"{&quot;201341983&quot;:0,&quot;335551550&quot;:6,&quot;335551620&quot;:6,&quot;335559739&quot;:160,&quot;335559740&quot;:259}\">\u00a0<\/span>\u00a0<\/span><\/p>\n<p><span style=\"font-style: inherit; font-weight: inherit;\" data-contrast=\"none\">Vie\u0161osios konsultacijos tikslas \u2013 pristatyti ir aptarti Ikimokyklinio ugdymo programos gairi\u0173 projekt\u0105, kur\u012f\u00a0pareng\u0117 Lietuvos mokslinink\u0173 ir praktik\u0173 grup\u0117.<span data-ccp-props=\"{&quot;201341983&quot;:0,&quot;335551550&quot;:6,&quot;335551620&quot;:6,&quot;335559739&quot;:160,&quot;335559740&quot;:259}\">\u00a0<\/span><\/span><span style=\"font-style: inherit; font-weight: inherit;\">\u00a0<\/span><\/p>\n<p><span style=\"font-style: inherit; font-weight: inherit;\" data-contrast=\"none\">Konsultacijoje kvie\u010diami dalyvauti ikimokyklinio ugdymo mokytojai, \u0161vietimo pagalbos specialistai, mokykl\u0173 vadovai, savivaldybi\u0173 administracij\u0173 \u0161vietimo padalini\u0173 specialistai, mokytoj\u0173 \u0161vietimo centr\u0173 atstovai, mokytoj\u0173 asociacij\u0173 ir nevyriausybini\u0173 organizacij\u0173 atstovai, mokytoj\u0173 reng\u0117jai, visi, kuriems aktual\u016bs ma\u017e\u0173 vaik\u0173 ugdymo klausimai. <span data-ccp-props=\"{&quot;201341983&quot;:0,&quot;335551550&quot;:6,&quot;335551620&quot;:6,&quot;335559739&quot;:160,&quot;335559740&quot;:259}\">\u00a0<\/span><\/span><span style=\"font-style: inherit; font-weight: inherit;\">\u00a0<\/span><\/p>\n<p><span style=\"font-style: inherit; font-weight: inherit;\" data-contrast=\"none\"><a href=\"https:\/\/www.nsa.smsm.lt\/old\/old\/wp-content\/uploads\/2023\/05\/Viesosios-konsultacijos-del-Ikimokyklinio-ugdymo-programos-gairiu-projekto-programa.pdf\">Vie\u0161osios konsultacijos d\u0117l Ikimokyklinio ugdymo programos gairi\u0173 projekto programa<\/a><\/span><\/p>\n<p>Vie\u0161oji konsultacija vyks nuotoliniu b\u016bdu. Prisijungimo nuoroda:\u00a0<a href=\"https:\/\/byt.lt\/lJqQs\" data-auth=\"NotApplicable\" data-linkindex=\"0\">https:\/\/byt.lt\/lJqQs<\/a><\/p>\n<p>Projekt\u0105\u00a0\u201eIkimokyklinio ugdymo turinio kaita\u201c,\u00a0finansuojam\u0105\u00a0Europos S\u0105jungos fond\u0173 l\u0117\u0161omis, \u012fgyvendina Nacionalin\u0117 \u0161vietimo agent\u016bra ir \u0160vietimo, mokslo ir sporto ministerija.<\/p>\n<p>&nbsp;<\/p>\n<p>Daugiau informacijos: Edita\u00a0Ma\u0161\u010dinskait\u0117, el.\u202fp.\u00a0<a href=\"mailto:edita.mascinskaite@nsa.smm.lt\"><span data-ccp-charstyle=\"Hyperlink\"><span style=\"font-style: inherit; font-weight: inherit;\">edita.mascinskaite@nsa.smm.lt<\/span><\/span><\/a><span data-contrast=\"auto\">, tel., 867450068.<\/span><span data-ccp-props=\"{&quot;201341983&quot;:0,&quot;335551550&quot;:6,&quot;335551620&quot;:6,&quot;335559739&quot;:160,&quot;335559740&quot;:259}\">\u00a0<\/span><\/p>\n","protected":false},"excerpt":{"rendered":"<p>Gegu\u017e\u0117s 26 d., 13 val., Nacionalin\u0117 \u0161vietimo agent\u016bra organizuoja\u00a0vie\u0161\u0105j\u0105 konsultacij\u0105 d\u0117l\u00a0Ikimokyklinio ugdymo programos gairi\u0173\u00a0projekto.\u00a0\u00a0\u00a0 Vie\u0161osios konsultacijos tikslas \u2013 pristatyti ir aptarti Ikimokyklinio ugdymo programos gairi\u0173 projekt\u0105, kur\u012f\u00a0pareng\u0117 Lietuvos mokslinink\u0173 ir praktik\u0173 grup\u0117.\u00a0\u00a0 Konsultacijoje kvie\u010diami dalyvauti ikimokyklinio ugdymo mokytojai, \u0161vietimo pagalbos&nbsp;<a href=\"https:\/\/www.nsa.smsm.lt\/old\/2023\/05\/10\/viesojoje-konsultacijoje-bus-aptariamas-ikimokyklinio-ugdymo-programos-gairiu-projektas\/\" class=\"placiau\">Pla\u010diau <i class=\"fa fa-caret-right\"><\/i><\/a><\/p>\n","protected":false},"author":5,"featured_media":0,"comment_status":"open","ping_status":"open","sticky":false,"template":"","format":"standard","meta":{"_acf_changed":false,"footnotes":""},"categories":[1,17,21],"tags":[],"class_list":["post-34683","post","type-post","status-publish","format-standard","hentry","category-nacionalines-svietimo-agenturos-naujienos","category-renginiai","category-naujienu-archyvas"],"acf":[],"_links":{"self":[{"href":"https:\/\/www.nsa.smsm.lt\/old\/wp-json\/wp\/v2\/posts\/34683","targetHints":{"allow":["GET"]}}],"collection":[{"href":"https:\/\/www.nsa.smsm.lt\/old\/wp-json\/wp\/v2\/posts"}],"about":[{"href":"https:\/\/www.nsa.smsm.lt\/old\/wp-json\/wp\/v2\/types\/post"}],"author":[{"embeddable":true,"href":"https:\/\/www.nsa.smsm.lt\/old\/wp-json\/wp\/v2\/users\/5"}],"replies":[{"embeddable":true,"href":"https:\/\/www.nsa.smsm.lt\/old\/wp-json\/wp\/v2\/comments?post=34683"}],"version-history":[{"count":0,"href":"https:\/\/www.nsa.smsm.lt\/old\/wp-json\/wp\/v2\/posts\/34683\/revisions"}],"wp:attachment":[{"href":"https:\/\/www.nsa.smsm.lt\/old\/wp-json\/wp\/v2\/media?parent=34683"}],"wp:term":[{"taxonomy":"category","embeddable":true,"href":"https:\/\/www.nsa.smsm.lt\/old\/wp-json\/wp\/v2\/categories?post=34683"},{"taxonomy":"post_tag","embeddable":true,"href":"https:\/\/www.nsa.smsm.lt\/old\/wp-json\/wp\/v2\/tags?post=34683"}],"curies":[{"name":"wp","href":"https:\/\/api.w.org\/{rel}","templated":true}]}}