{"id":34521,"date":"2023-04-21T11:43:21","date_gmt":"2023-04-21T09:43:21","guid":{"rendered":"https:\/\/www.nsa.smsm.lt\/old\/?p=34521"},"modified":"2023-04-21T12:02:10","modified_gmt":"2023-04-21T10:02:10","slug":"tarptautiniame-renginyje-lietuviu-patarimai-kaip-mokytojams-prisijaukinti-edtech-pamokose","status":"publish","type":"post","link":"https:\/\/www.nsa.smsm.lt\/old\/2023\/04\/21\/tarptautiniame-renginyje-lietuviu-patarimai-kaip-mokytojams-prisijaukinti-edtech-pamokose\/","title":{"rendered":"Tarptautiniame renginyje \u2013 lietuvi\u0173 patarimai, kaip mokytojams prisijaukinti EdTech pamokose"},"content":{"rendered":"<p><img loading=\"lazy\" decoding=\"async\" class=\"alignnone wp-image-34522\" src=\"https:\/\/www.nsa.smsm.lt\/old\/old\/wp-content\/uploads\/2023\/04\/1-300x169.png\" alt=\"\" width=\"511\" height=\"288\" srcset=\"https:\/\/www.nsa.smsm.lt\/old\/wp-content\/uploads\/2023\/04\/1-300x169.png 300w, https:\/\/www.nsa.smsm.lt\/old\/wp-content\/uploads\/2023\/04\/1-1024x576.png 1024w, https:\/\/www.nsa.smsm.lt\/old\/wp-content\/uploads\/2023\/04\/1-768x432.png 768w, https:\/\/www.nsa.smsm.lt\/old\/wp-content\/uploads\/2023\/04\/1-1536x864.png 1536w, https:\/\/www.nsa.smsm.lt\/old\/wp-content\/uploads\/2023\/04\/1.png 1920w\" sizes=\"auto, (max-width: 511px) 100vw, 511px\" \/><\/p>\n<p><strong>\u0160i\u0105 savait\u0119 <\/strong><strong>visoje Europoje startuoja tarptautinis rengini\u0173 maratonas <\/strong><strong>\u201eALL DIGITAL Weeks\u201c, skirtas pamin\u0117ti Europos \u012fg\u016bd\u017ei\u0173 metus. Prie speciali\u0173 rengini\u0173 prisideda ir Nacionalin\u0117s \u0161vietimo agent\u016bros EdTech centras, kvie\u010diantis \u012f pristatymus apie<\/strong><strong> skaitmeninius \u012fg\u016bd\u017eius bei <\/strong><strong>\u0161vietimo inovacijas mokyklose.<\/strong><\/p>\n<p>EdTech centras organizuoja nuotolinius seminarus \u201eEdTech mokytojui: k\u0105 turiu \u017einoti?\u201c. Seminar\u0173 metu bus aptartas skaitmenini\u0173 \u012franki\u0173 naudojimas ir kaip jie gali palengvinti pedagogo darb\u0105 praktikoje.<\/p>\n<p>\u201eRenginiuose nagrin\u0117sime, kas yra dirbtinis intelektas ir ar jis pritaikomas mokymosi procese, pristatysime ChatGPT galimybes ir gr\u0117smes, aptarsime skaitmenin\u0117s kompetencijos ugdym\u0105 nauj\u0173 bendr\u0173j\u0173 program\u0173 kontekste, parodysime, kaip EdTech sprendimai gali b\u016bti efektyviai integruojami vedant pamokas\u201c, \u2013 sako EdTech centro vadov\u0117 Indr\u0117 \u0160uolien\u0117.<\/p>\n<p>Nuotolini\u0173 seminar\u0173 ciklas \u201eEdTech mokytojui: k\u0105 turiu \u017einoti?\u201d prasid\u0117s baland\u017eio 27 d. ir t\u0119sis iki gegu\u017e\u0117s 5 d. Rengini\u0173 ciklo program\u0105 ir prisijungimus galite rasti <a href=\"https:\/\/edtech.nsa.smm.lt\/renginiai\/\"><strong>\u010dia &gt;&gt;&gt;&gt;<\/strong><\/a><\/p>\n<p>\u0160i\u0173 met\u0173 \u201eALL DIGITAL Weeks\u201c \u0161\u016bkis \u2013 \u201eTobulinkite savo skaitmeninius \u012fg\u016bd\u017eius\u201c \u2013 raginantis europie\u010dius tobulinti kompetencijas ir dr\u0105siai pasitikti skaitmenin\u0119 transformacij\u0105. Organizuojant \u012fvairius nuotolinius renginius ir mokymus siekiama parodyti, kad Europos gyventojams b\u016btina suteikti reikiamas skaitmenines priemones ir geb\u0117jimus, kuri\u0173 jiems kasdien reikia \/ prireiks mokykloje, universitete, darbe bei kitur.<\/p>\n<p>\u201eALL DIGITAL Weeks\u201c iniciatyv\u0105 remia Europos komisija.<\/p>\n<p><em>Projektas \u201eSkaitmenin\u0117 \u0161vietimo transformacija\u201c \u012fgyvendinamas pagal ekonomikos gaivinimo ir atsparumo didinimo plan\u0105 \u201eNaujos kartos Lietuva\u201c, finansuojam\u0105 Europos S\u0105jungos ekonomikos gaivinimo ir atsparumo didinimo priemon\u0117s \u201eNextGenerationEU\u201c l\u0117\u0161omis. Veiklas \u012fgyvendina EdTech centras. <\/em><\/p>\n","protected":false},"excerpt":{"rendered":"<p>\u0160i\u0105 savait\u0119 visoje Europoje startuoja tarptautinis rengini\u0173 maratonas \u201eALL DIGITAL Weeks\u201c, skirtas pamin\u0117ti Europos \u012fg\u016bd\u017ei\u0173 metus. Prie speciali\u0173 rengini\u0173 prisideda ir Nacionalin\u0117s \u0161vietimo agent\u016bros EdTech centras, kvie\u010diantis \u012f pristatymus apie skaitmeninius \u012fg\u016bd\u017eius bei \u0161vietimo inovacijas mokyklose. EdTech centras organizuoja nuotolinius&nbsp;<a href=\"https:\/\/www.nsa.smsm.lt\/old\/2023\/04\/21\/tarptautiniame-renginyje-lietuviu-patarimai-kaip-mokytojams-prisijaukinti-edtech-pamokose\/\" class=\"placiau\">Pla\u010diau <i class=\"fa fa-caret-right\"><\/i><\/a><\/p>\n","protected":false},"author":5,"featured_media":0,"comment_status":"open","ping_status":"open","sticky":false,"template":"","format":"standard","meta":{"_acf_changed":false,"footnotes":""},"categories":[1,21],"tags":[],"class_list":["post-34521","post","type-post","status-publish","format-standard","hentry","category-nacionalines-svietimo-agenturos-naujienos","category-naujienu-archyvas"],"acf":[],"_links":{"self":[{"href":"https:\/\/www.nsa.smsm.lt\/old\/wp-json\/wp\/v2\/posts\/34521","targetHints":{"allow":["GET"]}}],"collection":[{"href":"https:\/\/www.nsa.smsm.lt\/old\/wp-json\/wp\/v2\/posts"}],"about":[{"href":"https:\/\/www.nsa.smsm.lt\/old\/wp-json\/wp\/v2\/types\/post"}],"author":[{"embeddable":true,"href":"https:\/\/www.nsa.smsm.lt\/old\/wp-json\/wp\/v2\/users\/5"}],"replies":[{"embeddable":true,"href":"https:\/\/www.nsa.smsm.lt\/old\/wp-json\/wp\/v2\/comments?post=34521"}],"version-history":[{"count":0,"href":"https:\/\/www.nsa.smsm.lt\/old\/wp-json\/wp\/v2\/posts\/34521\/revisions"}],"wp:attachment":[{"href":"https:\/\/www.nsa.smsm.lt\/old\/wp-json\/wp\/v2\/media?parent=34521"}],"wp:term":[{"taxonomy":"category","embeddable":true,"href":"https:\/\/www.nsa.smsm.lt\/old\/wp-json\/wp\/v2\/categories?post=34521"},{"taxonomy":"post_tag","embeddable":true,"href":"https:\/\/www.nsa.smsm.lt\/old\/wp-json\/wp\/v2\/tags?post=34521"}],"curies":[{"name":"wp","href":"https:\/\/api.w.org\/{rel}","templated":true}]}}