{"id":34425,"date":"2023-04-07T14:45:27","date_gmt":"2023-04-07T12:45:27","guid":{"rendered":"https:\/\/www.nsa.smsm.lt\/old\/?p=34425"},"modified":"2023-04-07T16:34:07","modified_gmt":"2023-04-07T14:34:07","slug":"nuotoliniai-renginiai-geografijos-ir-istorijos-mokytojams","status":"publish","type":"post","link":"https:\/\/www.nsa.smsm.lt\/old\/2023\/04\/07\/nuotoliniai-renginiai-geografijos-ir-istorijos-mokytojams\/","title":{"rendered":"Nuotoliniai renginiai geografijos ir istorijos mokytojams"},"content":{"rendered":"<p>Leidykla \u201eBriedis\u201c kvie\u010dia geografijos ir istorijos mokytojus \u012f vebinarus, skirtus susipa\u017einti su naujaisiais \u0161i\u0173 dalyk\u0173 vadov\u0117liais.<\/p>\n<p>&nbsp;<\/p>\n<p><b>GEOGRAFIJA<\/b><\/p>\n<p><strong>\u017dEM\u0116 7<\/strong>\u00a0vebinaras vyks\u00a0<em>ZOOM<\/em>\u00a0platformoje\u00a0<strong>baland\u017eio 24 d. 15 val.<\/strong><\/p>\n<p>Vadov\u0117l\u012f pristatys projekto vadovas Rytas \u0160alna ir vadov\u0117lio autoriai.<\/p>\n<p>Norin\u010dius dalyvauti pra\u0161ome u\u017epildyti\u00a0<a href=\"https:\/\/docs.google.com\/forms\/d\/e\/1FAIpQLSf5FQYOzIqe9CoX-UiiRZ5y7BnwDdesLSghbWgdhgSDTqcZoA\/viewform\">registracijos \u012f rengin\u012f anket\u0105<\/a>.<\/p>\n<p><strong>Registracija<\/strong>\u00a0vyks iki\u00a0<strong>baland\u017eio 21 d.\u00a0<\/strong><\/p>\n<p>&nbsp;<\/p>\n<p><strong>\u017dEM\u0116 9<\/strong>\u00a0vebinaras vyks\u00a0<em>ZOOM<\/em>\u00a0platformoje\u00a0<strong>gegu\u017e\u0117s 9 d. 15 val.<\/strong><\/p>\n<p>Vadov\u0117l\u012f pristatys projekto vadovas Rytas \u0160alna ir vadov\u0117lio autoriai.<\/p>\n<p>Norin\u010dius dalyvauti pra\u0161ome u\u017epildyti\u00a0<a href=\"https:\/\/docs.google.com\/forms\/d\/e\/1FAIpQLSfvlr2aPqWXHj2N-EEBYbaZlr6IKSgxC-nb6NGpZJiY7XlwJQ\/viewform\">registracijos \u012f rengin\u012f anket\u0105<\/a>.<\/p>\n<p><strong>Registracija<\/strong>\u00a0vyks iki\u00a0<strong>baland\u017eio 7 d.\u00a0<\/strong><\/p>\n<p>Vebinar\u0173 turinys:<\/p>\n<ol>\n<li>Naujo vadov\u0117lio metodin\u0117 koncepcija.<\/li>\n<li>Vadov\u0117lio turinio atitikimas naujajai ugdymo programai.<\/li>\n<li>\u012e mokin\u012f ir kompetencij\u0173 ugdym\u0105 orientuotas turinys.<\/li>\n<li>Vis\u0173 vadov\u0117lio strukt\u016brini\u0173 dali\u0173 baigtiniai pavyzd\u017eiai.<\/li>\n<li>Mokytojo knygos koncepcija ir sud\u0117tis.<\/li>\n<\/ol>\n<p>&nbsp;<\/p>\n<p><strong>ISTORIJA<\/strong><\/p>\n<p><strong>KELIAS\u00a05\u00a0<\/strong>vebinaras vyks\u00a0<em>ZOOM<\/em>\u00a0platformoje<strong>\u00a0baland\u017eio 25 d. 15 val.<\/strong><\/p>\n<p>Vadov\u0117l\u012f pristatys jo autoriai \u2013 prof. dr. R. Lau\u017eikas, dr. Ignas Kapleris ir istorijos mokytojas ekspertas Antanas Mei\u0161tas.<\/p>\n<p>Norin\u010dius dalyvauti pra\u0161ome u\u017epildyti\u00a0<a href=\"https:\/\/docs.google.com\/forms\/d\/e\/1FAIpQLSeSsgjcm2hAzOVDQVCJK6Fl9fp61yBmWY4XPlfWi9sNEOvQaA\/viewform\">registracijos \u012f rengin\u012f anket\u0105<\/a>.<\/p>\n<p><strong>Registracija<\/strong>\u00a0vyks iki\u00a0<strong>baland\u017eio 21 d.<\/strong><\/p>\n<p>&nbsp;<\/p>\n<p><strong>LAIKAS 9<\/strong>\u00a0vebinaras vyks\u00a0<em>ZOOM<\/em>\u00a0platformoje\u00a0<strong>baland\u017eio 27 d. 15 val<\/strong>.<\/p>\n<p>Vadov\u0117l\u012f pristatys jo autoriai \u2013 dr. Ignas Kapleris ir istorijos mokytojas ekspertas Antanas Mei\u0161tas.<\/p>\n<p>Norin\u010dius dalyvauti pra\u0161ome u\u017epildyti\u00a0<a href=\"https:\/\/docs.google.com\/forms\/d\/e\/1FAIpQLSdf4YMAlDASCc7s1tYfN8Bd2JKa-iwbVqOOYVa1vOinU2sdyw\/viewform\">registracijos \u012f rengin\u012f anket\u0105<\/a>.<\/p>\n<p><strong>Registracija<\/strong>\u00a0vyks iki\u00a0<strong>baland\u017eio 21 d.<\/strong><\/p>\n<p>Vebinar\u0173 turinys:<\/p>\n<ol>\n<li>Naujo vadov\u0117lio metodin\u0117 koncepcija.<\/li>\n<li>Vadov\u0117lio turinio atitikimas naujajai ugdymo programai.<\/li>\n<li>\u012e mokin\u012f ir kompetencij\u0173 ugdym\u0105 orientuotas turinys.<\/li>\n<li>Vis\u0173 vadov\u0117lio strukt\u016brini\u0173 dali\u0173 baigtiniai pavyzd\u017eiai.<\/li>\n<\/ol>\n","protected":false},"excerpt":{"rendered":"<p>Leidykla \u201eBriedis\u201c kvie\u010dia geografijos ir istorijos mokytojus \u012f vebinarus, skirtus susipa\u017einti su naujaisiais \u0161i\u0173 dalyk\u0173 vadov\u0117liais. &nbsp; GEOGRAFIJA \u017dEM\u0116 7\u00a0vebinaras vyks\u00a0ZOOM\u00a0platformoje\u00a0baland\u017eio 24 d. 15 val. Vadov\u0117l\u012f pristatys projekto vadovas Rytas \u0160alna ir vadov\u0117lio autoriai. Norin\u010dius dalyvauti pra\u0161ome u\u017epildyti\u00a0registracijos \u012f rengin\u012f&nbsp;<a href=\"https:\/\/www.nsa.smsm.lt\/old\/2023\/04\/07\/nuotoliniai-renginiai-geografijos-ir-istorijos-mokytojams\/\" class=\"placiau\">Pla\u010diau <i class=\"fa fa-caret-right\"><\/i><\/a><\/p>\n","protected":false},"author":5,"featured_media":0,"comment_status":"open","ping_status":"open","sticky":false,"template":"","format":"standard","meta":{"_acf_changed":false,"footnotes":""},"categories":[20,21],"tags":[],"class_list":["post-34425","post","type-post","status-publish","format-standard","hentry","category-kitos-naujienos","category-naujienu-archyvas"],"acf":[],"_links":{"self":[{"href":"https:\/\/www.nsa.smsm.lt\/old\/wp-json\/wp\/v2\/posts\/34425","targetHints":{"allow":["GET"]}}],"collection":[{"href":"https:\/\/www.nsa.smsm.lt\/old\/wp-json\/wp\/v2\/posts"}],"about":[{"href":"https:\/\/www.nsa.smsm.lt\/old\/wp-json\/wp\/v2\/types\/post"}],"author":[{"embeddable":true,"href":"https:\/\/www.nsa.smsm.lt\/old\/wp-json\/wp\/v2\/users\/5"}],"replies":[{"embeddable":true,"href":"https:\/\/www.nsa.smsm.lt\/old\/wp-json\/wp\/v2\/comments?post=34425"}],"version-history":[{"count":0,"href":"https:\/\/www.nsa.smsm.lt\/old\/wp-json\/wp\/v2\/posts\/34425\/revisions"}],"wp:attachment":[{"href":"https:\/\/www.nsa.smsm.lt\/old\/wp-json\/wp\/v2\/media?parent=34425"}],"wp:term":[{"taxonomy":"category","embeddable":true,"href":"https:\/\/www.nsa.smsm.lt\/old\/wp-json\/wp\/v2\/categories?post=34425"},{"taxonomy":"post_tag","embeddable":true,"href":"https:\/\/www.nsa.smsm.lt\/old\/wp-json\/wp\/v2\/tags?post=34425"}],"curies":[{"name":"wp","href":"https:\/\/api.w.org\/{rel}","templated":true}]}}