{"id":33904,"date":"2023-03-16T08:51:10","date_gmt":"2023-03-16T06:51:10","guid":{"rendered":"https:\/\/www.nsa.smsm.lt\/old\/?p=33904"},"modified":"2023-03-16T13:37:04","modified_gmt":"2023-03-16T11:37:04","slug":"edukacijos-forumas-tema-issukiai-ugdymui-ir-svietimui-antropoceno-epochoje-i-ka-reiketu-sutelkti-demesi","status":"publish","type":"post","link":"https:\/\/www.nsa.smsm.lt\/old\/2023\/03\/16\/edukacijos-forumas-tema-issukiai-ugdymui-ir-svietimui-antropoceno-epochoje-i-ka-reiketu-sutelkti-demesi\/","title":{"rendered":"Edukacijos forumas tema \u201eI\u0161\u0161\u016bkiai ugdymui ir \u0161vietimui antropoceno epochoje \u2013 \u012f k\u0105 reik\u0117t\u0173 sutelkti d\u0117mes\u012f?\u201c\u00a0"},"content":{"rendered":"<p>\u0160vietimo, mokslo ir sporto ministerija (\u0160MSM) ir Lietuvos edukacini\u0173 tyrim\u0173 asociacija (LETA) kartu su Nacionaline \u0161vietimo agent\u016bra\u00a0<strong><span style=\"font-style: inherit; font-weight: inherit;\">kovo 23 d. 15\u201317 val.<\/span><\/strong>\u00a0organizuoja\u00a0\u00a0forum\u0105\u00a0<strong><span style=\"font-style: inherit; font-weight: inherit;\">\u201eEdukologija Lietuvai \u2013 moksliniais tyrimais gr\u012fsto ugdymo ir \u0161vietimo link<\/span><\/strong>\u201c, skirt\u0105 temai\u00a0<span style=\"font-style: inherit;\">\u201e<\/span>I\u0161\u0161\u016bkiai ugdymui ir \u0161vietimui antropoceno epochoje \u2013 \u012f k\u0105 reik\u0117t\u0173 sutelkti d\u0117mes\u012f?\u201c\u00a0aptarti.<\/p>\n<p>Organizatoriai kvie\u010dia dalyvauti ugdymo ir \u0161vietimo tyr\u0117jus, doktorantus, d\u0117stytojus, \u0161vietimo ir socialin\u0117s politikos formuotojus, mokykl\u0173 vadovus, mokytoj\u0173 asociacij\u0173 ir nevyriausybini\u0173 organizacij\u0173 atstovus, mokytojus, mokytoj\u0173 reng\u0117jus, visus, kuriems aktual\u016bs ugdymo ir \u0161vietimo klausimai antropoceno epochoje.<\/p>\n<p>Diskusijos dalyviai:<\/p>\n<ol>\n<li>\u00a0dr. Vaino Brazdeikis, Nacionalin\u0117s \u0161vietimo agent\u016bros Ugdymo departamento direktorius;<\/li>\n<li>dr. Gediminas \u010capkauskas, Kauno Panemun\u0117s pradin\u0117s mokyklos direktor\u0117s pavaduotojas, gamtos moksl\u0173 mokytojas, programos \u201eRenkuosi mokyti\u201c alumnas;<\/li>\n<li>dr. Laima Galkut\u0117, Vytauto Did\u017eiojo universiteto Politikos moksl\u0173 ir diplomatijos fakulteto mokslo darbuotoja, Lietuvos Nacionalin\u0117s UNESCO komisijos \u00a0tarybos nar\u0117;<\/li>\n<li>dr. Kristupas Sabolius, Vilniaus universiteto Filosofijos instituto profesorius, Masa\u010diusetso universiteto (JAV) afilijuotas tyr\u0117jas;<\/li>\n<li>dr. J\u016brat\u0117 \u017daltauskait\u0117, Vytauto Did\u017eiojo universiteto Aplinkosaugos katedros docent\u0117.<\/li>\n<\/ol>\n<p>Diskusij\u0105 moderuos dr. Asta Ranonyt\u0117, Nacionalin\u0117s \u0161vietimo agent\u016bros direktoriaus pavaduotoja ir dr. Sandra Kair\u0117, Vilniaus universiteto Ugdymo moksl\u0173 instituto direktor\u0117.\u00a0<span style=\"font-style: inherit; font-weight: inherit;\"><br \/>\n<\/span><\/p>\n<p><span style=\"font-style: inherit; font-weight: inherit;\">Forumas vyks nuotoliniu b\u016bdu (prisijungimo nuoroda:\u00a0<\/span><a style=\"font-style: inherit; font-weight: inherit;\" href=\"https:\/\/byt.lt\/QskEE\" data-auth=\"NotApplicable\" data-safelink=\"true\" data-linkindex=\"0\"><span style=\"font-style: inherit; font-weight: inherit;\">https:\/\/byt.lt\/QskEE<\/span><\/a><span style=\"font-style: inherit; font-weight: inherit;\">).<\/span><\/p>\n<p><span style=\"font-style: inherit; font-weight: inherit;\">Transliacija &#8211; Nacionalin\u0117s \u0161vietimo agent\u016bros socialinio tinklo Youtube paskyroje:\u00a0<\/span><a style=\"font-style: inherit; font-weight: inherit;\" href=\"https:\/\/www.youtube.com\/@nacionalinesvietimoagentur7525\" data-auth=\"NotApplicable\" data-safelink=\"true\" data-linkindex=\"1\"><span style=\"font-style: inherit; font-weight: inherit;\">https:\/\/www.youtube.com\/@nacionalinesvietimoagentur7525<\/span><\/a><span style=\"font-style: inherit; font-weight: inherit;\">.\u00a0<\/span><\/p>\n<p>&nbsp;<\/p>\n<p><span style=\"font-style: inherit; font-weight: inherit;\">Daugiau informacijos: \u00a0<\/span><\/p>\n<p><span style=\"font-style: inherit; font-weight: inherit;\">prof. dr. Liudmila Rup\u0161ien\u0117<\/span>,<strong><span style=\"font-style: inherit; font-weight: inherit;\">\u00a0<\/span><\/strong>Lietuvos edukacini\u0173 tyrim\u0173 asociacijos prezident\u0117, el. p. <span style=\"font-style: inherit; font-weight: inherit;\">liudmila.rupsiene@ku.lt<\/span>, tel. 8\u00a0686 39 529<\/p>\n","protected":false},"excerpt":{"rendered":"<p>\u0160vietimo, mokslo ir sporto ministerija (\u0160MSM) ir Lietuvos edukacini\u0173 tyrim\u0173 asociacija (LETA) kartu su Nacionaline \u0161vietimo agent\u016bra\u00a0kovo 23 d. 15\u201317 val.\u00a0organizuoja\u00a0\u00a0forum\u0105\u00a0\u201eEdukologija Lietuvai \u2013 moksliniais tyrimais gr\u012fsto ugdymo ir \u0161vietimo link\u201c, skirt\u0105 temai\u00a0\u201eI\u0161\u0161\u016bkiai ugdymui ir \u0161vietimui antropoceno epochoje \u2013 \u012f k\u0105&nbsp;<a href=\"https:\/\/www.nsa.smsm.lt\/old\/2023\/03\/16\/edukacijos-forumas-tema-issukiai-ugdymui-ir-svietimui-antropoceno-epochoje-i-ka-reiketu-sutelkti-demesi\/\" class=\"placiau\">Pla\u010diau <i class=\"fa fa-caret-right\"><\/i><\/a><\/p>\n","protected":false},"author":5,"featured_media":0,"comment_status":"open","ping_status":"open","sticky":false,"template":"","format":"standard","meta":{"_acf_changed":false,"footnotes":""},"categories":[1,17,21],"tags":[],"class_list":["post-33904","post","type-post","status-publish","format-standard","hentry","category-nacionalines-svietimo-agenturos-naujienos","category-renginiai","category-naujienu-archyvas"],"acf":[],"_links":{"self":[{"href":"https:\/\/www.nsa.smsm.lt\/old\/wp-json\/wp\/v2\/posts\/33904","targetHints":{"allow":["GET"]}}],"collection":[{"href":"https:\/\/www.nsa.smsm.lt\/old\/wp-json\/wp\/v2\/posts"}],"about":[{"href":"https:\/\/www.nsa.smsm.lt\/old\/wp-json\/wp\/v2\/types\/post"}],"author":[{"embeddable":true,"href":"https:\/\/www.nsa.smsm.lt\/old\/wp-json\/wp\/v2\/users\/5"}],"replies":[{"embeddable":true,"href":"https:\/\/www.nsa.smsm.lt\/old\/wp-json\/wp\/v2\/comments?post=33904"}],"version-history":[{"count":0,"href":"https:\/\/www.nsa.smsm.lt\/old\/wp-json\/wp\/v2\/posts\/33904\/revisions"}],"wp:attachment":[{"href":"https:\/\/www.nsa.smsm.lt\/old\/wp-json\/wp\/v2\/media?parent=33904"}],"wp:term":[{"taxonomy":"category","embeddable":true,"href":"https:\/\/www.nsa.smsm.lt\/old\/wp-json\/wp\/v2\/categories?post=33904"},{"taxonomy":"post_tag","embeddable":true,"href":"https:\/\/www.nsa.smsm.lt\/old\/wp-json\/wp\/v2\/tags?post=33904"}],"curies":[{"name":"wp","href":"https:\/\/api.w.org\/{rel}","templated":true}]}}