{"id":33810,"date":"2023-03-14T01:23:16","date_gmt":"2023-03-13T23:23:16","guid":{"rendered":"https:\/\/www.nsa.smsm.lt\/old\/?p=33810"},"modified":"2023-03-14T13:36:27","modified_gmt":"2023-03-14T11:36:27","slug":"baigiamosiose-konferencijose-mokytoju-kompetenciju-tobulinimo-apibendrinimas","status":"publish","type":"post","link":"https:\/\/www.nsa.smsm.lt\/old\/2023\/03\/14\/baigiamosiose-konferencijose-mokytoju-kompetenciju-tobulinimo-apibendrinimas\/","title":{"rendered":"Baigiamosiose konferencijose \u2013 mokytoj\u0173 kompetencij\u0173 tobulinimo apibendrinimas\u00a0"},"content":{"rendered":"<p>Nacionalin\u0117 \u0161vietimo agent\u016bra kovo 21 d. \u2013 baland\u017eio 21 d. organizuoja 6 vienos dienos baigiam\u0105sias konferencijas, skirtas projekto \u201eBendrojo ugdymo mokytoj\u0173 bendr\u0173j\u0173 ir dalykini\u0173 kompetencij\u0173 tobulinimas\u201c rezultatams apibendrinti.<\/p>\n<p>Bus aptariamas pasirengimas dirbti su atnaujintomis bendrosiomis programomis, pristatomi atlikti \u00a0tyrimai, planuojami i\u0161orinio vertinimo poky\u010diai, kitos naujov\u0117s, dalinamasi ger\u0105ja praktika.<\/p>\n<p>Konferencijos skirtos socialini\u0173 moksl\u0173 ir dorinio ugdymo, gamtos\u00a0moksl\u0173 ir fizinio ugdymo, tiksli\u0173j\u0173 moksl\u0173 ir informacini\u0173 technologij\u0173 ugdymo, kalb\u0173 ugdymo, pradinio ugdymo, meninio ugdymo ir technologij\u0173 mokytojams.<\/p>\n<p>Kiekvienos konferencijos program\u0105 sudarys dvi dalys: plenariniai pasisakymai bei diskusijos mokytoj\u0173 dalykinink\u0173 grup\u0117se. Konferencij\u0173 prane\u0161imai bus transliuojami ir N\u0160A Youtube paskyroje.<\/p>\n<p>Konferencijos vyks <strong>kontaktiniu b\u016bdu<\/strong> Nacionalin\u0117je \u0161vietimo agent\u016broje (Kalinausko g. 7, Vilnius).<\/p>\n<p>&nbsp;<\/p>\n<p><strong>Kadangi viet\u0173 skai\u010dius labai ribotas pra\u0161ome registruotis:\u00a0<\/strong><\/p>\n<p>&nbsp;<\/p>\n<p>Kovo 21 d. Socialini\u0173\u00a0moksl\u0173 ir dorinio ugdymo konferencija<\/p>\n<p>Registruotis: <a href=\"https:\/\/forms.gle\/nL3tN6BURWBogvvY6\">https:\/\/forms.gle\/nL3tN6BURWBogvvY6<\/a><\/p>\n<p><strong>Registracija iki kovo 17 d.\u00a0<\/strong><\/p>\n<p>&nbsp;<\/p>\n<p>Kovo 24 d. Gamtos\u00a0moksl\u0173 ir fizinio ugdymo konferencija<strong>\u00a0<\/strong><\/p>\n<p>Registruotis: <a href=\"https:\/\/forms.gle\/tjUMrNbq7AX5n26L8\">https:\/\/forms.gle\/tjUMrNbq7AX5n26L8<\/a><\/p>\n<p><strong>Registracija iki kovo 17 d.<\/strong><\/p>\n<p>&nbsp;<\/p>\n<p>Baland\u017eio 5 d. Tiksli\u0173j\u0173 moksl\u0173 ir informacini\u0173 technologij\u0173 ugdymo konferencija<strong>\u00a0<\/strong><\/p>\n<p>Registruotis: <a href=\"https:\/\/forms.gle\/gy163igvg2cdLoVq6\">https:\/\/forms.gle\/gy163igvg2cdLoVq6<\/a><\/p>\n<p><strong>Registracija iki kovo 31 d.<\/strong><\/p>\n<p>&nbsp;<\/p>\n<p>Baland\u017eio 18 d. Kalb\u0173\u00a0ugdymo konferencija<strong>\u00a0<\/strong><\/p>\n<p>Registruotis: <a href=\"https:\/\/forms.gle\/RYj6FiQd71dEy2j47\">https:\/\/forms.gle\/RYj6FiQd71dEy2j47<\/a><\/p>\n<p><strong>Registracija iki baland\u017eio 13 d.<\/strong><\/p>\n<p>&nbsp;<\/p>\n<p>Baland\u017eio 19 d. Pradinio ugdymo konferencija<strong>\u00a0<\/strong><\/p>\n<p>Registruotis: <a href=\"https:\/\/forms.gle\/LSc3NNnvZfy3mLW16\">https:\/\/forms.gle\/LSc3NNnvZfy3mLW16<\/a><\/p>\n<p><strong>Registracija iki baland\u017eio 13 d.<\/strong><\/p>\n<p>&nbsp;<\/p>\n<p>Baland\u017eio 21 d. Meninio ugdymo ir technologij\u0173 konferencija<strong>\u00a0<\/strong><\/p>\n<p>Registruotis: <a href=\"https:\/\/forms.gle\/ReNou6KtxfhXftvW7\">https:\/\/forms.gle\/ReNou6KtxfhXftvW7<\/a><\/p>\n<p><strong>Registracija iki baland\u017eio 14 d.<\/strong><\/p>\n<p>&nbsp;<\/p>\n<p>Dalyvavimo patvirtinimas ir detali konferencijos programa bus atsi\u0173sta asmeni\u0161kai kiekvienam u\u017esiregistravusiam dalyviui.<\/p>\n<p>&nbsp;<\/p>\n<p>Daugiau informacijos: projekto \u201eBendrojo ugdymo mokytoj\u0173 bendr\u0173j\u0173 ir dalykini\u0173 kompetencij\u0173 tobulinimas\u201c veikl\u0173 metodinink\u0117 Oksana Pa\u0161kevi\u010dien\u0117, tel. 8 601 13907, el. p.\u00a0<a href=\"mailto:Oksana.Paskeviciene@nsa.smm.lt\">Oksana.Paskeviciene@nsa.smm.lt<\/a>.<\/p>\n","protected":false},"excerpt":{"rendered":"<p>Nacionalin\u0117 \u0161vietimo agent\u016bra kovo 21 d. \u2013 baland\u017eio 21 d. organizuoja 6 vienos dienos baigiam\u0105sias konferencijas, skirtas projekto \u201eBendrojo ugdymo mokytoj\u0173 bendr\u0173j\u0173 ir dalykini\u0173 kompetencij\u0173 tobulinimas\u201c rezultatams apibendrinti. Bus aptariamas pasirengimas dirbti su atnaujintomis bendrosiomis programomis, pristatomi atlikti \u00a0tyrimai, planuojami&nbsp;<a href=\"https:\/\/www.nsa.smsm.lt\/old\/2023\/03\/14\/baigiamosiose-konferencijose-mokytoju-kompetenciju-tobulinimo-apibendrinimas\/\" class=\"placiau\">Pla\u010diau <i class=\"fa fa-caret-right\"><\/i><\/a><\/p>\n","protected":false},"author":5,"featured_media":0,"comment_status":"open","ping_status":"open","sticky":false,"template":"","format":"standard","meta":{"_acf_changed":false,"footnotes":""},"categories":[1,17,21],"tags":[],"class_list":["post-33810","post","type-post","status-publish","format-standard","hentry","category-nacionalines-svietimo-agenturos-naujienos","category-renginiai","category-naujienu-archyvas"],"acf":[],"_links":{"self":[{"href":"https:\/\/www.nsa.smsm.lt\/old\/wp-json\/wp\/v2\/posts\/33810","targetHints":{"allow":["GET"]}}],"collection":[{"href":"https:\/\/www.nsa.smsm.lt\/old\/wp-json\/wp\/v2\/posts"}],"about":[{"href":"https:\/\/www.nsa.smsm.lt\/old\/wp-json\/wp\/v2\/types\/post"}],"author":[{"embeddable":true,"href":"https:\/\/www.nsa.smsm.lt\/old\/wp-json\/wp\/v2\/users\/5"}],"replies":[{"embeddable":true,"href":"https:\/\/www.nsa.smsm.lt\/old\/wp-json\/wp\/v2\/comments?post=33810"}],"version-history":[{"count":0,"href":"https:\/\/www.nsa.smsm.lt\/old\/wp-json\/wp\/v2\/posts\/33810\/revisions"}],"wp:attachment":[{"href":"https:\/\/www.nsa.smsm.lt\/old\/wp-json\/wp\/v2\/media?parent=33810"}],"wp:term":[{"taxonomy":"category","embeddable":true,"href":"https:\/\/www.nsa.smsm.lt\/old\/wp-json\/wp\/v2\/categories?post=33810"},{"taxonomy":"post_tag","embeddable":true,"href":"https:\/\/www.nsa.smsm.lt\/old\/wp-json\/wp\/v2\/tags?post=33810"}],"curies":[{"name":"wp","href":"https:\/\/api.w.org\/{rel}","templated":true}]}}