{"id":33563,"date":"2023-02-27T16:38:19","date_gmt":"2023-02-27T14:38:19","guid":{"rendered":"https:\/\/www.nsa.smsm.lt\/old\/?p=33563"},"modified":"2023-02-28T14:26:32","modified_gmt":"2023-02-28T12:26:32","slug":"skelbiama-atranka-i-edtech-centro-stazuote-ispanijoje","status":"publish","type":"post","link":"https:\/\/www.nsa.smsm.lt\/old\/2023\/02\/27\/skelbiama-atranka-i-edtech-centro-stazuote-ispanijoje\/","title":{"rendered":"Skelbiama atranka \u012f EdTech centro sta\u017euot\u0119 Ispanijoje"},"content":{"rendered":"<p><strong>Nacionalin\u0117s \u0161vietimo agent\u016bros EdTech centras kvie\u010dia pedagogus ir auk\u0161t\u0173j\u0173 mokykl\u0173 d\u0117stytojus dalyvauti atrankoje \u012f sta\u017euot\u0119 Valensijoje (Ispanija), kuri vyks \u0161. m. baland\u017eio \u2013 gegu\u017e\u0117s m\u0117n.<\/strong><\/p>\n<p><strong>Sta\u017euot\u0117s tikslas<\/strong>\u00a0\u2013 susipa\u017einti su EdTech \u0161vietimo inovacijomis Ispanijoje, su\u017einoti, kaip jos gali pad\u0117ti efektyviau mokyti(s), su\u017einoti apie verslo si\u016blomus sprendimus \u0161vietimo sektoriui, bendradarbiauti su kit\u0173 valstybi\u0173 centrais, platformomis, inovatyvias skaitmenines mokymo priemones taikan\u010diomis mokyklomis, o \u012fgyta patirtimi pasidalyti Lietuvoje.<\/p>\n<p>Dalyviams projekto l\u0117\u0161omis bus apmokamas visas maitinimas, vietinio transporto i\u0161laidos sta\u017euot\u0117s metu, skryd\u017eio bilietai ir apgyvendinimas Ispanijoje.<\/p>\n<p>Su sta\u017euot\u0117s atrankos kriterijais galite susipa\u017einti\u00a0<a href=\"https:\/\/edtech.nsa.smm.lt\/wp-content\/uploads\/2023\/02\/Stazuotes-i-Ispanija-kriterijai.pdf\"><strong>\u010dia.<\/strong><\/a><\/p>\n<p><strong>Parai\u0161k\u0173 teikimas<\/strong><\/p>\n<p>Kiekvienas kandidatas turi\u00a0<a href=\"https:\/\/forms.office.com\/Pages\/ResponsePage.aspx?id=umfGY12K0EKXrRF1yOGwEtyQ98L-NaRDpjp3fyFz_XFUM0tRSk1PUktBOVZNOUJZMk5PTkJWVDRDVy4u\"><strong>u\u017epildyti parai\u0161k\u0105<\/strong><\/a> iki 2023 m. kovo 10 d. 12.00 val.<\/p>\n<p>Numatoma sta\u017euot\u0117s trukm\u0117 \u2013 5 dienos.<\/p>\n<p><strong>Atrankos vykdymas<\/strong><\/p>\n<p>Atrank\u0105 \u012f sta\u017euot\u0119 Ispanijoje vykdo Nacionalin\u0117 \u0161vietimo agent\u016bra. Atrinktus dalyvius informuosime iki 2023 m. kovo 14 d. 17.00 val.<\/p>\n<p>Daugiau informacijos: el. pa\u0161tu\u00a0<a href=\"mailto:rita.baskiene@nsa.smm.lt\">rita.baskiene@nsa.smm.lt<\/a>.<\/p>\n<p>EdTech centras ateityje organizuos dar 6\u00a0sta\u017euotes \u012f \u012fvairias u\u017esienio \u0161alis. Siekis\u00a0\u2013 i\u0161 arti susipa\u017einti su s\u0117kmingiausiais \u0161vietimo inovacij\u0173 pavyzd\u017eiais Europos ir pasaulio valstyb\u0117se, pasisemti \u012fkv\u0117pimo savo pamokoms, paskaitoms bei u\u017emegzti naujas tarptautines, profesines draugystes.<\/p>\n<p>&nbsp;<\/p>\n<p><em>Projektas \u201eSkaitmenin\u0117 \u0161vietimo transformacija\u201c \u012fgyvendinamas pagal ekonomikos gaivinimo ir atsparumo didinimo plan\u0105 \u201eNaujos kartos Lietuva\u201c, finansuojam\u0105 Europos S\u0105jungos ekonomikos gaivinimo ir atsparumo didinimo priemon\u0117s \u201eNextGenerationEU\u201c l\u0117\u0161omis.<\/em><\/p>\n","protected":false},"excerpt":{"rendered":"<p>Nacionalin\u0117s \u0161vietimo agent\u016bros EdTech centras kvie\u010dia pedagogus ir auk\u0161t\u0173j\u0173 mokykl\u0173 d\u0117stytojus dalyvauti atrankoje \u012f sta\u017euot\u0119 Valensijoje (Ispanija), kuri vyks \u0161. m. baland\u017eio \u2013 gegu\u017e\u0117s m\u0117n. Sta\u017euot\u0117s tikslas\u00a0\u2013 susipa\u017einti su EdTech \u0161vietimo inovacijomis Ispanijoje, su\u017einoti, kaip jos gali pad\u0117ti efektyviau mokyti(s),&nbsp;<a href=\"https:\/\/www.nsa.smsm.lt\/old\/2023\/02\/27\/skelbiama-atranka-i-edtech-centro-stazuote-ispanijoje\/\" class=\"placiau\">Pla\u010diau <i class=\"fa fa-caret-right\"><\/i><\/a><\/p>\n","protected":false},"author":5,"featured_media":0,"comment_status":"open","ping_status":"open","sticky":false,"template":"","format":"standard","meta":{"_acf_changed":false,"footnotes":""},"categories":[1,21],"tags":[],"class_list":["post-33563","post","type-post","status-publish","format-standard","hentry","category-nacionalines-svietimo-agenturos-naujienos","category-naujienu-archyvas"],"acf":[],"_links":{"self":[{"href":"https:\/\/www.nsa.smsm.lt\/old\/wp-json\/wp\/v2\/posts\/33563","targetHints":{"allow":["GET"]}}],"collection":[{"href":"https:\/\/www.nsa.smsm.lt\/old\/wp-json\/wp\/v2\/posts"}],"about":[{"href":"https:\/\/www.nsa.smsm.lt\/old\/wp-json\/wp\/v2\/types\/post"}],"author":[{"embeddable":true,"href":"https:\/\/www.nsa.smsm.lt\/old\/wp-json\/wp\/v2\/users\/5"}],"replies":[{"embeddable":true,"href":"https:\/\/www.nsa.smsm.lt\/old\/wp-json\/wp\/v2\/comments?post=33563"}],"version-history":[{"count":0,"href":"https:\/\/www.nsa.smsm.lt\/old\/wp-json\/wp\/v2\/posts\/33563\/revisions"}],"wp:attachment":[{"href":"https:\/\/www.nsa.smsm.lt\/old\/wp-json\/wp\/v2\/media?parent=33563"}],"wp:term":[{"taxonomy":"category","embeddable":true,"href":"https:\/\/www.nsa.smsm.lt\/old\/wp-json\/wp\/v2\/categories?post=33563"},{"taxonomy":"post_tag","embeddable":true,"href":"https:\/\/www.nsa.smsm.lt\/old\/wp-json\/wp\/v2\/tags?post=33563"}],"curies":[{"name":"wp","href":"https:\/\/api.w.org\/{rel}","templated":true}]}}