{"id":32277,"date":"2022-11-28T16:25:20","date_gmt":"2022-11-28T14:25:20","guid":{"rendered":"https:\/\/www.nsa.smsm.lt\/old\/?p=32277"},"modified":"2022-11-28T16:31:51","modified_gmt":"2022-11-28T14:31:51","slug":"vdu-svietimo-akademija-kviecia-i-renginius-apie-matematika-ir-daugiakalbyste","status":"publish","type":"post","link":"https:\/\/www.nsa.smsm.lt\/old\/2022\/11\/28\/vdu-svietimo-akademija-kviecia-i-renginius-apie-matematika-ir-daugiakalbyste\/","title":{"rendered":"VDU \u0160vietimo akademija kvie\u010dia \u012f renginius apie matematik\u0105 ir daugiakalbyst\u0119"},"content":{"rendered":"<p><strong>Tarptautin\u0117s ir nacionalin\u0117s mokini\u0173 matematikos pasiekim\u0173 gerinimo patirtys<\/strong><\/p>\n<p>Gruod\u017eio 6 d. antradien\u012f, 14 val., Vytauto Did\u017eiojo universiteto (VDU) Pedagog\u0173 rengimo centre (K. Donelai\u010dio g. 52, 503 aud.) vyks forumas \u201eTarptautin\u0117s ir nacionalin\u0117s mokini\u0173 matematikos pasiekim\u0173 gerinimo patirtys\u201c, skirtas matematikos mokytojams.\u00a0Forumo tikslas \u2013 sutelkti d\u0117mes\u012f \u012f mokini\u0173 matematikos pasiekim\u0173 skirtumo ma\u017einimo problematik\u0105 Lietuvos bei u\u017esienio mokyklose.<\/p>\n<p>Forumo prane\u0161\u0117jai pristatys aktualius prane\u0161imus apie tarptautini\u0173 ir nacionalini\u0173 mokini\u0173 matematikos pasiekimus, gabi\u0173 vaik\u0173 vaidmen\u012f matematikos pamokose, matematinio ugdymo filosofij\u0105 u\u017esienio \u0161alyse.<\/p>\n<p>Forume dalyvaus Harvardo universiteto profesorius Jon R. Star, Suomijos Turk\u0173 ir VDU universiteto profesorius Erno Lehtinen, Izraelio universiteto \u0160vietimo fakulteto dekan\u0117, matematikos ir gabi\u0173 vaik\u0173 ugdymo profesor\u0117 Roza Leikin, Lietuvos tyr\u0117jai.<\/p>\n<p><a href=\"https:\/\/bit.ly\/3ALc7Jv\">Forumo programa<\/a><\/p>\n<p><a href=\"https:\/\/forms.office.com\/r\/Ybdx1Bhc3v\">Registracija<\/a><\/p>\n<p>Forum\u0105 bus galima steb\u0117ti ir nuotoliniu b\u016bdu. Konferencija vyks lietuvi\u0173 ir angl\u0173 kalbomis su sinchroniniu vertimu.<\/p>\n<p>Pra\u0161ome atsine\u0161ti mobil\u0173 telefon\u0105 su instaliuota<em>\u00a0Zoom<\/em>\u00a0program\u0117le ir ausines.<\/p>\n<p>&nbsp;<\/p>\n<p><strong>Daugiakalbio \u0161vietimo forumas<\/strong><\/p>\n<p>Gruod\u017eio 7 d., tre\u010diadien\u012f, 9.30 val., Lietuvos Respublikos Seimo Konstitucijos sal\u0117je (Seimo I r\u016bmai, Gedimino pr. 53, Vilnius) vyks Daugiakalbio \u0161vietimo forumas.<\/p>\n<p>Forumo tikslas \u2013 aptarti mokslinius tyrimus ir ger\u0105sias praktikas pl\u0117tojant daugiakalbyst\u0119 skirtinguose formaliojo \u0161vietimo lygmenyse. Praktikams forumas aktualus d\u0117l nuolat i\u0161kylan\u010di\u0173 daugiakalbyst\u0117s pl\u0117tojimo i\u0161\u0161\u016bki\u0173, mokslininkams \u2013 atveria nauj\u0173 tyrim\u0173 sritis, o \u0161vietimo politikams \u2013 \u012f\u017evalgas apie palanki\u0173 s\u0105lyg\u0173 daugiakalbystei ugdyti k\u016brim\u0105. Forumo programa sudaryta taip, kad visos suinteresuotos pus\u0117s gal\u0117t\u0173 i\u0161girsti daugiakalbyst\u0117s ugdymo aktualijas skirtingais aspektais.<\/p>\n<p>Forume dalyvaus Jungtin\u0117s Karalyst\u0117s Nacionalin\u0117s kalb\u0173 pl\u0117tros mokymo programose asociacijos pirminink\u0117, vyresnioji kalb\u0173 ugdymo lektor\u0117 dr. Yvonne Foley, Europos Tarybos Europos \u0161iuolaikini\u0173 kalb\u0173 centro ekspertas ir \u0160vietimo, sporto ir tyrim\u0173 generalinis inspektorius Pranc\u016bzijoje, Jonas Erin, Vytauto Did\u017eiojo universiteto, Vilniaus universiteto mokslininkai ir tyr\u0117jai, Lietuvos mokykl\u0173 vadovai ir pedagogai praktikai. Forume bus kalbama apie daugiakalbyst\u0119 ir kalb\u0173 \u012fvairov\u0119 mokyklose, ugdym\u0105, mokytoj\u0173 pasirengim\u0105 dirbti daugiakalb\u0117je klas\u0117je, Ukrainos vaik\u0173 ugdymo patirtis Lietuvoje.<\/p>\n<p>Daugiakalbio \u0161vietimo forum\u0105 organizuoja Vytauto Did\u017eiojo universitetas, \u0160vietimo, mokslo ir sporto ministerija, Brit\u0173 taryba.<\/p>\n<p><a href=\"https:\/\/vduedu-my.sharepoint.com\/:b:\/g\/personal\/nerijus_zeronas_vdu_lt\/EdCdVX5kz-ZBt1qDoknhghYBdXjeW3xRliqIzE_ogGzGgg?e=7ND8Al\">Daugiakalbio \u0161vietimo forumo programa<\/a><\/p>\n<p><a href=\"https:\/\/forms.office.com\/r\/1GcXHS9jpW\">Registracija<\/a><\/p>\n<p>Forum\u0105 bus galima steb\u0117ti ir\u00a0<a href=\"https:\/\/bit.ly\/3TBevJe\">nuotoliniu b\u016bdu<\/a><\/p>\n","protected":false},"excerpt":{"rendered":"<p>Tarptautin\u0117s ir nacionalin\u0117s mokini\u0173 matematikos pasiekim\u0173 gerinimo patirtys Gruod\u017eio 6 d. antradien\u012f, 14 val., Vytauto Did\u017eiojo universiteto (VDU) Pedagog\u0173 rengimo centre (K. Donelai\u010dio g. 52, 503 aud.) vyks forumas \u201eTarptautin\u0117s ir nacionalin\u0117s mokini\u0173 matematikos pasiekim\u0173 gerinimo patirtys\u201c, skirtas matematikos mokytojams.\u00a0Forumo&nbsp;<a href=\"https:\/\/www.nsa.smsm.lt\/old\/2022\/11\/28\/vdu-svietimo-akademija-kviecia-i-renginius-apie-matematika-ir-daugiakalbyste\/\" class=\"placiau\">Pla\u010diau <i class=\"fa fa-caret-right\"><\/i><\/a><\/p>\n","protected":false},"author":5,"featured_media":0,"comment_status":"open","ping_status":"open","sticky":false,"template":"","format":"standard","meta":{"_acf_changed":false,"footnotes":""},"categories":[20,21],"tags":[],"class_list":["post-32277","post","type-post","status-publish","format-standard","hentry","category-kitos-naujienos","category-naujienu-archyvas"],"acf":[],"_links":{"self":[{"href":"https:\/\/www.nsa.smsm.lt\/old\/wp-json\/wp\/v2\/posts\/32277","targetHints":{"allow":["GET"]}}],"collection":[{"href":"https:\/\/www.nsa.smsm.lt\/old\/wp-json\/wp\/v2\/posts"}],"about":[{"href":"https:\/\/www.nsa.smsm.lt\/old\/wp-json\/wp\/v2\/types\/post"}],"author":[{"embeddable":true,"href":"https:\/\/www.nsa.smsm.lt\/old\/wp-json\/wp\/v2\/users\/5"}],"replies":[{"embeddable":true,"href":"https:\/\/www.nsa.smsm.lt\/old\/wp-json\/wp\/v2\/comments?post=32277"}],"version-history":[{"count":0,"href":"https:\/\/www.nsa.smsm.lt\/old\/wp-json\/wp\/v2\/posts\/32277\/revisions"}],"wp:attachment":[{"href":"https:\/\/www.nsa.smsm.lt\/old\/wp-json\/wp\/v2\/media?parent=32277"}],"wp:term":[{"taxonomy":"category","embeddable":true,"href":"https:\/\/www.nsa.smsm.lt\/old\/wp-json\/wp\/v2\/categories?post=32277"},{"taxonomy":"post_tag","embeddable":true,"href":"https:\/\/www.nsa.smsm.lt\/old\/wp-json\/wp\/v2\/tags?post=32277"}],"curies":[{"name":"wp","href":"https:\/\/api.w.org\/{rel}","templated":true}]}}