{"id":32157,"date":"2022-11-21T13:18:55","date_gmt":"2022-11-21T11:18:55","guid":{"rendered":"https:\/\/www.nsa.smsm.lt\/old\/?p=32157"},"modified":"2022-11-21T13:29:20","modified_gmt":"2022-11-21T11:29:20","slug":"tarptautinis-edtech-hakatonas-ir-konferencija-vienys-svietimo-inovatorius-is-viso-pasaulio","status":"publish","type":"post","link":"https:\/\/www.nsa.smsm.lt\/old\/2022\/11\/21\/tarptautinis-edtech-hakatonas-ir-konferencija-vienys-svietimo-inovatorius-is-viso-pasaulio\/","title":{"rendered":"Tarptautinis\u00a0EdTech\u00a0hakatonas\u00a0ir konferencija vienys \u0161vietimo\u00a0inovatorius\u00a0i\u0161 viso pasaulio\u00a0\u00a0\u00a0\u00a0"},"content":{"rendered":"<p><span style=\"font-style: inherit;\" data-contrast=\"auto\">Rytoj prasideda savait\u0119 truksiantis tarptautini\u0173 rengini\u0173 ciklas \u201eEdtech Conference &amp; Hackathon: Education inside Metaverse\u201c, kuris pokalbiams bei sprendim\u0173 k\u016brimui suburs mokytojus, u\u017esienio praktikus, Lietuvos \u0161vietimo politikos formuotojus, technologini\u0173 \u012fmoni\u0173 lyderius, \u0161vietimo sektoriaus bei startuoli\u0173 atstovus.<\/span><\/p>\n<p><span style=\"font-style: inherit; font-weight: inherit;\" data-contrast=\"auto\"><span data-ccp-parastyle=\"No Spacing\">Renginio organizatoriai \u2013 Nacionalin\u0117s \u0161vietimo agent\u016bros EdTech centras ir Vilniaus universiteto Verslo mokykla. <\/span><\/span><\/p>\n<p><span style=\"font-style: inherit; font-weight: inherit;\" data-contrast=\"auto\"><span data-ccp-parastyle=\"No Spacing\">EdTech\u00a0centro vadov\u0117 Indr\u0117\u00a0\u0160uolien\u0117\u00a0teigia, kad pla\u010dios partneryst\u0117s leid\u017eia dar labiau skleistis skaitmeninio prover\u017eio strategijai \u2013 ne tik vytis technologines inovacijas, bet ir tapti lygiaver\u010diais partneriais tarptautin\u0117je edukacini\u0173 technologij\u0173 arenoje.\u00a0<\/span><\/span><span style=\"font-style: inherit; font-weight: inherit;\" data-ccp-props=\"{&quot;201341983&quot;:0,&quot;335551550&quot;:6,&quot;335551620&quot;:6,&quot;335559685&quot;:142,&quot;335559731&quot;:567,&quot;335559739&quot;:0,&quot;335559740&quot;:240}\">\u00a0<\/span><\/p>\n<p><span style=\"font-style: inherit; font-weight: inherit;\" data-contrast=\"auto\"><span data-ccp-parastyle=\"No Spacing\">\u201eTechnologijos be \u017emoni\u0173 b\u016bt\u0173 bej\u0117g\u0117s, nors jos ir vis labiau stebina savo galimyb\u0117mis. U\u017e kiekvienos s\u0117kmingos \u0161vietimo inovacijos slypi stiprios komandos: tai rodo skaitmenin\u0117s priemon\u0117s, ruo\u0161iamos \u0161vietimui \u2013 jas kuria mokslininkai bei verslai, o poreik\u012f atskleid\u017eia mokiniai, mokytojai, d\u0117stytojai, studentai. Turime b\u016bti kaip ekosistema ir \u012fgalinti vieni kitus\u201c. <\/span><\/span><span style=\"font-style: inherit; font-weight: inherit;\" data-ccp-props=\"{&quot;201341983&quot;:0,&quot;335551550&quot;:6,&quot;335551620&quot;:6,&quot;335559685&quot;:142,&quot;335559731&quot;:567,&quot;335559739&quot;:0,&quot;335559740&quot;:240}\">\u00a0<\/span><\/p>\n<p><span style=\"font-style: inherit; font-weight: inherit;\" data-contrast=\"auto\"><span data-ccp-parastyle=\"No Spacing\">Verslo mokyklos Strategini\u0173 verslo partnerys\u010di\u0173 vadov\u0117\u00a0Aneta\u00a0\u0160lekyt\u0117-Kaminien\u0117\u00a0pritaria min\u010diai apie\u00a0bendrak\u016bryb\u0105: \u201eStrateginis \u0161vietimo bendruomen\u0117s, verslo ir auk\u0161tojo mokslo bendradarbiavimas suteikia galimyb\u0119 dalintis inovatyviais po\u017ei\u016briais, \u012fgyvendinti naujausias id\u0117jas bei prisid\u0117ti kuriant tvari\u0105 Lietuvos ateit\u012f. B\u016btent aktyvesnis\u00a0metavisatos\u00a0galimybi\u0173 i\u0161naudojimas \u0161vietime ir gali sustiprinti m\u016bs\u0173 \u0161alies konkurencingum\u0105 tarptautin\u0117je aplinkoje, o Lietuvos vaikams \u012fveikti technologin\u0119 atskirt\u012f bei nelikti u\u017eribyje\u201c.\u00a0<\/span><\/span><span style=\"font-style: inherit; font-weight: inherit;\" data-ccp-props=\"{&quot;201341983&quot;:0,&quot;335551550&quot;:6,&quot;335551620&quot;:6,&quot;335559685&quot;:142,&quot;335559731&quot;:567,&quot;335559739&quot;:0,&quot;335559740&quot;:240}\">\u00a0<\/span><\/p>\n<p><span style=\"font-style: inherit; font-weight: inherit;\" data-contrast=\"auto\"><span data-ccp-parastyle=\"No Spacing\">Konferencijoje ekspertai dalinsis \u012f\u017evalgomis apie technologi\u0161kai pa\u017eangesn\u0119 Lietuvos \u0161vietimo ateit\u012f. Bus pristatomi reik\u0161mingi \u0161vietimo technologij\u0173 projektai pasaulyje, inovacij\u0173 pritaikymo \u0161vietime pavyzd\u017eiai i\u0161 Izraelio, Lenkijos, Piet\u0173 Kor\u0117jos bei kit\u0173 \u0161ali\u0173 ir organizacij\u0173. Taip pat vyks diskusijos apie \u0161vietimo skaitmenin\u0117s transformacijos b\u016btinyb\u0119, bus\u00a0futuristi\u0161kai\u00a0\u017evelgiama \u012f Lietuvos perspektyvas.\u00a0<\/span><\/span><span style=\"font-style: inherit; font-weight: inherit;\" data-ccp-props=\"{&quot;201341983&quot;:0,&quot;335551550&quot;:6,&quot;335551620&quot;:6,&quot;335559685&quot;:142,&quot;335559731&quot;:567,&quot;335559739&quot;:0,&quot;335559740&quot;:240}\">\u00a0<\/span><\/p>\n<p><span style=\"font-style: inherit; font-weight: inherit;\" data-contrast=\"auto\"><span data-ccp-parastyle=\"No Spacing\">Antroji renginio dalis \u2013\u00a0hakatonas\u00a0\u2013 \u017eada intriguojant\u012f proces\u0105, kai dalyviai i\u0161 skirting\u0173 \u0161ali\u0173 kurs efektyvius edukacinius sprendimus mokykloms, universitetams, individualiam ugdymui. K\u016br\u0117jus konsultuos patyr\u0119 \u0161vietimo srities mentoriai: edukaciniai\u00a0startuoliai, \u0161vietimo politikos formuotojai.\u00a0\u00a0<\/span><\/span><span style=\"font-style: inherit; font-weight: inherit;\" data-ccp-props=\"{&quot;201341983&quot;:0,&quot;335551550&quot;:6,&quot;335551620&quot;:6,&quot;335559685&quot;:142,&quot;335559731&quot;:567,&quot;335559739&quot;:0,&quot;335559740&quot;:240}\">\u00a0<\/span><\/p>\n<p><span style=\"font-style: inherit; font-weight: inherit;\" data-contrast=\"auto\"><span data-ccp-parastyle=\"No Spacing\">Renginius galima steb\u0117ti nuotoliniu b\u016bdu. Pla\u010diau apie transliacij\u0105 ir program\u0105 \u2013\u00a0<\/span><\/span><a href=\"https:\/\/www.vuhackathon.lt\/\" data-auth=\"NotApplicable\" data-safelink=\"true\" data-linkindex=\"0\"><span data-ccp-charstyle=\"Hyperlink\"><span style=\"font-style: inherit; font-weight: inherit;\" data-contrast=\"none\">https:\/\/www.vuhackathon.lt<\/span><\/span><\/a><span style=\"font-style: inherit; font-weight: inherit;\" data-contrast=\"auto\"><span data-ccp-parastyle=\"No Spacing\">.\u00a0<\/span><\/span><span style=\"font-style: inherit; font-weight: inherit;\" data-ccp-props=\"{&quot;201341983&quot;:0,&quot;335551550&quot;:6,&quot;335551620&quot;:6,&quot;335559685&quot;:142,&quot;335559731&quot;:567,&quot;335559739&quot;:0,&quot;335559740&quot;:240}\">\u00a0<\/span><\/p>\n<p><span style=\"font-weight: inherit;\" data-contrast=\"auto\"><span data-ccp-parastyle=\"No Spacing\"><em>N\u0160A\u00a0EdTech\u00a0centro projektas \u201eSkaitmenin\u0117 \u0161vietimo transformacija\u201c \u012fgyvendinamas pagal ekonomikos gaivinimo ir atsparumo didinimo plan\u0105 \u201eNaujos kartos Lietuva\u201c, finansuojam\u0105 Europos S\u0105jungos ekonomikos gaivinimo ir atsparumo didinimo priemon\u0117s\u00a0\u201eNextGenerationEU\u201c\u00a0l\u0117\u0161omis.<\/em><\/span><\/span><span style=\"font-style: inherit; font-weight: inherit;\" data-ccp-props=\"{&quot;201341983&quot;:0,&quot;335551550&quot;:6,&quot;335551620&quot;:6,&quot;335559685&quot;:142,&quot;335559731&quot;:567,&quot;335559739&quot;:0,&quot;335559740&quot;:240}\">\u00a0<\/span><\/p>\n","protected":false},"excerpt":{"rendered":"<p>Rytoj prasideda savait\u0119 truksiantis tarptautini\u0173 rengini\u0173 ciklas \u201eEdtech Conference &amp; Hackathon: Education inside Metaverse\u201c, kuris pokalbiams bei sprendim\u0173 k\u016brimui suburs mokytojus, u\u017esienio praktikus, Lietuvos \u0161vietimo politikos formuotojus, technologini\u0173 \u012fmoni\u0173 lyderius, \u0161vietimo sektoriaus bei startuoli\u0173 atstovus. Renginio organizatoriai \u2013 Nacionalin\u0117s \u0161vietimo&nbsp;<a href=\"https:\/\/www.nsa.smsm.lt\/old\/2022\/11\/21\/tarptautinis-edtech-hakatonas-ir-konferencija-vienys-svietimo-inovatorius-is-viso-pasaulio\/\" class=\"placiau\">Pla\u010diau <i class=\"fa fa-caret-right\"><\/i><\/a><\/p>\n","protected":false},"author":5,"featured_media":0,"comment_status":"open","ping_status":"open","sticky":false,"template":"","format":"standard","meta":{"_acf_changed":false,"footnotes":""},"categories":[1,21],"tags":[],"class_list":["post-32157","post","type-post","status-publish","format-standard","hentry","category-nacionalines-svietimo-agenturos-naujienos","category-naujienu-archyvas"],"acf":[],"_links":{"self":[{"href":"https:\/\/www.nsa.smsm.lt\/old\/wp-json\/wp\/v2\/posts\/32157","targetHints":{"allow":["GET"]}}],"collection":[{"href":"https:\/\/www.nsa.smsm.lt\/old\/wp-json\/wp\/v2\/posts"}],"about":[{"href":"https:\/\/www.nsa.smsm.lt\/old\/wp-json\/wp\/v2\/types\/post"}],"author":[{"embeddable":true,"href":"https:\/\/www.nsa.smsm.lt\/old\/wp-json\/wp\/v2\/users\/5"}],"replies":[{"embeddable":true,"href":"https:\/\/www.nsa.smsm.lt\/old\/wp-json\/wp\/v2\/comments?post=32157"}],"version-history":[{"count":0,"href":"https:\/\/www.nsa.smsm.lt\/old\/wp-json\/wp\/v2\/posts\/32157\/revisions"}],"wp:attachment":[{"href":"https:\/\/www.nsa.smsm.lt\/old\/wp-json\/wp\/v2\/media?parent=32157"}],"wp:term":[{"taxonomy":"category","embeddable":true,"href":"https:\/\/www.nsa.smsm.lt\/old\/wp-json\/wp\/v2\/categories?post=32157"},{"taxonomy":"post_tag","embeddable":true,"href":"https:\/\/www.nsa.smsm.lt\/old\/wp-json\/wp\/v2\/tags?post=32157"}],"curies":[{"name":"wp","href":"https:\/\/api.w.org\/{rel}","templated":true}]}}