{"id":31899,"date":"2022-11-04T15:19:05","date_gmt":"2022-11-04T13:19:05","guid":{"rendered":"https:\/\/www.nsa.smsm.lt\/old\/?p=31899"},"modified":"2022-11-04T15:44:53","modified_gmt":"2022-11-04T13:44:53","slug":"kvieciame-dalyvauti-konferencijoje-ugdymo-organizavimas-ir-pagalbos-teikimas-pasiekimu-gerinimui","status":"publish","type":"post","link":"https:\/\/www.nsa.smsm.lt\/old\/2022\/11\/04\/kvieciame-dalyvauti-konferencijoje-ugdymo-organizavimas-ir-pagalbos-teikimas-pasiekimu-gerinimui\/","title":{"rendered":"Kvie\u010diame dalyvauti antroje respublikin\u0117je konferencijoje \u201eUgdymo organizavimas ir pagalbos teikimas pasiekim\u0173 gerinimui\u201c"},"content":{"rendered":"<p>Projekto \u201eBendrojo ugdymo turinio ir organizavimo modeli\u0173 suk\u016brimas ir i\u0161bandymas bendrajame ugdyme\u201c (Nr. 09.2.1-ESFA-V-726-04-0001) vykdytojai, \u012fgyvendinantys 1.3 veikl\u0105 \u201eUgdymo organizavimo ir mokymosi pagalbos teikimo modeli\u0173 \u017eem\u0173 mokini\u0173 pasiekim\u0173 gerinimui parengimas ir \u012fgyvendinimas\u201c, organizuoja antr\u0105j\u0105 respublikin\u0119 konferencij\u0105 \u201eUgdymo organizavimas ir pagalbos teikimas pasiekim\u0173 gerinimui\u201c, kuri vyks nuotoliniu b\u016bdu. Konferencijoje bus pristatomi <a href=\"https:\/\/www.nsa.smsm.lt\/old\/old\/projektai\/wp-content\/uploads\/2022\/10\/modelis_2022_10_20_viesinimui.pdf\">mokykl\u0173 sukurti modeliai<\/a>, skirti \u017eemiems mokini\u0173 pasiekimams gerinti, modeli\u0173 k\u016brimo ir i\u0161bandymo pirm\u0173j\u0173 met\u0173 patirtis bei <a href=\"https:\/\/www.nsa.smsm.lt\/old\/old\/projektai\/wp-content\/uploads\/2022\/10\/Pedagogu-ir-mokyklu-vadovu-poziuris-i-ugdymo-organizavimo-priemoniu-paveikuma-20221014.pdf\">tyrimo<\/a> apie pedagog\u0173 ir mokykl\u0173 vadov\u0173 po\u017ei\u016br\u012f \u012f ugdymo organizavimo priemoni\u0173 reik\u0161m\u0119 mokini\u0173 pa\u017eangai rezultatai.<\/p>\n<p>Konferencija organizuojama bendradarbiaujant su \u0160iauli\u0173 miesto savivaldyb\u0117s \u0161vietimo centru. Didelio susidom\u0117jimo ir teigiam\u0173 reakcij\u0173 sulauk\u0117 pirmoji konferencija, vykusi spalio 26 d., joje dalyvavo 125 dalyviai ir 27 prane\u0161\u0117jai.<\/p>\n<p>Kvie\u010diame dalyvauti konferencijose 2022 m. lapkri\u010dio 9 d., gruod\u017eio 1 ir 9 dienomis. <strong>B\u016btina registracija! <\/strong><\/p>\n<p>Svarbi informacija:<\/p>\n<ul>\n<li>dalyvavimas konferencijoje yra nemokamas;<\/li>\n<li>norin\u010diuosius dalyvauti\u00a0konferencijose nurodytomis dienomis pra\u0161ome sekti interneto svetain\u0117je <a href=\"http:\/\/www.svcentras.lt\">svcentras.lt<\/a> naujienas apie registracijos prad\u017ei\u0105 ir registruotis registravimo sistemoje <a href=\"http:\/\/www.semiplius.lt\/\">http:\/\/www.semiplius.lt\/<\/a>;<\/li>\n<li>prisijungti prie registravimo sistemos galima ir \u0160iauli\u0173 miesto savivaldyb\u0117s \u0161vietimo centro interneto svetain\u0117je www.svcentras.lt, skyrelyje \u201eRegistracija\u201c;<\/li>\n<li>prisijungimo prie \u201eZoom\u201c platformos nuoroda bus i\u0161si\u0173sta\u00a0u\u017esiregistravusiems asmenims el. pa\u0161tu, likus dviem dienom iki renginio;<\/li>\n<li>pa\u017eym\u0117jimai bus i\u0161duoti tik u\u017esiregistravusiems nurodytoje sistemoje ir konferencijoje dalyvavusiems asmenims;<\/li>\n<li>registracija bus baigta susirinkus maksimaliam dalyvi\u0173 skai\u010diui.<\/li>\n<\/ul>\n<p><a href=\"https:\/\/www.nsa.smsm.lt\/old\/old\/wp-content\/uploads\/2022\/11\/Konferencijos-programa-2022-11-09.pdf\">Konferencijos programa 2022-11-09<\/a><\/p>\n","protected":false},"excerpt":{"rendered":"<p>Projekto \u201eBendrojo ugdymo turinio ir organizavimo modeli\u0173 suk\u016brimas ir i\u0161bandymas bendrajame ugdyme\u201c (Nr. 09.2.1-ESFA-V-726-04-0001) vykdytojai, \u012fgyvendinantys 1.3 veikl\u0105 \u201eUgdymo organizavimo ir mokymosi pagalbos teikimo modeli\u0173 \u017eem\u0173 mokini\u0173 pasiekim\u0173 gerinimui parengimas ir \u012fgyvendinimas\u201c, organizuoja antr\u0105j\u0105 respublikin\u0119 konferencij\u0105 \u201eUgdymo organizavimas ir pagalbos&nbsp;<a href=\"https:\/\/www.nsa.smsm.lt\/old\/2022\/11\/04\/kvieciame-dalyvauti-konferencijoje-ugdymo-organizavimas-ir-pagalbos-teikimas-pasiekimu-gerinimui\/\" class=\"placiau\">Pla\u010diau <i class=\"fa fa-caret-right\"><\/i><\/a><\/p>\n","protected":false},"author":5,"featured_media":0,"comment_status":"open","ping_status":"open","sticky":false,"template":"","format":"standard","meta":{"_acf_changed":false,"footnotes":""},"categories":[19,21],"tags":[],"class_list":["post-31899","post","type-post","status-publish","format-standard","hentry","category-projektu-naujienos","category-naujienu-archyvas"],"acf":[],"_links":{"self":[{"href":"https:\/\/www.nsa.smsm.lt\/old\/wp-json\/wp\/v2\/posts\/31899","targetHints":{"allow":["GET"]}}],"collection":[{"href":"https:\/\/www.nsa.smsm.lt\/old\/wp-json\/wp\/v2\/posts"}],"about":[{"href":"https:\/\/www.nsa.smsm.lt\/old\/wp-json\/wp\/v2\/types\/post"}],"author":[{"embeddable":true,"href":"https:\/\/www.nsa.smsm.lt\/old\/wp-json\/wp\/v2\/users\/5"}],"replies":[{"embeddable":true,"href":"https:\/\/www.nsa.smsm.lt\/old\/wp-json\/wp\/v2\/comments?post=31899"}],"version-history":[{"count":0,"href":"https:\/\/www.nsa.smsm.lt\/old\/wp-json\/wp\/v2\/posts\/31899\/revisions"}],"wp:attachment":[{"href":"https:\/\/www.nsa.smsm.lt\/old\/wp-json\/wp\/v2\/media?parent=31899"}],"wp:term":[{"taxonomy":"category","embeddable":true,"href":"https:\/\/www.nsa.smsm.lt\/old\/wp-json\/wp\/v2\/categories?post=31899"},{"taxonomy":"post_tag","embeddable":true,"href":"https:\/\/www.nsa.smsm.lt\/old\/wp-json\/wp\/v2\/tags?post=31899"}],"curies":[{"name":"wp","href":"https:\/\/api.w.org\/{rel}","templated":true}]}}