{"id":31728,"date":"2022-10-17T14:38:12","date_gmt":"2022-10-17T12:38:12","guid":{"rendered":"https:\/\/www.nsa.smsm.lt\/old\/?p=31728"},"modified":"2022-10-24T12:06:32","modified_gmt":"2022-10-24T10:06:32","slug":"kvieciame-dalyvauti-projekto-konferencijoje-ugdymo-organizavimas-ir-pagalbos-teikimas-pasiekimu-gerinimui","status":"publish","type":"post","link":"https:\/\/www.nsa.smsm.lt\/old\/2022\/10\/17\/kvieciame-dalyvauti-projekto-konferencijoje-ugdymo-organizavimas-ir-pagalbos-teikimas-pasiekimu-gerinimui\/","title":{"rendered":"Kvie\u010diame dalyvauti konferencijoje \u201eUgdymo organizavimas ir pagalbos teikimas pasiekim\u0173 gerinimui\u201c"},"content":{"rendered":"<p>2022 m. spalio 26 d. Nacionalin\u0117 \u0161vietimo agent\u016bra, \u012fgyvendindama projekto \u201eBendrojo ugdymo turinio ir organizavimo modeli\u0173 suk\u016brimas ir i\u0161bandymas bendrajame ugdyme\u201c (Nr. 09.2.1-ESFA-V-726-04-0001) 1.3 veikl\u0105 \u201eUgdymo organizavimo ir mokymosi pagalbos teikimo modeli\u0173 \u017eem\u0173 mokini\u0173 pasiekim\u0173 gerinimui parengimas ir \u012fgyvendinimas\u201c, kvie\u010dia dalyvauti konferencijoje\u00a0\u201eUgdymo organizavimas ir pagalbos teikimas pasiekim\u0173 gerinimui\u201c. Konferencija organizuojama bendradarbiaujant su \u0160iauli\u0173 miesto savivaldyb\u0117s \u0161vietimo centru.<\/p>\n<p>Konferencijos tikslas\u00a0<em>\u2013 <\/em>pristatyti<a href=\"https:\/\/www.nsa.smsm.lt\/old\/old\/projektai\/wp-content\/uploads\/2022\/10\/modelis_2022_10_20_viesinimui.pdf\"> mokykl\u0173 sukurtus modelius<\/a>, skirtus \u017eemiems mokini\u0173 pasiekimams gerinti; modeli\u0173 leidin\u012f, modeli\u0173 k\u016brimo ir i\u0161bandymo pirm\u0173j\u0173 met\u0173 patirtis; projekto mokykl\u0173 mokytoj\u0173 ir vadov\u0173 po\u017ei\u016brio \u012f ugdymo organizavimo priemoni\u0173, didinan\u010di\u0173 mokymosi sunkum\u0173 turin\u010di\u0173 mokini\u0173 motyvacij\u0105 ir pa\u017eang\u0105, paveikum\u0105, <a href=\"https:\/\/www.nsa.smsm.lt\/old\/old\/projektai\/wp-content\/uploads\/2022\/10\/Pedagogu-ir-mokyklu-vadovu-poziuris-i-ugdymo-organizavimo-priemoniu-paveikuma-20221014.pdf\">tyrimo<\/a> rezultatus.<\/p>\n<p><a href=\"https:\/\/svcentras.lt\/wp-content\/uploads\/2022\/10\/NSA-Konferencijos-programa.doc\">Konferencijos programa<\/a><\/p>\n<p>Svarbi informacija:<\/p>\n<ul>\n<li>B\u016btina registracija internetin\u0117je registravimo sistemoje\u00a0<a href=\"http:\/\/www.semiplius.lt\/\">http:\/\/www.semiplius.lt\/<\/a>\u00a0iki 2022 m. spalio 26 d.<\/li>\n<li>Prisijungti prie registravimo sistemos galima ir \u0160iauli\u0173 miesto savivaldyb\u0117s \u0161vietimo centro interneto svetain\u0117je www.svcentras.lt, skyrelyje \u201eRegistracija\u201c.<\/li>\n<li>Prisijungimo prie \u201eZoom\u201c platformos nuoroda bus i\u0161si\u0173sta\u00a0<a href=\"http:\/\/www.semiplius.lt\/\">http:\/\/www.semiplius.lt\/<\/a>\u00a0u\u017esiregistravusiems asmenims el. pa\u0161tu, likus trims dienoms iki renginio.<\/li>\n<li>U\u017esiregistravusiesiems ir dalyvavusiesiems konferencijoje bus i\u0161duoti pa\u017eym\u0117jimai.<\/li>\n<li>Dalyvavimas konferencijoje yra nemokamas.<\/li>\n<li>Registracija bus u\u017edaryta susirinkus maksimaliam dalyvi\u0173 skai\u010diui.<\/li>\n<li>Projekto produktai bus pristatomi konferencijose \u201eUgdymo organizavimas ir pagalbos teikimas pasiekim\u0173 gerinimui\u201c 2022 met\u0173 spalio 26 d., lapkri\u010dio 9 d., gruod\u017eio 1 ir 9 dienomis.<\/li>\n<li>Visus norin\u010dius dalyvauti\u00a0lapkri\u010dio 9 d., gruod\u017eio 1 ir 9 dienomis\u00a0konferencijose pra\u0161ome sekti naujienas apie registracijos prad\u017ei\u0105 ir registruotis\u00a0<a href=\"http:\/\/www.semiplius.lt\/\">http:\/\/www.semiplius.lt\/<\/a>\u00a0sistemoje.<\/li>\n<\/ul>\n<p>&nbsp;<\/p>\n<p>Daugiau informacijos: el. pa\u0161tu <a href=\"mailto:jelena.zilinska@nsa.smm.lt\">jelena.zilinska@nsa.smm.lt<\/a><\/p>\n","protected":false},"excerpt":{"rendered":"<p>2022 m. spalio 26 d. Nacionalin\u0117 \u0161vietimo agent\u016bra, \u012fgyvendindama projekto \u201eBendrojo ugdymo turinio ir organizavimo modeli\u0173 suk\u016brimas ir i\u0161bandymas bendrajame ugdyme\u201c (Nr. 09.2.1-ESFA-V-726-04-0001) 1.3 veikl\u0105 \u201eUgdymo organizavimo ir mokymosi pagalbos teikimo modeli\u0173 \u017eem\u0173 mokini\u0173 pasiekim\u0173 gerinimui parengimas ir \u012fgyvendinimas\u201c, kvie\u010dia&nbsp;<a href=\"https:\/\/www.nsa.smsm.lt\/old\/2022\/10\/17\/kvieciame-dalyvauti-projekto-konferencijoje-ugdymo-organizavimas-ir-pagalbos-teikimas-pasiekimu-gerinimui\/\" class=\"placiau\">Pla\u010diau <i class=\"fa fa-caret-right\"><\/i><\/a><\/p>\n","protected":false},"author":5,"featured_media":0,"comment_status":"open","ping_status":"open","sticky":false,"template":"","format":"standard","meta":{"_acf_changed":false,"footnotes":""},"categories":[19,21],"tags":[],"class_list":["post-31728","post","type-post","status-publish","format-standard","hentry","category-projektu-naujienos","category-naujienu-archyvas"],"acf":[],"_links":{"self":[{"href":"https:\/\/www.nsa.smsm.lt\/old\/wp-json\/wp\/v2\/posts\/31728","targetHints":{"allow":["GET"]}}],"collection":[{"href":"https:\/\/www.nsa.smsm.lt\/old\/wp-json\/wp\/v2\/posts"}],"about":[{"href":"https:\/\/www.nsa.smsm.lt\/old\/wp-json\/wp\/v2\/types\/post"}],"author":[{"embeddable":true,"href":"https:\/\/www.nsa.smsm.lt\/old\/wp-json\/wp\/v2\/users\/5"}],"replies":[{"embeddable":true,"href":"https:\/\/www.nsa.smsm.lt\/old\/wp-json\/wp\/v2\/comments?post=31728"}],"version-history":[{"count":0,"href":"https:\/\/www.nsa.smsm.lt\/old\/wp-json\/wp\/v2\/posts\/31728\/revisions"}],"wp:attachment":[{"href":"https:\/\/www.nsa.smsm.lt\/old\/wp-json\/wp\/v2\/media?parent=31728"}],"wp:term":[{"taxonomy":"category","embeddable":true,"href":"https:\/\/www.nsa.smsm.lt\/old\/wp-json\/wp\/v2\/categories?post=31728"},{"taxonomy":"post_tag","embeddable":true,"href":"https:\/\/www.nsa.smsm.lt\/old\/wp-json\/wp\/v2\/tags?post=31728"}],"curies":[{"name":"wp","href":"https:\/\/api.w.org\/{rel}","templated":true}]}}