{"id":31564,"date":"2022-09-30T14:43:24","date_gmt":"2022-09-30T12:43:24","guid":{"rendered":"https:\/\/www.nsa.smsm.lt\/old\/?p=31564"},"modified":"2022-10-05T14:10:19","modified_gmt":"2022-10-05T12:10:19","slug":"patvirtintos-atnaujintos-mokyklines-programos","status":"publish","type":"post","link":"https:\/\/www.nsa.smsm.lt\/old\/2022\/09\/30\/patvirtintos-atnaujintos-mokyklines-programos\/","title":{"rendered":"Patvirtintos atnaujintos mokyklin\u0117s programos"},"content":{"rendered":"<p><strong>\u0160iandien patvirtintos atnaujintos bendrosios programos, kurios mokyklose bus prad\u0117tos diegti nuo 2023 mokslo met\u0173.<\/strong><\/p>\n<p>\u0160vietimo, mokslo ir sporto ministr\u0117 Jurgita \u0160iug\u017edinien\u0117 savo \u012fsakymu \u0161iandien patvirtino 44 programas.<\/p>\n<p>I\u0161 viso atnaujintos 47 programos. Nuo \u0161i\u0173 mokslo met\u0173 prad\u017eios jau \u012fgyvendinamos Prie\u0161mokyklinio ugdymo, Lietuvi\u0173 kalbos pagal kalbos mok\u0117jimo lygius bei Tautin\u0117s ma\u017eumos (lenk\u0173) gimtosios kalbos ir literat\u016bros programos.<\/p>\n<p>Siekiant ugdymo turinio nuoseklumo, Sveikatos ugdymo programa bus per\u017ei\u016br\u0117ta pakartotinai, atsi\u017evelgiant \u012f sveikatos ugdymo samprat\u0105 ankstesn\u0117se pakopose, ir patvirtinta v\u0117liau.<\/p>\n<p>Ugdymo turin\u012f buvo nuspr\u0119sta atnaujinti d\u0117l poky\u010di\u0173 \u0161vietime, atsi\u017evelgta \u012f naujausius mokslo pasiekimus, tarptautini\u0173 tyrim\u0173 ir nacionalini\u0173 pasiekim\u0173 patikrinim\u0173 rezultatus, tarptautini\u0173 organizacij\u0173 ekspert\u0173 rekomendacijas.<\/p>\n<p>Teikdama pagalb\u0105 mokytojams taikyti atnaujint\u0105 ugdymo turin\u012f pamokose, Nacionalin\u0117 \u0161vietimo agent\u016bra pareng\u0117 program\u0173 \u012fgyvendinimo rekomendacijas, metodin\u0119 med\u017eiag\u0105, organizuoja pedagogams skirtus mokymus, konsultacijas su u\u017esienio ekspertais.<\/p>\n<p>\u201eSvarbu pa\u017eym\u0117ti tai, kad pasilikome galimyb\u0119 programas tobulinti, atsi\u017evelgdami, kaip prakti\u0161kai mokytojams seksis diegti atnaujintas mokymo programas, \u2013 sako Nacionalin\u0117s \u0161vietimo agent\u016bros direktor\u0117 R\u016bta Krasauskien\u0117. \u2013 Tuo pa\u010diu noriu pad\u0117koti atnaujint\u0173 program\u0173 reng\u0117jams u\u017e j\u0173 darb\u0105 ir visai \u0161vietimo bendruomenei, aktyviai \u012fsitraukusiai \u012f ugdymo turinio\u00a0 atnaujinim\u0105, kartu siekiant geriausio rezultato\u201c.<\/p>\n<p>Bendr\u0105sias programas, po ilg\u0173, i\u0161sami\u0173 diskusij\u0173, \u0161vietimo bendruomen\u0117s teikt\u0173 pasi\u016blym\u0173 pareng\u0117 i\u0161 mokytoj\u0173 praktik\u0173 bei mokslinink\u0173 sudarytos reng\u0117j\u0173 grup\u0117s.<\/p>\n<p>Atnaujintose bendrosiose programose laikomasi \u012f kompetencijas orientuoto ugdymo krypties. Tai rei\u0161kia, jog\u00a0 mokinio tikslas bus ne tik \u012fgyti \u017eini\u0173, ta\u010diau ir mok\u0117ti jas pritaikyti, tur\u0117ti daugiau \u0161iuolaikiniame pasaulyje reikaling\u0173 \u012fg\u016bd\u017ei\u0173.\u00a0 Siekiama ugdyti pa\u017einimo, skaitmenin\u0119, socialin\u0119, emocin\u0119 ir sveikos gyvensenos, k\u016brybi\u0161kumo, pilietin\u0119, kult\u016brin\u0119 ir komunikavimo kompetencijas.<\/p>\n<p>Mokymosi turinys atnaujinamose programose pateikiamas i\u0161skiriant privalom\u0105 dalyko turin\u012f (apie 70 procent\u0173) ir pasirenkam\u0105 turin\u012f (apie 30 procent\u0173), kur\u012f pasirenka mokytojas atsi\u017evelgdamas \u012f mokini\u0173 galimybes ir derindamas su kitais mokytojais. \u0160ios proporcijos dydis gali skirtis priklausomai nuo ugdymo pakopos, dalyko logikos, tiksl\u0173, mokymo tradicijos.<\/p>\n<p>Atnaujintos programos nuo kit\u0173 mokslo met\u0173 bus prad\u0117tos diegti 1, 3, 5, 7, 9 klas\u0117se ir III gimnazijos, o likusiose klas\u0117se \u2013 nuo 2024 m.<\/p>\n<p>Atnaujintos patvirtintos programos paskelbtos <a href=\"https:\/\/www.e-tar.lt\/portal\/lt\/legalAct\/06c1f24040b711edbc04912defe897d1\">Teis\u0117s akt\u0173 registre (TAR)<\/a>.<\/p>\n","protected":false},"excerpt":{"rendered":"<p>\u0160iandien patvirtintos atnaujintos bendrosios programos, kurios mokyklose bus prad\u0117tos diegti nuo 2023 mokslo met\u0173. \u0160vietimo, mokslo ir sporto ministr\u0117 Jurgita \u0160iug\u017edinien\u0117 savo \u012fsakymu \u0161iandien patvirtino 44 programas. I\u0161 viso atnaujintos 47 programos. Nuo \u0161i\u0173 mokslo met\u0173 prad\u017eios jau \u012fgyvendinamos Prie\u0161mokyklinio&nbsp;<a href=\"https:\/\/www.nsa.smsm.lt\/old\/2022\/09\/30\/patvirtintos-atnaujintos-mokyklines-programos\/\" class=\"placiau\">Pla\u010diau <i class=\"fa fa-caret-right\"><\/i><\/a><\/p>\n","protected":false},"author":5,"featured_media":0,"comment_status":"open","ping_status":"open","sticky":false,"template":"","format":"standard","meta":{"_acf_changed":false,"footnotes":""},"categories":[1,21],"tags":[],"class_list":["post-31564","post","type-post","status-publish","format-standard","hentry","category-nacionalines-svietimo-agenturos-naujienos","category-naujienu-archyvas"],"acf":[],"_links":{"self":[{"href":"https:\/\/www.nsa.smsm.lt\/old\/wp-json\/wp\/v2\/posts\/31564","targetHints":{"allow":["GET"]}}],"collection":[{"href":"https:\/\/www.nsa.smsm.lt\/old\/wp-json\/wp\/v2\/posts"}],"about":[{"href":"https:\/\/www.nsa.smsm.lt\/old\/wp-json\/wp\/v2\/types\/post"}],"author":[{"embeddable":true,"href":"https:\/\/www.nsa.smsm.lt\/old\/wp-json\/wp\/v2\/users\/5"}],"replies":[{"embeddable":true,"href":"https:\/\/www.nsa.smsm.lt\/old\/wp-json\/wp\/v2\/comments?post=31564"}],"version-history":[{"count":0,"href":"https:\/\/www.nsa.smsm.lt\/old\/wp-json\/wp\/v2\/posts\/31564\/revisions"}],"wp:attachment":[{"href":"https:\/\/www.nsa.smsm.lt\/old\/wp-json\/wp\/v2\/media?parent=31564"}],"wp:term":[{"taxonomy":"category","embeddable":true,"href":"https:\/\/www.nsa.smsm.lt\/old\/wp-json\/wp\/v2\/categories?post=31564"},{"taxonomy":"post_tag","embeddable":true,"href":"https:\/\/www.nsa.smsm.lt\/old\/wp-json\/wp\/v2\/tags?post=31564"}],"curies":[{"name":"wp","href":"https:\/\/api.w.org\/{rel}","templated":true}]}}