{"id":31387,"date":"2022-09-21T12:45:20","date_gmt":"2022-09-21T10:45:20","guid":{"rendered":"https:\/\/www.nsa.smsm.lt\/old\/?p=31387"},"modified":"2022-09-21T12:52:20","modified_gmt":"2022-09-21T10:52:20","slug":"apie-itraukuji-ugdyma-konferencijoje-norded","status":"publish","type":"post","link":"https:\/\/www.nsa.smsm.lt\/old\/2022\/09\/21\/apie-itraukuji-ugdyma-konferencijoje-norded\/","title":{"rendered":"Apie \u012ftrauk\u0173j\u012f ugdym\u0105 \u2013 konferencijoje \u201eNordEd\u201c"},"content":{"rendered":"<p><img loading=\"lazy\" decoding=\"async\" class=\"alignnone wp-image-31389\" src=\"https:\/\/www.nsa.smsm.lt\/old\/old\/wp-content\/uploads\/2022\/09\/Konferencija-300x169.png\" alt=\"\" width=\"727\" height=\"409\" srcset=\"https:\/\/www.nsa.smsm.lt\/old\/wp-content\/uploads\/2022\/09\/Konferencija-300x169.png 300w, https:\/\/www.nsa.smsm.lt\/old\/wp-content\/uploads\/2022\/09\/Konferencija-1024x576.png 1024w, https:\/\/www.nsa.smsm.lt\/old\/wp-content\/uploads\/2022\/09\/Konferencija-768x432.png 768w, https:\/\/www.nsa.smsm.lt\/old\/wp-content\/uploads\/2022\/09\/Konferencija.png 1280w\" sizes=\"auto, (max-width: 727px) 100vw, 727px\" \/><\/p>\n<p><strong>Nacionalin\u0117 \u0161vietimo agent\u016bra (N\u0160A) kvie\u010dia rugs\u0117jo 27 d. 10 val. steb\u0117ti \u012ftraukiojo ugdymo konferencij\u0105 \u201eNordEd\u201c!<\/strong><\/p>\n<p>\u0160iais metais \u0160iaur\u0117s ir Baltijos \u0161ali\u0173 ekspertai pasakos apie pasirengim\u0105 \u012fgyvendinti \u012ftrauk\u0173j\u012f ugdym\u0105, mokytoj\u0173 kvalifikacij\u0105 bei reikalingus \u012fg\u016bd\u017eius. Bus aptartos pagalbos teikimo mokytojams sistemos, taip pat \u012fvair\u016bs modeliai u\u017esienyje ir esama pad\u0117tis Lietuvoje.<\/p>\n<p><a href=\"https:\/\/norded.lt\/#programa\"><strong>RENGINIO PROGRAMA.<\/strong><\/a><\/p>\n<p>Prane\u0161im\u0173 transliacij\u0105 steb\u0117kite <a href=\"https:\/\/www.youtube.com\/channel\/UCsi7QS2kbm9_Rw9Axc-eQFw\"><strong><em>N\u0160A YouTube paskyroje<\/em><\/strong><\/a>, renginys vyks angl\u0173 kalba.<\/p>\n<p>\u201eNordEd\u201c tikslas \u2013 sustiprinti \u0160iaur\u0117s ir Baltijos \u0161ali\u0173 bendradarbiavim\u0105 \u0161vietimo srityje skatinant politikos formuotoj\u0173 ir platesn\u0117s visuomen\u0117s diskusijas aktualiomis \u0161vietimo temomis, pateikiant geriausius \u0160iaur\u0117s ir Baltijos \u0161ali\u0173 regiono praktin\u0117s patirties pavyzd\u017eius, remiant novatori\u0161k\u0173 \u0161vietimo iniciatyv\u0173 pl\u0117tr\u0105 Lietuvoje ir \u0160iaur\u0117s \u0161alyse.<\/p>\n<p><a href=\"https:\/\/norded.lt\/\"><strong>Pla\u010diau apie konferencij\u0105.<\/strong><\/a><\/p>\n<p><em>Konferencij\u0105 \u201eNordEd \u2013 \u012ftraukiojo ugdymo link\u201c organizuoja Nacionalin\u0117 \u0161vietimo agent\u016bra, Suomijos ir Danijos ambasados Lietuvoje, \u0160iaur\u0117s ministr\u0173 tarybos biuras Lietuvoje.<\/em><\/p>\n","protected":false},"excerpt":{"rendered":"<p>Nacionalin\u0117 \u0161vietimo agent\u016bra (N\u0160A) kvie\u010dia rugs\u0117jo 27 d. 10 val. steb\u0117ti \u012ftraukiojo ugdymo konferencij\u0105 \u201eNordEd\u201c! \u0160iais metais \u0160iaur\u0117s ir Baltijos \u0161ali\u0173 ekspertai pasakos apie pasirengim\u0105 \u012fgyvendinti \u012ftrauk\u0173j\u012f ugdym\u0105, mokytoj\u0173 kvalifikacij\u0105 bei reikalingus \u012fg\u016bd\u017eius. Bus aptartos pagalbos teikimo mokytojams sistemos, taip&nbsp;<a href=\"https:\/\/www.nsa.smsm.lt\/old\/2022\/09\/21\/apie-itraukuji-ugdyma-konferencijoje-norded\/\" class=\"placiau\">Pla\u010diau <i class=\"fa fa-caret-right\"><\/i><\/a><\/p>\n","protected":false},"author":5,"featured_media":0,"comment_status":"open","ping_status":"open","sticky":false,"template":"","format":"standard","meta":{"_acf_changed":false,"footnotes":""},"categories":[1,17,21],"tags":[],"class_list":["post-31387","post","type-post","status-publish","format-standard","hentry","category-nacionalines-svietimo-agenturos-naujienos","category-renginiai","category-naujienu-archyvas"],"acf":[],"_links":{"self":[{"href":"https:\/\/www.nsa.smsm.lt\/old\/wp-json\/wp\/v2\/posts\/31387","targetHints":{"allow":["GET"]}}],"collection":[{"href":"https:\/\/www.nsa.smsm.lt\/old\/wp-json\/wp\/v2\/posts"}],"about":[{"href":"https:\/\/www.nsa.smsm.lt\/old\/wp-json\/wp\/v2\/types\/post"}],"author":[{"embeddable":true,"href":"https:\/\/www.nsa.smsm.lt\/old\/wp-json\/wp\/v2\/users\/5"}],"replies":[{"embeddable":true,"href":"https:\/\/www.nsa.smsm.lt\/old\/wp-json\/wp\/v2\/comments?post=31387"}],"version-history":[{"count":0,"href":"https:\/\/www.nsa.smsm.lt\/old\/wp-json\/wp\/v2\/posts\/31387\/revisions"}],"wp:attachment":[{"href":"https:\/\/www.nsa.smsm.lt\/old\/wp-json\/wp\/v2\/media?parent=31387"}],"wp:term":[{"taxonomy":"category","embeddable":true,"href":"https:\/\/www.nsa.smsm.lt\/old\/wp-json\/wp\/v2\/categories?post=31387"},{"taxonomy":"post_tag","embeddable":true,"href":"https:\/\/www.nsa.smsm.lt\/old\/wp-json\/wp\/v2\/tags?post=31387"}],"curies":[{"name":"wp","href":"https:\/\/api.w.org\/{rel}","templated":true}]}}