{"id":31192,"date":"2022-09-13T09:17:17","date_gmt":"2022-09-13T07:17:17","guid":{"rendered":"https:\/\/www.nsa.smsm.lt\/old\/?p=31192"},"modified":"2022-09-14T13:19:03","modified_gmt":"2022-09-14T11:19:03","slug":"supervizijose-socialiniai-pedagogai-aptars-darbo-praktika-bei-patirtis","status":"publish","type":"post","link":"https:\/\/www.nsa.smsm.lt\/old\/2022\/09\/13\/supervizijose-socialiniai-pedagogai-aptars-darbo-praktika-bei-patirtis\/","title":{"rendered":"Supervizijose socialiniai pedagogai aptars darbo praktik\u0105 bei patirtis\u00a0\u00a0"},"content":{"rendered":"<p>\u0160iandien prasideda registracija \u012f Nacionalin\u0117s \u0161vietimo agent\u016bros organizuojamas grupines supervizijas ikimokyklini\u0173 \u012fstaig\u0173, bendrojo ugdymo mokykl\u0173 ir profesinio mokymo \u012fstaig\u0173 socialiniams pedagogams.<\/p>\n<p>Kit\u0105 savait\u0119, nuo rugs\u0117jo 20 d., \u012f supervizijas gal\u0117s registruotis pedagogini\u0173 psichologini\u0173 ir \u0161vietimo pagalbos tarnyb\u0173, daugiafunkcini\u0173 centr\u0173 ir speciali\u0173j\u0173 mokykl\u0173 socialiniai pedagogai.<\/p>\n<p>Supervizij\u0173 dalyviai stiprins profesines kompetencijas analizuodami ir aptardami sud\u0117tingas darbines situacijas, ie\u0161kodami tinkamiausi\u0173 b\u016bd\u0173 joms spr\u0119sti, atrasdami nauj\u0173 galimybi\u0173 ir darbo form\u0173 prisitaikant prie pakitusi\u0173 darbo s\u0105lyg\u0173, reflektuodami bei dalindamiesi \u012f\u017evalgomis su kolegomis saugioje aplinkoje.<\/p>\n<p>Supervizijose gal\u0117s dalyvauti apie 192 socialini\u0173 pedagog\u0173. Grupin\u0117s supervizijos vyks nuotoliniu b\u016bdu 4 dienas po 3 akad. val. (bendra trukm\u0117 12 akad. val.).<\/p>\n<p>Supervizijos ikimokyklini\u0173 \u012fstaig\u0173, bendrojo ugdymo mokykl\u0173 ir profesinio mokymo \u012fstaig\u0173 socialiniams pedagogams prasid\u0117s nuo rugs\u0117jo 22 d.<\/p>\n<p>Supervizij\u0173 prad\u017eios data pedagogini\u0173 psichologini\u0173 ir \u0161vietimo pagalbos tarnyb\u0173, daugiafunkcini\u0173 centr\u0173 ir speciali\u0173j\u0173 mokykl\u0173 socialiniams pedagogams bus pateikta registracijos metu.<\/p>\n<p>Registruotis \u012f supervizijas <a href=\"https:\/\/forms.gle\/cmLnTrZoTfsuj6Zi9\">\u010dia<\/a><\/p>\n<p>Supervizijos organizuojamos \u012fgyvendinant Ilgalaiki\u0173 neigiam\u0173 COVID-19 pandemijos pasekmi\u0173 visuomen\u0117s psichikos sveikatai ma\u017einimo veiksm\u0173 2022-2023 met\u0173 plano priemones.<\/p>\n<p>Grupines supervizijas socialiniams pedagogams ves MB \u201ePagauk\u201c supervizoriai. Kilus klausimams kreiptis \u012f MB \u201ePagauk\u201d projekt\u0173 vadov\u0119 Dovil\u0119 Nevierait\u0119, el. p. <a href=\"mailto:projektai@pagauk.lt\" data-auth=\"NotApplicable\" data-linkindex=\"1\">projektai@pagauk.lt<\/a>, tel. +37062113918.<\/p>\n","protected":false},"excerpt":{"rendered":"<p>\u0160iandien prasideda registracija \u012f Nacionalin\u0117s \u0161vietimo agent\u016bros organizuojamas grupines supervizijas ikimokyklini\u0173 \u012fstaig\u0173, bendrojo ugdymo mokykl\u0173 ir profesinio mokymo \u012fstaig\u0173 socialiniams pedagogams. Kit\u0105 savait\u0119, nuo rugs\u0117jo 20 d., \u012f supervizijas gal\u0117s registruotis pedagogini\u0173 psichologini\u0173 ir \u0161vietimo pagalbos tarnyb\u0173, daugiafunkcini\u0173 centr\u0173 ir&nbsp;<a href=\"https:\/\/www.nsa.smsm.lt\/old\/2022\/09\/13\/supervizijose-socialiniai-pedagogai-aptars-darbo-praktika-bei-patirtis\/\" class=\"placiau\">Pla\u010diau <i class=\"fa fa-caret-right\"><\/i><\/a><\/p>\n","protected":false},"author":5,"featured_media":0,"comment_status":"open","ping_status":"open","sticky":false,"template":"","format":"standard","meta":{"_acf_changed":false,"footnotes":""},"categories":[1,21],"tags":[],"class_list":["post-31192","post","type-post","status-publish","format-standard","hentry","category-nacionalines-svietimo-agenturos-naujienos","category-naujienu-archyvas"],"acf":[],"_links":{"self":[{"href":"https:\/\/www.nsa.smsm.lt\/old\/wp-json\/wp\/v2\/posts\/31192","targetHints":{"allow":["GET"]}}],"collection":[{"href":"https:\/\/www.nsa.smsm.lt\/old\/wp-json\/wp\/v2\/posts"}],"about":[{"href":"https:\/\/www.nsa.smsm.lt\/old\/wp-json\/wp\/v2\/types\/post"}],"author":[{"embeddable":true,"href":"https:\/\/www.nsa.smsm.lt\/old\/wp-json\/wp\/v2\/users\/5"}],"replies":[{"embeddable":true,"href":"https:\/\/www.nsa.smsm.lt\/old\/wp-json\/wp\/v2\/comments?post=31192"}],"version-history":[{"count":0,"href":"https:\/\/www.nsa.smsm.lt\/old\/wp-json\/wp\/v2\/posts\/31192\/revisions"}],"wp:attachment":[{"href":"https:\/\/www.nsa.smsm.lt\/old\/wp-json\/wp\/v2\/media?parent=31192"}],"wp:term":[{"taxonomy":"category","embeddable":true,"href":"https:\/\/www.nsa.smsm.lt\/old\/wp-json\/wp\/v2\/categories?post=31192"},{"taxonomy":"post_tag","embeddable":true,"href":"https:\/\/www.nsa.smsm.lt\/old\/wp-json\/wp\/v2\/tags?post=31192"}],"curies":[{"name":"wp","href":"https:\/\/api.w.org\/{rel}","templated":true}]}}