{"id":30986,"date":"2022-08-24T08:20:33","date_gmt":"2022-08-24T06:20:33","guid":{"rendered":"https:\/\/www.nsa.smsm.lt\/old\/?p=30986"},"modified":"2022-08-24T08:20:33","modified_gmt":"2022-08-24T06:20:33","slug":"siais-metais-galimybe-studijuoti-specialiosios-pedagogines-pagalbos-programose-turi-250-pedagogu","status":"publish","type":"post","link":"https:\/\/www.nsa.smsm.lt\/old\/2022\/08\/24\/siais-metais-galimybe-studijuoti-specialiosios-pedagogines-pagalbos-programose-turi-250-pedagogu\/","title":{"rendered":"\u0160iais metais galimyb\u0119 studijuoti specialiosios pedagogin\u0117s pagalbos programose turi 250 pedagog\u0173"},"content":{"rendered":"<p class=\"x_MsoNormal\">N\u0160A vykdomas projektas \u201eT\u0119sk\u201c si\u016blo pedagogams \u012fgyti specialiosios pedagogin\u0117s pagalbos specialist\u0173 kompetencij\u0173 ir padengti \u0161ias met\u0173 trukm\u0117s studijas.<\/p>\n<p class=\"x_MsoNormal\">\u0160iais metais 30 studij\u0173 viet\u0173 logopedo kompetencijai \u012fgyti turi Vilniaus universiteto \u0160iauli\u0173 akademija. Po 20 viet\u0173 numatyta tiflopedagogikos ir surdopedagogikos studijoms Vytauto Did\u017eiojo universitete.<\/p>\n<p class=\"x_MsoNormal\">Pri\u0117mimas \u012f 60 kredit\u0173 tiflopedagogikos, surdopedagogikos ir logopedijos studij\u0173 programas yra numatytas iki rugpj\u016b\u010dio 31 d.<\/p>\n<p class=\"x_MsoNormal\">Daugiau informacijos apie:<\/p>\n<p class=\"x_MsoNormal\">&#8211; logopedo kompetencijos \u012fgijim\u0105 Vilniaus universiteto \u0160iauli\u0173 akademijoje:\u00a0<a href=\"https:\/\/bit.ly\/3CsTCuZ\" target=\"_blank\" rel=\"noopener noreferrer\" data-auth=\"NotApplicable\" data-linkindex=\"0\">https:\/\/bit.ly\/3CsTCuZ<\/a>,<\/p>\n<p class=\"x_MsoNormal\">&#8211; tiflopedagogo ir surdopedagogo kompetencij\u0173 \u012fgijim\u0105 Vytauto Did\u017eiojo universitete:\u00a0<a href=\"https:\/\/bit.ly\/3AGBGf4\" target=\"_blank\" rel=\"noopener noreferrer\" data-auth=\"NotApplicable\" data-linkindex=\"1\">https:\/\/bit.ly\/3AGBGf4<\/a>.<\/p>\n<p class=\"x_MsoNormal\">\u200bProjektas \u201eT\u0119sk\u201c, finansuojamas i\u0161 Europos socialinio fondo ir valstyb\u0117s biud\u017eeto l\u0117\u0161\u0173, kartu su projekto partneriais \u2013 pedagogus rengian\u010diomis auk\u0161tosiomis mokyklomis \u2013 nuo 2018 m. vykdo pedagogini\u0173 studij\u0173 ir kompetencij\u0173 tobulinimo programas, suteikian\u010dias dalykini\u0173 ar pedagogin\u0117s specializacijos kompetencij\u0173 ir teis\u0119 dirbti atitinkamo dalyko ar pedagogin\u0117s specializacijos pedagogu. Projekto l\u0117\u0161omis 2018\u20132022 mokslo metais papildom\u0173 dalykini\u0173 kompetencij\u0173 ir pedagogo kvalifikacij\u0105 \u012fgijo 783 dalyviai.<\/p>\n<p class=\"x_MsoNormal\">\u00a0Kontaktai pasiteirauti apie studijas:<\/p>\n<p class=\"x_MsoNoSpacing\">&#8211; Vilniaus universiteto \u0160iauli\u0173 akademijoje: Rima Bakutyt\u0117, el. p.\u00a0<a href=\"mailto:rima.bakutyte@sa.vu.lt\" target=\"_blank\" rel=\"noopener noreferrer\" data-auth=\"NotApplicable\" data-linkindex=\"2\">rima.bakutyte@sa.vu.lt<\/a>, tel. +370 41 595851.<\/p>\n<p class=\"x_MsoNoSpacing\">&#8211; Vytauto Did\u017eiojo universitete: Vaida Luk\u0161ien\u0117, el. p.\u00a0<a href=\"mailto:vaida.luksiene@vdu.lt\" target=\"_blank\" rel=\"noopener noreferrer\" data-auth=\"NotApplicable\" data-linkindex=\"3\">vaida.luksiene@vdu.lt<\/a>, tel. +370 37 327875\u00a0ir\u00a0Romut\u0117 \u0160ainer, el. p.\u00a0<a href=\"mailto:romute.sainer@vdu.lt\" target=\"_blank\" rel=\"noopener noreferrer\" data-auth=\"NotApplicable\" data-linkindex=\"4\">romute.sainer@vdu.lt<\/a>, tel. +370 610\u00a0 67303.<\/p>\n<p class=\"x_MsoNoSpacing\">Daugiau informacijos Rita Ba\u0161kien\u0117, el. p.\u00a0<a href=\"mailto:rita.baskiene@nsa.smm.lt\" target=\"_blank\" rel=\"noopener noreferrer\" data-auth=\"NotApplicable\" data-linkindex=\"5\">rita.baskiene@nsa.smm.lt<\/a><\/p>\n","protected":false},"excerpt":{"rendered":"<p>N\u0160A vykdomas projektas \u201eT\u0119sk\u201c si\u016blo pedagogams \u012fgyti specialiosios pedagogin\u0117s pagalbos specialist\u0173 kompetencij\u0173 ir padengti \u0161ias met\u0173 trukm\u0117s studijas. \u0160iais metais 30 studij\u0173 viet\u0173 logopedo kompetencijai \u012fgyti turi Vilniaus universiteto \u0160iauli\u0173 akademija. Po 20 viet\u0173 numatyta tiflopedagogikos ir surdopedagogikos studijoms Vytauto&nbsp;<a href=\"https:\/\/www.nsa.smsm.lt\/old\/2022\/08\/24\/siais-metais-galimybe-studijuoti-specialiosios-pedagogines-pagalbos-programose-turi-250-pedagogu\/\" class=\"placiau\">Pla\u010diau <i class=\"fa fa-caret-right\"><\/i><\/a><\/p>\n","protected":false},"author":5,"featured_media":0,"comment_status":"open","ping_status":"open","sticky":false,"template":"","format":"standard","meta":{"_acf_changed":false,"footnotes":""},"categories":[1,19,21],"tags":[],"class_list":["post-30986","post","type-post","status-publish","format-standard","hentry","category-nacionalines-svietimo-agenturos-naujienos","category-projektu-naujienos","category-naujienu-archyvas"],"acf":[],"_links":{"self":[{"href":"https:\/\/www.nsa.smsm.lt\/old\/wp-json\/wp\/v2\/posts\/30986","targetHints":{"allow":["GET"]}}],"collection":[{"href":"https:\/\/www.nsa.smsm.lt\/old\/wp-json\/wp\/v2\/posts"}],"about":[{"href":"https:\/\/www.nsa.smsm.lt\/old\/wp-json\/wp\/v2\/types\/post"}],"author":[{"embeddable":true,"href":"https:\/\/www.nsa.smsm.lt\/old\/wp-json\/wp\/v2\/users\/5"}],"replies":[{"embeddable":true,"href":"https:\/\/www.nsa.smsm.lt\/old\/wp-json\/wp\/v2\/comments?post=30986"}],"version-history":[{"count":0,"href":"https:\/\/www.nsa.smsm.lt\/old\/wp-json\/wp\/v2\/posts\/30986\/revisions"}],"wp:attachment":[{"href":"https:\/\/www.nsa.smsm.lt\/old\/wp-json\/wp\/v2\/media?parent=30986"}],"wp:term":[{"taxonomy":"category","embeddable":true,"href":"https:\/\/www.nsa.smsm.lt\/old\/wp-json\/wp\/v2\/categories?post=30986"},{"taxonomy":"post_tag","embeddable":true,"href":"https:\/\/www.nsa.smsm.lt\/old\/wp-json\/wp\/v2\/tags?post=30986"}],"curies":[{"name":"wp","href":"https:\/\/api.w.org\/{rel}","templated":true}]}}