{"id":30917,"date":"2022-08-17T14:16:32","date_gmt":"2022-08-17T12:16:32","guid":{"rendered":"https:\/\/www.nsa.smsm.lt\/old\/?p=30917"},"modified":"2022-08-18T13:11:57","modified_gmt":"2022-08-18T11:11:57","slug":"nsa-konsultacijoje-rekomendacijos-itraukiajam-ugdymui","status":"publish","type":"post","link":"https:\/\/www.nsa.smsm.lt\/old\/2022\/08\/17\/nsa-konsultacijoje-rekomendacijos-itraukiajam-ugdymui\/","title":{"rendered":"N\u0160A konsultacijoje \u2013 rekomendacijos \u012ftraukiajam ugdymui"},"content":{"rendered":"<p><strong>2022<\/strong>\u00a0<strong>m. rugpj\u016b\u010dio 24<\/strong>\u00a0<strong>d. (tre\u010diadien\u012f) 13<\/strong>\u00a0<strong>val.<\/strong> vyks vie\u0161oji nuotolin\u0117 konsultacija \u201ePavaduotoj\u0173, vadov\u0173 lyderyst\u0117: naujausi Lietuvos tyr\u0117j\u0173 duomenys ir rekomendacijos d\u0117l \u012ftraukios mokyklos \u017eingsni\u0173 vis\u0173 mokini\u0173 s\u0117kmei\u201c.<\/p>\n<p>\u0160i vie\u0161oji konsultacija yra skirta supa\u017eindinti su 2021\u00a0m. Vytauto Did\u017eiojo universiteto mokslinink\u0173 atlikto tyrimo \u201e<a href=\"https:\/\/spektras.lmt.lt\/anotacija.php?X8d0PhdqYVGpiUk+I2g6RCXnJryx2heCjMQdwYzBTnk=\">Mokini\u0173 patiriami emociniai bei edukaciniai sunkumai ir j\u0173 \u012fveika \u012ftraukiojo ugdymo s\u0105lygomis: COVID-19 kontekstas<\/a>\u201c rezultatais, dalytis \u012f\u017evalgomis, kaip naudoti (taikyti) tyrimo duomenis ir rekomendacijas praktikoje. Per rengin\u012f bus kalbama apie:<\/p>\n<ul>\n<li>ugdymo proceso permodeliavim\u0105;<\/li>\n<li>mokymosi barjer\u0173 \u0161alinim\u0105;<\/li>\n<li>pastoliavimo praktikas;<\/li>\n<li>prisitaikym\u0105 prie speciali\u0173j\u0173 ugdymosi poreiki\u0173 mokini\u0173.<\/li>\n<\/ul>\n<p><strong>PROGRAMA<\/strong><\/p>\n<p><strong>13.05\u201313.35 val.<\/strong> Tyrimo rezultatus pristatys Vytauto Did\u017eiojo universiteto \u0160vietimo akademijos profesor\u0117 dr. Alvyra Galkien\u0117.<\/p>\n<p><strong>13.35\u201314.20<\/strong> <strong>val.<\/strong> Apie tyr\u0117j\u0173 rekomendacij\u0173 taikym\u0105 praktikoje patirtimi ir \u012f\u017evalgomis dalysis Trak\u0173\u00a0r. Sen\u0173j\u0173 Trak\u0173 K\u0119stu\u010dio pagrindin\u0117s mokyklos direktor\u0117 Ramut\u0117 Karpovi\u010dien\u0117, socialinis pedagogas Zbignev Butkevi\u010d; Vilniaus Antakalnio progimnazijos direktorius Tomas Jank\u016bnas, direktoriaus pavaduotoja ugdymui Neringa \u010ciuk\u0161ien\u0117; \u0160iauli\u0173\u00a0r. Dubysos auk\u0161tupio mokyklos direktorius Vaidas Bacys, direktoriaus pavaduotoja ugdymui Simona Mi\u0161kinien\u0117.<\/p>\n<p><strong>Registracija \u012f rengin\u012f b\u016btina.<\/strong><\/p>\n<p>Registracijos nuorod\u0105 rasite <a href=\"https:\/\/forms.office.com\/r\/baQDeuxSPW\">\u010dia<\/a>.<\/p>\n<p>Konsultacija vyks nuotoliniu b\u016bdu \u201eMicrosoft Teams\u201c bendradarbiavimo ir komunikavimo aplinkoje. Nuoroda bus i\u0161si\u0173sta u\u017esiregistravusiems dalyviams dien\u0105 prie\u0161 rengin\u012f.<\/p>\n<p>Maloniai kvie\u010diame registruotis ir dalyvauti!<\/p>\n","protected":false},"excerpt":{"rendered":"<p>2022\u00a0m. rugpj\u016b\u010dio 24\u00a0d. (tre\u010diadien\u012f) 13\u00a0val. vyks vie\u0161oji nuotolin\u0117 konsultacija \u201ePavaduotoj\u0173, vadov\u0173 lyderyst\u0117: naujausi Lietuvos tyr\u0117j\u0173 duomenys ir rekomendacijos d\u0117l \u012ftraukios mokyklos \u017eingsni\u0173 vis\u0173 mokini\u0173 s\u0117kmei\u201c. \u0160i vie\u0161oji konsultacija yra skirta supa\u017eindinti su 2021\u00a0m. Vytauto Did\u017eiojo universiteto mokslinink\u0173 atlikto tyrimo \u201eMokini\u0173&nbsp;<a href=\"https:\/\/www.nsa.smsm.lt\/old\/2022\/08\/17\/nsa-konsultacijoje-rekomendacijos-itraukiajam-ugdymui\/\" class=\"placiau\">Pla\u010diau <i class=\"fa fa-caret-right\"><\/i><\/a><\/p>\n","protected":false},"author":5,"featured_media":0,"comment_status":"open","ping_status":"open","sticky":false,"template":"","format":"standard","meta":{"_acf_changed":false,"footnotes":""},"categories":[1,17,21],"tags":[],"class_list":["post-30917","post","type-post","status-publish","format-standard","hentry","category-nacionalines-svietimo-agenturos-naujienos","category-renginiai","category-naujienu-archyvas"],"acf":[],"_links":{"self":[{"href":"https:\/\/www.nsa.smsm.lt\/old\/wp-json\/wp\/v2\/posts\/30917","targetHints":{"allow":["GET"]}}],"collection":[{"href":"https:\/\/www.nsa.smsm.lt\/old\/wp-json\/wp\/v2\/posts"}],"about":[{"href":"https:\/\/www.nsa.smsm.lt\/old\/wp-json\/wp\/v2\/types\/post"}],"author":[{"embeddable":true,"href":"https:\/\/www.nsa.smsm.lt\/old\/wp-json\/wp\/v2\/users\/5"}],"replies":[{"embeddable":true,"href":"https:\/\/www.nsa.smsm.lt\/old\/wp-json\/wp\/v2\/comments?post=30917"}],"version-history":[{"count":0,"href":"https:\/\/www.nsa.smsm.lt\/old\/wp-json\/wp\/v2\/posts\/30917\/revisions"}],"wp:attachment":[{"href":"https:\/\/www.nsa.smsm.lt\/old\/wp-json\/wp\/v2\/media?parent=30917"}],"wp:term":[{"taxonomy":"category","embeddable":true,"href":"https:\/\/www.nsa.smsm.lt\/old\/wp-json\/wp\/v2\/categories?post=30917"},{"taxonomy":"post_tag","embeddable":true,"href":"https:\/\/www.nsa.smsm.lt\/old\/wp-json\/wp\/v2\/tags?post=30917"}],"curies":[{"name":"wp","href":"https:\/\/api.w.org\/{rel}","templated":true}]}}