{"id":30271,"date":"2022-06-21T12:54:11","date_gmt":"2022-06-21T10:54:11","guid":{"rendered":"https:\/\/www.nsa.smsm.lt\/old\/?p=30271"},"modified":"2022-06-21T13:46:41","modified_gmt":"2022-06-21T11:46:41","slug":"ivyko-konferencija-pedagoginiu-psichologiniu-tarnybu-bendradarbiavimo-galimybes-ir-kryptys","status":"publish","type":"post","link":"https:\/\/www.nsa.smsm.lt\/old\/2022\/06\/21\/ivyko-konferencija-pedagoginiu-psichologiniu-tarnybu-bendradarbiavimo-galimybes-ir-kryptys\/","title":{"rendered":"\u012evyko konferencija \u201ePedagogini\u0173 psichologini\u0173 tarnyb\u0173 bendradarbiavimo galimyb\u0117s ir kryptys\u201d"},"content":{"rendered":"<p>Nacionalin\u0117s \u0161vietimo agent\u016bros \u0160vietimo pagalbos departamento \u012etraukties pl\u0117tros skyrius bir\u017eelio 17 d. organizavo konferencij\u0105 \u201ePedagogini\u0173 psichologini\u0173 tarnyb\u0173 bendradarbiavimo galimyb\u0117s ir kryptys\u201d, skirt\u0105 pedagogini\u0173 psichologini\u0173 tarnyb\u0173 \/ \u0161vietimo pagalbos tarnyb\u0173 specialistams, siekiant didinti pagalbos veiksmingum\u0105 vaikui ir \u0161eimai. Konferencijos metu bendradarbiavimo galimyb\u0117mis ir kryptimis dalinosi gydytojai, vaik\u0173 ir paaugli\u0173 psichiatrai, Lietuvos akl\u0173j\u0173 ir silpnaregi\u0173 bei Lietuvos kur\u010di\u0173j\u0173 ir neprigirdin\u010di\u0173j\u0173 ugdymo centr\u0173 atstovai,\u00a0\u00a0Lietuvos PPT asociacijos prezident\u0117 ir Klaip\u0117dos m. PPT vadov\u0117, Vilniaus m., \u0160aki\u0173 r., \u0160iauli\u0173 m., Vilkavi\u0161kio r., Alytaus m., Pasvalio r., Kauno r.\u00a0 pedagogini\u0173 psichologini\u0173 tarnyb\u0173 vadovai bei \u0161vietimo pagalbos specialistai.<\/p>\n<p><span style=\"font-style: inherit; font-weight: inherit;\">Vaizdo konferencijos \u012fra\u0161as <a href=\"https:\/\/youtu.be\/OzyLbg8nDd4\">\u010dia<\/a><\/span><\/p>\n","protected":false},"excerpt":{"rendered":"<p>Nacionalin\u0117s \u0161vietimo agent\u016bros \u0160vietimo pagalbos departamento \u012etraukties pl\u0117tros skyrius bir\u017eelio 17 d. organizavo konferencij\u0105 \u201ePedagogini\u0173 psichologini\u0173 tarnyb\u0173 bendradarbiavimo galimyb\u0117s ir kryptys\u201d, skirt\u0105 pedagogini\u0173 psichologini\u0173 tarnyb\u0173 \/ \u0161vietimo pagalbos tarnyb\u0173 specialistams, siekiant didinti pagalbos veiksmingum\u0105 vaikui ir \u0161eimai. Konferencijos metu bendradarbiavimo&nbsp;<a href=\"https:\/\/www.nsa.smsm.lt\/old\/2022\/06\/21\/ivyko-konferencija-pedagoginiu-psichologiniu-tarnybu-bendradarbiavimo-galimybes-ir-kryptys\/\" class=\"placiau\">Pla\u010diau <i class=\"fa fa-caret-right\"><\/i><\/a><\/p>\n","protected":false},"author":5,"featured_media":0,"comment_status":"open","ping_status":"open","sticky":false,"template":"","format":"standard","meta":{"_acf_changed":false,"footnotes":""},"categories":[17,21],"tags":[],"class_list":["post-30271","post","type-post","status-publish","format-standard","hentry","category-renginiai","category-naujienu-archyvas"],"acf":[],"_links":{"self":[{"href":"https:\/\/www.nsa.smsm.lt\/old\/wp-json\/wp\/v2\/posts\/30271","targetHints":{"allow":["GET"]}}],"collection":[{"href":"https:\/\/www.nsa.smsm.lt\/old\/wp-json\/wp\/v2\/posts"}],"about":[{"href":"https:\/\/www.nsa.smsm.lt\/old\/wp-json\/wp\/v2\/types\/post"}],"author":[{"embeddable":true,"href":"https:\/\/www.nsa.smsm.lt\/old\/wp-json\/wp\/v2\/users\/5"}],"replies":[{"embeddable":true,"href":"https:\/\/www.nsa.smsm.lt\/old\/wp-json\/wp\/v2\/comments?post=30271"}],"version-history":[{"count":0,"href":"https:\/\/www.nsa.smsm.lt\/old\/wp-json\/wp\/v2\/posts\/30271\/revisions"}],"wp:attachment":[{"href":"https:\/\/www.nsa.smsm.lt\/old\/wp-json\/wp\/v2\/media?parent=30271"}],"wp:term":[{"taxonomy":"category","embeddable":true,"href":"https:\/\/www.nsa.smsm.lt\/old\/wp-json\/wp\/v2\/categories?post=30271"},{"taxonomy":"post_tag","embeddable":true,"href":"https:\/\/www.nsa.smsm.lt\/old\/wp-json\/wp\/v2\/tags?post=30271"}],"curies":[{"name":"wp","href":"https:\/\/api.w.org\/{rel}","templated":true}]}}